{"id":6737,"date":"2025-07-24T22:07:41","date_gmt":"2025-07-25T01:07:41","guid":{"rendered":"https:\/\/www.enorsai.com\/noticias\/?p=6737"},"modified":"2025-07-25T00:30:12","modified_gmt":"2025-07-25T03:30:12","slug":"suenos-escondidos-en-el-mar-una-historia-de-inmigrantes","status":"publish","type":"post","link":"https:\/\/www.enorsai.com\/noticias\/cultura\/suenos-escondidos-en-el-mar-una-historia-de-inmigrantes\/","title":{"rendered":"\u201cSue\u00f1os escondidos en el mar\u201d Una historia de inmigrantes"},"content":{"rendered":"\n<p>En un delicado cruce entre memoria, poes\u00eda y m\u00fasica, \u201cSue\u00f1os escondidos en el mar\u201d nos sumerge en una traves\u00eda de identidades, p\u00e9rdidas y reconstrucciones. La obra narra el encuentro de cinco mujeres inmigrantes que llegan a Buenos Aires en tiempos en los que Argentina era \u201cla tierra prometida\u201d. Dolidas por las guerras, la persecuci\u00f3n y el desarraigo, traen consigo valijas llenas de recuerdos, sabores, costumbres y sue\u00f1os. En el patio de un conventillo, ese espacio de convivencia y ternura, tejen lazos entre ellas, entre el pasado y el presente, entre lo que dejaron atr\u00e1s y lo que est\u00e1n por construir.<\/p>\n\n\n\n<figure class=\"wp-block-image size-large\"><img loading=\"lazy\" decoding=\"async\" width=\"1024\" height=\"1024\" src=\"https:\/\/www.enorsai.com\/noticias\/wp-content\/uploads\/2025\/07\/1000870730-1024x1024.jpg\" alt=\"\" class=\"wp-image-6739\" srcset=\"https:\/\/www.enorsai.com\/noticias\/wp-content\/uploads\/2025\/07\/1000870730-1024x1024.jpg 1024w, https:\/\/www.enorsai.com\/noticias\/wp-content\/uploads\/2025\/07\/1000870730-300x300.jpg 300w, https:\/\/www.enorsai.com\/noticias\/wp-content\/uploads\/2025\/07\/1000870730-150x150.jpg 150w, https:\/\/www.enorsai.com\/noticias\/wp-content\/uploads\/2025\/07\/1000870730-768x768.jpg 768w, https:\/\/www.enorsai.com\/noticias\/wp-content\/uploads\/2025\/07\/1000870730.jpg 1080w\" sizes=\"auto, (max-width: 1024px) 100vw, 1024px\" \/><\/figure>\n\n\n\n<p>Lejos de ofrecer una cronolog\u00eda lineal o realista, la puesta propone una est\u00e9tica on\u00edrica y atemporal. Una golondrina y un zorzal \u2014s\u00edmbolos de migraci\u00f3n, m\u00fasica y esperanza\u2014 acompa\u00f1an a estas mujeres como figuras po\u00e9ticas que hilvanan sus relatos. La obra se convierte as\u00ed en un canto colectivo, en el que las historias personales dialogan con una historia universal: la de quienes migran, resisten, sue\u00f1an y vuelven a empezar.<\/p>\n\n\n\n<p>El texto y la actuaci\u00f3n emergen del trabajo creativo del elenco, que parte de las historias reales de sus antepasadas. Este gesto transforma la obra en un ritual de homenaje y de afirmaci\u00f3n identitaria. La direcci\u00f3n de Virginia Lago gu\u00eda con sensibilidad este proceso, equilibrando emoci\u00f3n y contenci\u00f3n, memoria y belleza.<\/p>\n\n\n\n<figure class=\"wp-block-image size-large\"><img loading=\"lazy\" decoding=\"async\" width=\"1024\" height=\"951\" src=\"https:\/\/www.enorsai.com\/noticias\/wp-content\/uploads\/2025\/07\/1000870597-1024x951.jpg\" alt=\"\" class=\"wp-image-6738\" srcset=\"https:\/\/www.enorsai.com\/noticias\/wp-content\/uploads\/2025\/07\/1000870597-1024x951.jpg 1024w, https:\/\/www.enorsai.com\/noticias\/wp-content\/uploads\/2025\/07\/1000870597-300x279.jpg 300w, https:\/\/www.enorsai.com\/noticias\/wp-content\/uploads\/2025\/07\/1000870597-768x713.jpg 768w, https:\/\/www.enorsai.com\/noticias\/wp-content\/uploads\/2025\/07\/1000870597-1536x1427.jpg 1536w, https:\/\/www.enorsai.com\/noticias\/wp-content\/uploads\/2025\/07\/1000870597.jpg 1600w\" sizes=\"auto, (max-width: 1024px) 100vw, 1024px\" \/><\/figure>\n\n\n\n<p>Virginia Lago es una de las figuras m\u00e1s queridas y respetadas de la escena argentina. Con una trayectoria que abarca m\u00e1s de cinco d\u00e9cadas, se ha destacado como actriz y directora tanto en teatro como en cine y televisi\u00f3n. Ha trabajado bajo la direcci\u00f3n de grandes maestros y ha protagonizado t\u00edtulos emblem\u00e1ticos como \u201cEva y Victoria\u201d, \u201cLa malasangre\u201d o \u201cFiebre de heno\u201d. Tambi\u00e9n fue una presencia entra\u00f1able en la televisi\u00f3n, especialmente recordada por su ciclo \u201cHistorias de coraz\u00f3n\u201d. Due\u00f1a de una est\u00e9tica delicada y profundamente humana, en esta obra despliega su sensibilidad como directora, abrazando los relatos de otras mujeres con calidez y po\u00e9tica profundidad.<\/p>\n\n\n\n<p><strong>Ficha T\u00e9cnica<\/strong><\/p>\n\n\n\n<p>-Direcci\u00f3n General: Virginia Lago.<\/p>\n\n\n\n<p>-Asistente de Direcci\u00f3n: Mabel Chamorro.<\/p>\n\n\n\n<p>-Dise\u00f1o Est\u00e9tico: Virginia Lago.<\/p>\n\n\n\n<p>-Elenco: Stella Cazal, Sonia Grimberg, Gabriela Sintas, Liliana Simsi, Paula Trucchi y la Golondrina Virginia Lago.<\/p>\n\n\n\n<p>-Direcci\u00f3n Musical y M\u00fasico en Escena: Mario Corredera.<\/p>\n\n\n\n<p>Producci\u00f3n: Claudia Quinteros<\/p>\n\n\n\n<p>Teatro \u00abAndamio 90\u00bb<\/p>\n\n\n\n<p>Paran\u00e1 662 ~ CABA<\/p>\n\n\n\n<p>Domingos 19:30 hs<\/p>\n\n\n\n<p><\/p>\n","protected":false},"excerpt":{"rendered":"<p>En un delicado cruce entre memoria, poes\u00eda y m\u00fasica, \u201cSue\u00f1os escondidos en el mar\u201d nos sumerge en una traves\u00eda de identidades, p\u00e9rdidas y reconstrucciones. La obra narra el encuentro de cinco mujeres inmigrantes que llegan a Buenos Aires en tiempos en los que Argentina era \u201cla tierra prometida\u201d. Dolidas por las guerras, la persecuci\u00f3n y&#8230;<\/p>\n","protected":false},"author":15,"featured_media":6743,"comment_status":"open","ping_status":"open","sticky":false,"template":"","format":"standard","meta":{"_monsterinsights_skip_tracking":false,"_monsterinsights_sitenote_active":false,"_monsterinsights_sitenote_note":"","_monsterinsights_sitenote_category":0,"footnotes":"","jetpack_publicize_message":"","jetpack_publicize_feature_enabled":true,"jetpack_social_post_already_shared":true,"jetpack_social_options":{"image_generator_settings":{"template":"highway","default_image_id":0,"font":"","enabled":false},"version":2}},"categories":[5,1585],"tags":[663,664,535,907],"class_list":["post-6737","post","type-post","status-publish","format-standard","has-post-thumbnail","hentry","category-cultura","category-cultura-teatro","tag-cultura","tag-identidad","tag-inmigrantes","tag-teatro"],"jetpack_publicize_connections":[],"_links":{"self":[{"href":"https:\/\/www.enorsai.com\/noticias\/wp-json\/wp\/v2\/posts\/6737","targetHints":{"allow":["GET"]}}],"collection":[{"href":"https:\/\/www.enorsai.com\/noticias\/wp-json\/wp\/v2\/posts"}],"about":[{"href":"https:\/\/www.enorsai.com\/noticias\/wp-json\/wp\/v2\/types\/post"}],"author":[{"embeddable":true,"href":"https:\/\/www.enorsai.com\/noticias\/wp-json\/wp\/v2\/users\/15"}],"replies":[{"embeddable":true,"href":"https:\/\/www.enorsai.com\/noticias\/wp-json\/wp\/v2\/comments?post=6737"}],"version-history":[{"count":3,"href":"https:\/\/www.enorsai.com\/noticias\/wp-json\/wp\/v2\/posts\/6737\/revisions"}],"predecessor-version":[{"id":6746,"href":"https:\/\/www.enorsai.com\/noticias\/wp-json\/wp\/v2\/posts\/6737\/revisions\/6746"}],"wp:featuredmedia":[{"embeddable":true,"href":"https:\/\/www.enorsai.com\/noticias\/wp-json\/wp\/v2\/media\/6743"}],"wp:attachment":[{"href":"https:\/\/www.enorsai.com\/noticias\/wp-json\/wp\/v2\/media?parent=6737"}],"wp:term":[{"taxonomy":"category","embeddable":true,"href":"https:\/\/www.enorsai.com\/noticias\/wp-json\/wp\/v2\/categories?post=6737"},{"taxonomy":"post_tag","embeddable":true,"href":"https:\/\/www.enorsai.com\/noticias\/wp-json\/wp\/v2\/tags?post=6737"}],"curies":[{"name":"wp","href":"https:\/\/api.w.org\/{rel}","templated":true}]}}