{"id":6730,"date":"2025-07-24T20:18:31","date_gmt":"2025-07-24T23:18:31","guid":{"rendered":"https:\/\/www.enorsai.com\/noticias\/?p=6730"},"modified":"2025-07-24T20:18:31","modified_gmt":"2025-07-24T23:18:31","slug":"escandalo-en-la-nacion-saguier-vs-esmeralda-mitre-por-1-500-millones-y-un-marques-en-monaco","status":"publish","type":"post","link":"https:\/\/www.enorsai.com\/noticias\/politica\/escandalo-en-la-nacion-saguier-vs-esmeralda-mitre-por-1-500-millones-y-un-marques-en-monaco\/","title":{"rendered":"Esc\u00e1ndalo en La Naci\u00f3n: Saguier vs Esmeralda Mitre por $1.500 millones y un marqu\u00e9s en M\u00f3naco"},"content":{"rendered":"\n<h2 class=\"wp-block-heading\">Esto no lo vas a leer en La Naci\u00f3n ni escuchar en LN+<\/h2>\n\n\n\n<p>\u00bfQu\u00e9 pas\u00f3 en la asamblea accionaria entre los Saguier y <strong>@EsmeraldaMitre<\/strong>? \u00bfLos Saguier quer\u00edan repartirse 1500 millones de pesos?<\/p>\n\n\n\n<p> (<strong>Por Juan Alonso @jotaalonso Periodista. Premio Walsh 2017<\/strong>)   El que aparece mirando el foco de la c\u00e1mara se llama <strong>Lucas Cinto Courtaux<\/strong>. Se trata del sobrino del represor y ex jefe de secci\u00f3n de Inteligencia del Ej\u00e9rcito durante la dictadura, <strong>Marcelo Cinto Courtaux<\/strong> (pr\u00f3fugo hasta 2017) y en la actualidad preso por delitos de lesa humanidad.<\/p>\n\n\n\n<h2 class=\"wp-block-heading\">\u00bfQui\u00e9n representa a qui\u00e9n en el poder oculto de La Naci\u00f3n?<\/h2>\n\n\n\n<p>\u00bfA qui\u00e9n representa el sobrino del represor? A un marqu\u00e9s llamado <strong>Federico Sp\u00ednola<\/strong> que tiene residencia en <strong>M\u00f3naco<\/strong> \u2014una guarida fiscal\u2014 despu\u00e9s de apoderarse de las acciones de <strong>Bartolom\u00e9 Mitre<\/strong>, padre de Esmeralda.<\/p>\n\n\n\n<p>\u00bfLucas Cinto Courtaux ser\u00eda el nexo entre <strong>Victoria Villarruel<\/strong> y los represores que fueron visitados por un grupo de diputados y diputadas de LLA? \u00bfEstar\u00eda vinculado con funcionarios de los <strong>Milei<\/strong>?<\/p>\n\n\n\n<p>Aparece en una <strong>asamblea del Grupo La Naci\u00f3n<\/strong>.<\/p>\n\n\n\n<h2 class=\"wp-block-heading\">El intento de los Saguier: repartir millones en feria judicial<\/h2>\n\n\n\n<p>Todo comenz\u00f3 mal. Las fuentes cuentan que <strong>los Saguier<\/strong> quisieron aprovechar la <strong>feria judicial<\/strong> y convocaron a la asamblea para aprobar el balance y <strong>repartirse 1500 millones de pesos<\/strong>. Uno de los Saguier cobrar\u00eda 400 millones de pesos. Hasta ah\u00ed las reglas del capitalismo salvaje.<\/p>\n\n\n\n<p>Sucedi\u00f3 que <strong>Esmeralda Mitre<\/strong> y sus abogados, entre ellos <strong>@danielllermanos<\/strong>, se opusieron y rechazaron el balance. Adem\u00e1s de exigir una <strong>auditor\u00eda interna<\/strong> de los gastos y ganancias de la compa\u00f1\u00eda, que incluir\u00eda el diario, el portal, el canal de noticias, Movistar Arena, Papel Prensa, y ExpoAgro.<\/p>\n\n\n\n<h2 class=\"wp-block-heading\">La pelea por el capital: Nueva York, M\u00f3naco y los herederos<\/h2>\n\n\n\n<p>Esmeralda, representante de la minor\u00eda y heredera de Bartolom\u00e9 Mitre que ten\u00eda un 22% con una sola sociedad llamada <strong>KMB<\/strong> \u2014radicada en Nueva York\u2014, se neg\u00f3 a que el marqu\u00e9s Sp\u00ednola \u2014representado por Cinto Courtaux\u2014 pudiese apoderarse de una <strong>partida de capital<\/strong> que los Saguier habr\u00edan pretendido girarle al exterior.<\/p>\n\n\n\n<p>El marqu\u00e9s Sp\u00ednola ser\u00eda vecino de una antigua pareja de la esposa de Mauricio Macri, <strong>Juliana Awada<\/strong>, en M\u00f3naco. <strong>Bruno Barbier<\/strong> se hace llamar \u00abconde\u00bb.<\/p>\n\n\n\n<h2 class=\"wp-block-heading\">Entre condes, intentos de secuestro y disputas familiares<\/h2>\n\n\n\n<p>Al menos, Ra\u00fal Bar\u00f3n Biza era de verdad en su locura infernal. Su hijo <strong>Jorge Bar\u00f3n Biza<\/strong> nos dej\u00f3 uno de los mejores libros de la literatura argentina: <em>\u00abEl desierto y su semilla\u00bb<\/em>: el declive con profundo rencor tr\u00e1gico de una familia millonaria de Argentina.<\/p>\n\n\n\n<p>En la asamblea de La Naci\u00f3n no hubo \u00e1cido sulf\u00farico, por suerte. Abundaron los <strong>gritos<\/strong> y no pocas <strong>chicanas<\/strong>.<\/p>\n\n\n\n<p>El a\u00f1o pasado Esmeralda fue v\u00edctima de un intento de <strong>secuestro<\/strong> con la intenci\u00f3n de declararla insana y apartarla de la puja por la herencia de su padre. Por eso el clima con sus socios se puso tan denso que la minor\u00eda <strong>llam\u00f3 a votar el directorio<\/strong>. Un grupo de filmaci\u00f3n con ropa de La Naci\u00f3n, cuentan los testigos, registr\u00f3 los hechos.<\/p>\n\n\n\n<p>Se vot\u00f3 que la minor\u00eda de los Mitre ser\u00eda representada por <strong>Mart\u00edn<\/strong>, <strong>Bartolom\u00e9<\/strong>, y una persona de doble apellido en nombre de <strong>Mar\u00eda Elisa Mitre<\/strong>, t\u00eda de Esmeralda.<\/p>\n\n\n\n<h2 class=\"wp-block-heading\">El final abierto: exigencia de actas y filmaci\u00f3n de la asamblea<\/h2>\n\n\n\n<p>La inquina deriv\u00f3 en que los Saguier habr\u00edan pretendido <strong>anular la asamblea<\/strong> con el escribano sentado alrededor de la mesa. Ahora la defensa de Esmeralda, compuesta por <strong>Gabriel Len<\/strong> y <strong>Llermanos<\/strong>, intercambia mails con la direcci\u00f3n jur\u00eddica de La Naci\u00f3n y exige obtener la <strong>filmaci\u00f3n y el acta<\/strong>.<\/p>\n\n\n\n<blockquote class=\"wp-block-quote is-layout-flow wp-block-quote-is-layout-flow\">\n<p>\u00abLas malas personas no pueden ser buenos periodistas, solo as\u00ed se puede intentar comprender a las dem\u00e1s personas, sus intenciones, su fe, sus intereses, sus dificultades, sus tragedias\u00bb, dijo <strong>Kapu\u015bci\u0144ski<\/strong>, autor de <em>\u00abLos c\u00ednicos no sirven para este oficio\u00bb<\/em>, Anagrama, 2013. <\/p>\n\n\n\n<p><strong>Por Juan Alonso @jotaalonso Periodista. Premio Walsh 2017.<\/strong><\/p>\n<\/blockquote>\n\n\n\n<p><\/p>\n","protected":false},"excerpt":{"rendered":"<p>Los Saguier intentaron aprobar en secreto un reparto de $1.500 millones. Esmeralda Mitre rechaz\u00f3 el balance y denunci\u00f3 una maniobra turbia en La Naci\u00f3n.<\/p>\n","protected":false},"author":4,"featured_media":6731,"comment_status":"open","ping_status":"open","sticky":false,"template":"","format":"standard","meta":{"_monsterinsights_skip_tracking":false,"_monsterinsights_sitenote_active":false,"_monsterinsights_sitenote_note":"","_monsterinsights_sitenote_category":0,"footnotes":"","jetpack_publicize_message":"Los Saguier intentaron aprobar en secreto un reparto de $1.500 millones. Esmeralda Mitre rechaz\u00f3 el balance y denunci\u00f3 una maniobra turbia en La Naci\u00f3n.","jetpack_publicize_feature_enabled":true,"jetpack_social_post_already_shared":false,"jetpack_social_options":{"image_generator_settings":{"template":"highway","default_image_id":0,"enabled":false},"version":2}},"categories":[2,4],"tags":[2228,2204,2209,2218,2235,2224,2217,2232,2220,2229,2205,2201,2215,2202,2206,2231,2226,2200,2230,2234,2214,2222,2225,2216,2223,2236,2203,2211,516,2210,2233,2237,2208,2212,2213,2207,2239,2227,2221,2238,2219],"class_list":["post-6730","post","type-post","status-publish","format-standard","has-post-thumbnail","hentry","category-politica","category-sociedad","tag-acta-secreta-la-nacion","tag-asamblea-accionaria","tag-bartolome-mitre","tag-bruno-barbier","tag-censura-en-la-nacion","tag-cinto-courtaux-lesa-humanidad","tag-conde-barbier","tag-daniel-llermanos","tag-diputados-lla","tag-directorio-en-disputa","tag-escandalo-en-la-nacion","tag-esmeralda-mitre","tag-expoagro","tag-familia-saguier","tag-federico-spinola","tag-gabriel-len","tag-gritos-en-asamblea","tag-grupo-la-nacion","tag-guerra-accionaria","tag-herencia-millonaria","tag-herencia-mitre","tag-inteligencia-militar-dictadura","tag-intento-de-declarar-insana","tag-juliana-awada","tag-kmb-sociedad-nueva-york","tag-lo-que-los-medios-no-cuentan","tag-lucas-cinto-courtaux","tag-marques-spinola","tag-mauricio-macri","tag-medios-concentrados","tag-medios-y-poder","tag-milei-y-los-medios","tag-monaco-offshore","tag-movistar-arena","tag-papel-prensa","tag-reparto-de-ganancias-la-nacion","tag-saguier-pap","tag-tentativa-de-secuestro","tag-victoria-villarruel","tag-villarruel-y-la-dictadura","tag-vinculos-con-represores"],"jetpack_publicize_connections":[],"_links":{"self":[{"href":"https:\/\/www.enorsai.com\/noticias\/wp-json\/wp\/v2\/posts\/6730","targetHints":{"allow":["GET"]}}],"collection":[{"href":"https:\/\/www.enorsai.com\/noticias\/wp-json\/wp\/v2\/posts"}],"about":[{"href":"https:\/\/www.enorsai.com\/noticias\/wp-json\/wp\/v2\/types\/post"}],"author":[{"embeddable":true,"href":"https:\/\/www.enorsai.com\/noticias\/wp-json\/wp\/v2\/users\/4"}],"replies":[{"embeddable":true,"href":"https:\/\/www.enorsai.com\/noticias\/wp-json\/wp\/v2\/comments?post=6730"}],"version-history":[{"count":1,"href":"https:\/\/www.enorsai.com\/noticias\/wp-json\/wp\/v2\/posts\/6730\/revisions"}],"predecessor-version":[{"id":6732,"href":"https:\/\/www.enorsai.com\/noticias\/wp-json\/wp\/v2\/posts\/6730\/revisions\/6732"}],"wp:featuredmedia":[{"embeddable":true,"href":"https:\/\/www.enorsai.com\/noticias\/wp-json\/wp\/v2\/media\/6731"}],"wp:attachment":[{"href":"https:\/\/www.enorsai.com\/noticias\/wp-json\/wp\/v2\/media?parent=6730"}],"wp:term":[{"taxonomy":"category","embeddable":true,"href":"https:\/\/www.enorsai.com\/noticias\/wp-json\/wp\/v2\/categories?post=6730"},{"taxonomy":"post_tag","embeddable":true,"href":"https:\/\/www.enorsai.com\/noticias\/wp-json\/wp\/v2\/tags?post=6730"}],"curies":[{"name":"wp","href":"https:\/\/api.w.org\/{rel}","templated":true}]}}