{"id":6719,"date":"2025-07-24T16:38:11","date_gmt":"2025-07-24T19:38:11","guid":{"rendered":"https:\/\/www.enorsai.com\/noticias\/?p=6719"},"modified":"2025-07-24T16:38:18","modified_gmt":"2025-07-24T19:38:18","slug":"la-violencia-hecha-tuit-mas-de-1500-insultos-de-javier-milei-en-redes-sociales-en-apenas-dos-anos-de-gobierno","status":"publish","type":"post","link":"https:\/\/www.enorsai.com\/noticias\/politica\/la-violencia-hecha-tuit-mas-de-1500-insultos-de-javier-milei-en-redes-sociales-en-apenas-dos-anos-de-gobierno\/","title":{"rendered":"La violencia hecha tuit: M\u00e1s de 1500 insultos de Javier Milei en redes sociales en apenas dos a\u00f1os de gobierno"},"content":{"rendered":"\n<p><strong><em>Desde que asumi\u00f3 la presidencia, el l\u00edder libertario se dedic\u00f3 a degradar la investidura con un in\u00e9dito volumen de agresiones p\u00fablicas. Un repertorio de agravios que retrata no solo su estilo, sino una peligrosa forma de ejercer el poder. En tan solo dos a\u00f1os al frente del Ejecutivo, Javier Milei comparti\u00f3 m\u00e1s de 1500 publicaciones con insultos, improperios y descalificaciones personales en sus redes sociales. Detr\u00e1s de esta ret\u00f3rica violenta se esconde una estrategia discursiva que erosiona la institucionalidad, degrada el debate democr\u00e1tico y perpet\u00faa un modelo de liderazgo basado en la agresi\u00f3n constante como forma de control social.<\/em><\/strong><\/p>\n\n\n\n<p>La figura presidencial, hist\u00f3ricamente asociada al respeto institucional, al liderazgo moderado y al discurso de unidad, ha sido reemplazada por un show de furia digital constante. En tan solo 24 meses de gesti\u00f3n, Javier Milei \u2014el primer presidente argentino que lleg\u00f3 al poder sin una estructura tradicional ni gobernadores que lo respalden\u2014 convirti\u00f3 sus redes sociales, especialmente X (ex Twitter), en trincheras de combate. Seg\u00fan el relevamiento realizado por <em>BAE Negocios<\/em>, el mandatario comparti\u00f3 m\u00e1s de <strong>1500 publicaciones con insultos<\/strong>, agresiones o descalificaciones personales desde que asumi\u00f3 el 10 de diciembre de 2023. El n\u00famero no solo es escandaloso: es hist\u00f3rico. Nunca antes un presidente argentino hab\u00eda sostenido un nivel de violencia verbal semejante desde la cuenta oficial de la m\u00e1xima autoridad del pa\u00eds.<\/p>\n\n\n\n<p>La cifra, alarmante en s\u00ed misma, se vuelve a\u00fan m\u00e1s inquietante cuando se observa la progresi\u00f3n: durante su primer a\u00f1o en la Casa Rosada, Milei promedi\u00f3 <strong>al menos dos insultos diarios<\/strong>. \u00bfSu blanco favorito? Casi siempre, los periodistas, los artistas, los pol\u00edticos opositores y, por supuesto, \u201cla casta\u201d. La l\u00f3gica es simple y brutal: quien piensa distinto no merece argumentos, sino humillaci\u00f3n p\u00fablica. Lo que antes era propio del rinc\u00f3n m\u00e1s t\u00f3xico de las redes ahora habita en la cuenta oficial del Presidente de la Naci\u00f3n.<\/p>\n\n\n\n<p>Pero no se trata solo de una cuesti\u00f3n de estilo, como suelen justificar sus defensores. Detr\u00e1s del insulto permanente hay una maquinaria de comunicaci\u00f3n que se alimenta del odio. Milei no insulta al pasar: elige cuidadosamente cu\u00e1ndo y a qui\u00e9n. Sus publicaciones no surgen en medio de debates pol\u00edticos reales, sino como parte de una estrategia deliberada para construir un enemigo permanente. En una sociedad fracturada, ese m\u00e9todo puede dar r\u00e9ditos pol\u00edticos, pero destruye todo a su paso: la confianza en las instituciones, el di\u00e1logo democr\u00e1tico y hasta la salud mental del debate p\u00fablico.<\/p>\n\n\n\n<p>Entre los adjetivos m\u00e1s frecuentes se repiten con obsesiva insistencia: \u201cimb\u00e9cil\u201d, \u201cburro\u201d, \u201cin\u00fatil\u201d, \u201cmentiroso\u201d, \u201czurdos de mierda\u201d, \u201cpar\u00e1sitos\u201d, \u201cdelincuentes\u201d. No hay iron\u00eda ni sutileza. Solo violencia cruda, directa, obscena. Esta catarata de odio no solo viene de su cuenta personal. Tambi\u00e9n se replica \u2014con evidente coordinaci\u00f3n\u2014 en las cuentas de sus funcionarios, como su hermana Karina Milei, el vocero presidencial Manuel Adorni, e incluso ministros como Patricia Bullrich o Sandra Pettovello, quienes tambi\u00e9n adoptaron el tono pendenciero como norma.<\/p>\n\n\n\n<p>Mientras tanto, los problemas estructurales del pa\u00eds siguen sin respuesta. La inflaci\u00f3n no cede, los salarios siguen en ca\u00edda libre, la recesi\u00f3n se profundiza, y el desmantelamiento del Estado avanza sin control. En lugar de gestionar, Milei prefiere tuitear. En lugar de rendir cuentas, insulta. La virtualidad se ha vuelto su \u00fanico campo de acci\u00f3n eficaz. La calle, los hospitales, las universidades, los barrios populares, quedan completamente fuera de su radar, salvo cuando los utiliza como blanco de sus burlas.<\/p>\n\n\n\n<p>El fen\u00f3meno no es nuevo: ya durante su campa\u00f1a como candidato a diputado nacional, Milei cultiv\u00f3 una imagen de outsider furioso. Lo que s\u00ed resulta in\u00e9dito \u2014y profundamente peligroso\u2014 es que haya trasladado esa actitud a la Presidencia sin ning\u00fan tipo de moderaci\u00f3n. La investidura no le impuso l\u00edmites, sino que potenci\u00f3 su agresividad. Cada publicaci\u00f3n insultante, cada retuit cargado de odio, refuerza una cultura pol\u00edtica degradada que ya no debate ideas sino que cancela personas.<\/p>\n\n\n\n<p>En democracia, los gestos importan. El tono importa. La palabra presidencial no es una m\u00e1s. Cuando un presidente insulta, agrede, humilla o descalifica, lo hace desde un lugar de poder que deja al otro indefenso. No es un ciudadano cualquiera tuiteando desde el sof\u00e1: es el jefe de Estado. Y eso deber\u00eda ser incompatible con la violencia. Sin embargo, con Milei, esa violencia no solo es aceptada: es celebrada por sus seguidores, amplificada por sus medios afines y justificada con argumentos de una superficialidad alarmante.<\/p>\n\n\n\n<p>La pregunta que queda flotando es: \u00bfcu\u00e1nto m\u00e1s se puede tensar el tejido democr\u00e1tico sin que termine por romperse? El discurso de odio tiene consecuencias. No se queda en las pantallas. Se traduce en acoso, en censura, en silencios forzados, en miedo. Muchos periodistas ya han denunciado hostigamientos por parte del aparato libertario digital. Acad\u00e9micos, docentes y artistas han sido blanco de campa\u00f1as de difamaci\u00f3n. Todo aquel que se atreve a cuestionar el relato oficial es arrojado al ring de los insultos, sin posibilidad de defensa.<\/p>\n\n\n\n<p>Mientras tanto, el propio Milei se victimiza. Afirma ser el \u201cm\u00e1s agredido de todos\u201d, el \u201c\u00fanico que dice la verdad\u201d, el \u201cle\u00f3n\u201d acorralado por \u201cratas cobardes\u201d. Pero la realidad muestra algo muy distinto: un presidente que gobierna a trav\u00e9s de las redes, que prefiere el insulto a la ley, el tuit a la pol\u00edtica, el agravio a la propuesta. Y lo m\u00e1s alarmante: un electorado cada vez m\u00e1s acostumbrado a esa l\u00f3gica de violencia permanente, donde gritar m\u00e1s fuerte parece ser la \u00fanica forma de ganar.<\/p>\n\n\n\n<p>Si algo queda claro tras los primeros dos a\u00f1os de gesti\u00f3n es que Javier Milei no piensa cambiar. Sus m\u00e1s de 1500 insultos p\u00fablicos no son un desliz ni una provocaci\u00f3n aislada: son la columna vertebral de su modo de ejercer el poder. No gobierna para todos. Gobierna contra muchos. Y lo hace con una furia cuidadosamente calibrada que busca, a cada paso, convertir el espacio p\u00fablico en una jaur\u00eda de odio.<\/p>\n\n\n\n<p>La historia juzgar\u00e1 si esta estrategia, sostenida en el escarnio, fue \u00fatil para transformar el pa\u00eds o si, por el contrario, nos dej\u00f3 sumidos en una degradaci\u00f3n institucional sin retorno. Lo cierto es que hoy, a mitad de su mandato, el saldo es claro: m\u00e1s insultos que soluciones, m\u00e1s enemigos imaginarios que pol\u00edticas reales, m\u00e1s likes que resultados. Y eso, en un pa\u00eds agobiado por la pobreza, el hambre y la incertidumbre, no es solo preocupante: es criminal.<\/p>\n\n\n\n<p><strong>Fuente:<\/strong><br><a class=\"\" href=\"https:\/\/www.baenegocios.com\/politica\/Record-presidencial-en-dos-anos-de-gestion-Javier-Milei-compartio-mas-de-1500-insultos-en-sus-redes-sociales-20250724-0028.html\">https:\/\/www.baenegocios.com\/politica\/Record-presidencial-en-dos-anos-de-gestion-Javier-Milei-compartio-mas-de-1500-insultos-en-sus-redes-sociales-20250724-0028.html<\/a><\/p>\n","protected":false},"excerpt":{"rendered":"<p>Desde que asumi\u00f3 la presidencia, el l\u00edder libertario se dedic\u00f3 a degradar la investidura con un in\u00e9dito volumen de agresiones p\u00fablicas. Un repertorio de agravios que retrata no solo su estilo, sino una peligrosa forma de ejercer el poder. En tan solo dos a\u00f1os al frente del Ejecutivo, Javier Milei comparti\u00f3 m\u00e1s de 1500 publicaciones&#8230;<\/p>\n","protected":false},"author":12,"featured_media":6721,"comment_status":"open","ping_status":"open","sticky":false,"template":"","format":"standard","meta":{"_monsterinsights_skip_tracking":false,"_monsterinsights_sitenote_active":false,"_monsterinsights_sitenote_note":"","_monsterinsights_sitenote_category":0,"footnotes":"","jetpack_publicize_message":"","jetpack_publicize_feature_enabled":true,"jetpack_social_post_already_shared":true,"jetpack_social_options":{"image_generator_settings":{"template":"highway","default_image_id":0,"font":"","enabled":false},"version":2}},"categories":[2],"tags":[93,209,1254,27,1834,45,72,2196,925,711],"class_list":["post-6719","post","type-post","status-publish","format-standard","has-post-thumbnail","hentry","category-politica","tag-argentina","tag-democracia","tag-discurso","tag-gobierno","tag-insultos","tag-milei","tag-politica","tag-presidencialismo","tag-redes","tag-violencia"],"jetpack_publicize_connections":[],"_links":{"self":[{"href":"https:\/\/www.enorsai.com\/noticias\/wp-json\/wp\/v2\/posts\/6719","targetHints":{"allow":["GET"]}}],"collection":[{"href":"https:\/\/www.enorsai.com\/noticias\/wp-json\/wp\/v2\/posts"}],"about":[{"href":"https:\/\/www.enorsai.com\/noticias\/wp-json\/wp\/v2\/types\/post"}],"author":[{"embeddable":true,"href":"https:\/\/www.enorsai.com\/noticias\/wp-json\/wp\/v2\/users\/12"}],"replies":[{"embeddable":true,"href":"https:\/\/www.enorsai.com\/noticias\/wp-json\/wp\/v2\/comments?post=6719"}],"version-history":[{"count":1,"href":"https:\/\/www.enorsai.com\/noticias\/wp-json\/wp\/v2\/posts\/6719\/revisions"}],"predecessor-version":[{"id":6722,"href":"https:\/\/www.enorsai.com\/noticias\/wp-json\/wp\/v2\/posts\/6719\/revisions\/6722"}],"wp:featuredmedia":[{"embeddable":true,"href":"https:\/\/www.enorsai.com\/noticias\/wp-json\/wp\/v2\/media\/6721"}],"wp:attachment":[{"href":"https:\/\/www.enorsai.com\/noticias\/wp-json\/wp\/v2\/media?parent=6719"}],"wp:term":[{"taxonomy":"category","embeddable":true,"href":"https:\/\/www.enorsai.com\/noticias\/wp-json\/wp\/v2\/categories?post=6719"},{"taxonomy":"post_tag","embeddable":true,"href":"https:\/\/www.enorsai.com\/noticias\/wp-json\/wp\/v2\/tags?post=6719"}],"curies":[{"name":"wp","href":"https:\/\/api.w.org\/{rel}","templated":true}]}}