{"id":6715,"date":"2025-07-24T13:07:29","date_gmt":"2025-07-24T16:07:29","guid":{"rendered":"http:\/\/www.enorsai.com\/noticias\/?p=6715"},"modified":"2025-07-24T13:07:29","modified_gmt":"2025-07-24T16:07:29","slug":"la-libertad-avanza-acomoda-al-hermano-del-vocero-presidencial-como-candidato-en-la-plata","status":"publish","type":"post","link":"https:\/\/www.enorsai.com\/noticias\/politica\/la-libertad-avanza-acomoda-al-hermano-del-vocero-presidencial-como-candidato-en-la-plata\/","title":{"rendered":"La Libertad Avanza acomoda al hermano del vocero presidencial como candidato en La Plata"},"content":{"rendered":"\n<p><strong><em>Francisco Adorni, el hermano del vocero presidencial, ser\u00e1 candidato: el nuevo apellido fuerte de La Libertad Avanza en La Plata. La candidatura de Francisco Adorni en la capital bonaerense destapa una vez m\u00e1s el entramado familiar, pol\u00edtico y de favores que anida en el coraz\u00f3n del mile\u00edsmo. Mientras el Gobierno vocifera contra la \u201ccasta\u201d, acomoda parientes y consolida su propio clan.<\/em><\/strong><\/p>\n\n\n\n<p>El flamante reemplazo de Gast\u00f3n Crespo en la lista de diputados bonaerenses por La Libertad Avanza es nada menos que Francisco Adorni, hermano del vocero presidencial. Sin militancia visible, sin trayectoria p\u00fablica conocida, pero con un apellido bien posicionado, este nuevo aspirante desembarca en el Congreso a la sombra de su hermano. Otra evidencia de que el Gobierno que vino a combatir los privilegios no hace m\u00e1s que replicarlos.<\/p>\n\n\n\n<p>La noticia pas\u00f3 casi de contrabando por los portales tradicionales, como si no fuera un hecho pol\u00edtico relevante. Pero lo es. Francisco Adorni, hermano del vocero presidencial Manuel Adorni, ser\u00e1 cabeza de lista por La Libertad Avanza en la Octava Secci\u00f3n Electoral bonaerense. S\u00ed, en La Plata, la capital provincial, donde se juega parte del m\u00fasculo pol\u00edtico de cualquier fuerza que aspire a proyectarse seriamente en Buenos Aires. La elecci\u00f3n del hermano del portavoz no es casual ni inocente. Es una jugada calculada, con olor a favoritismo, y que desnuda una contradicci\u00f3n monumental entre el discurso y la pr\u00e1ctica del Gobierno de Javier Milei.<\/p>\n\n\n\n<p>Francisco Adorni no es un reci\u00e9n llegado al espacio libertario. Seg\u00fan consignan los medios, se incorpor\u00f3 al equipo del diputado Agust\u00edn Romo, pero hasta ahora hab\u00eda mantenido un bajo perfil. Su ascenso a la primera l\u00ednea de batalla pol\u00edtica no se debe a una militancia destacada ni a una trayectoria acad\u00e9mica o profesional fuera de lo com\u00fan. Se debe, en cambio, a su apellido. Y eso, justamente eso, es lo que el mile\u00edsmo ven\u00eda a combatir, \u00bfno? La casta. Los acomodos. La vieja pol\u00edtica. Los parientes con cargo.<\/p>\n\n\n\n<p>La versi\u00f3n oficial dice que Francisco reemplazar\u00e1 a Gast\u00f3n Crespo, quien encabezaba la lista anterior y fue desplazado por \u201cestrategia electoral\u201d. En otras palabras, Crespo era un \u201cajeno\u201d a la estructura interna de La Libertad Avanza. Fue prestado por el GEN de Margarita Stolbizer y ahora devuelto sin demasiadas explicaciones. La excusa de la estrategia no disimula lo evidente: en el mile\u00edsmo solo sobreviven los leales, los propios, los que pueden levantar el tel\u00e9fono y hablar con alguien en Casa Rosada. Los que, como Francisco Adorni, tienen el aval gen\u00e9tico del poder.<\/p>\n\n\n\n<p>Resulta grotesco que el Gobierno que se vanagloria de luchar contra los privilegios heredados de la pol\u00edtica tradicional, de denunciar los supuestos curros de los \u201c\u00f1oquis del Estado\u201d y de perseguir con furia a toda forma de organizaci\u00f3n social o gremial, no tenga el menor reparo en replicar los vicios del sistema que asegura detestar. Porque esto no es un caso aislado. Es parte de una l\u00f3gica m\u00e1s amplia: la del nepotismo militante. La de los amigos, los socios, los hermanos, los parientes que colonizan el Estado y la pol\u00edtica con la misma impunidad que supuestamente se vino a erradicar.<\/p>\n\n\n\n<p>\u00bfQui\u00e9n es Francisco Adorni? M\u00e1s all\u00e1 de ser \u201cel hermano de Manuel\u201d, la informaci\u00f3n que circula sobre \u00e9l es escasa. Se sabe que estudi\u00f3 Ciencia Pol\u00edtica en la UCA, que trabaj\u00f3 en la Legislatura bonaerense y que responde pol\u00edticamente al entorno del diputado Romo, uno de los emergentes del armado libertario en la provincia. Pero no hay ninguna acci\u00f3n destacada, ning\u00fan gesto pol\u00edtico visible, ning\u00fan m\u00e9rito que justifique con contundencia su salto a la candidatura. Solo el apellido.<\/p>\n\n\n\n<p>En cualquier democracia madura, este tipo de nombramientos genera incomodidad. En la Argentina de Javier Milei, en cambio, parecen ser parte del nuevo c\u00f3digo de normalidad. Mientras se recortan presupuestos a las universidades, se cierran \u00e1reas clave del Estado y se reprime la protesta social con dureza, los parientes del poder se abren paso entre los escombros del ajuste con una facilidad escalofriante. Porque si algo deja en claro la postulaci\u00f3n de Francisco Adorni es que el mile\u00edsmo no solo no est\u00e1 desmantelando la casta: la est\u00e1 reconstruyendo con sus propios nombres y apellidos.<\/p>\n\n\n\n<p>El caso Adorni es tambi\u00e9n una advertencia para quienes a\u00fan creen en el relato de \u201clos mejores\u201d. Ese eslogan con el que el Gobierno pretende justificar cada designaci\u00f3n, cada medida, cada atropello. Francisco no es el mejor, ni el m\u00e1s preparado, ni el m\u00e1s experimentado. Es el hermano. Y eso alcanza. Como alcanz\u00f3 en su momento para Karina Milei, hoy secretaria general de la Presidencia, o para los hijos de otros funcionarios que ya empiezan a ocupar cargos p\u00fablicos sin pasar por ning\u00fan filtro.<\/p>\n\n\n\n<p>La decisi\u00f3n de ponerlo al frente de la lista en La Plata no solo muestra la endogamia del poder libertario, sino tambi\u00e9n su desprecio por el electorado. La Octava Secci\u00f3n Electoral no es un distrito menor. Requiere presencia, propuesta, m\u00fasculo territorial. Francisco Adorni no tiene nada de eso. Lo que tiene es acceso. Un acceso directo al centro de decisiones pol\u00edticas m\u00e1s importante del pa\u00eds. Y con eso basta. Porque en la l\u00f3gica del mile\u00edsmo, la pol\u00edtica no se construye desde abajo, con representaci\u00f3n genuina. Se impone desde arriba, con nombres bendecidos por la \u00e9lite libertaria.<\/p>\n\n\n\n<p>El desembarco del hermano del vocero presidencial en la arena electoral no es un episodio menor. Es un s\u00edntoma. Un s\u00edntoma de un modelo que prometi\u00f3 cortar con los vicios de la vieja pol\u00edtica y termin\u00f3 reproduciendo lo peor de ella. La diferencia, claro, es que ahora lo hace con una sonrisa libertaria y una motosierra en la mano. Y si alguien se atreve a se\u00f1alarlo, se convierte autom\u00e1ticamente en parte del \u201ccolectivismo parasitario\u201d.<\/p>\n\n\n\n<p>La candidatura de Francisco Adorni no solo representa un caso m\u00e1s de nepotismo descarado, sino que constituye una afrenta directa al votante que crey\u00f3 en el discurso de \u201cla nueva pol\u00edtica\u201d. En nombre de esa ret\u00f3rica de ruptura, el Gobierno se permite todos los abusos del viejo r\u00e9gimen. Pero en vez de barones del conurbano, ahora tenemos hermanos de voceros. Y en lugar de punteros, influencers. Eso s\u00ed, siempre dentro del c\u00edrculo cerrado del mile\u00edsmo, donde la lealtad familiar y la obediencia ciega pesan mucho m\u00e1s que la vocaci\u00f3n democr\u00e1tica o la preparaci\u00f3n t\u00e9cnica.<\/p>\n\n\n\n<p>Este es el nuevo orden que propone La Libertad Avanza. Uno en el que los v\u00ednculos personales valen m\u00e1s que los m\u00e9ritos, donde los apellidos reemplazan a los proyectos y donde el poder se hereda como si fuera una estancia. El nombramiento de Francisco Adorni como candidato es solo la punta del iceberg. Pero debajo de esa superficie, lo que se vislumbra es un sistema en el que el apellido correcto puede m\u00e1s que cualquier credencial. Y en esa l\u00f3gica, el futuro no parece muy distinto al pasado que tanto dicen querer destruir.<\/p>\n\n\n\n<p><strong>Fuente:<\/strong><br><a href=\"https:\/\/www.infonews.com\/hermano-de-manuel-adorni-sera-candidato-a-diputado.html\">https:\/\/www.infonews.com\/hermano-de-manuel-adorni-sera-candidato-a-diputado.html<\/a><br><a href=\"https:\/\/www.infobae.com\/politica\/2025\/07\/23\/nuevo-cambio-en-las-listas-francisco-adorni-encabezara-la-boleta-de-la-libertad-avanza-en-la-plata\/\">https:\/\/www.infobae.com\/politica\/2025\/07\/23\/nuevo-cambio-en-las-listas-francisco-adorni-encabezara-la-boleta-de-la-libertad-avanza-en-la-plata\/<\/a><br><a href=\"https:\/\/www.lanacion.com.ar\/politica\/el-hermano-de-manel-adorni-encabezara-la-boleta-de-la-libertad-avanza-en-la-plata-nid23072025\/\">https:\/\/www.lanacion.com.ar\/politica\/el-hermano-de-manel-adorni-encabezara-la-boleta-de-la-libertad-avanza-en-la-plata-nid23072025\/<\/a><br><a href=\"https:\/\/www.latecla.info\/160347-cambio-en-la-lista-de-la-libertad-avanza-francisco-adorni-sera-cabeza-de-lista-en-la-octava\">https:\/\/www.latecla.info\/160347-cambio-en-la-lista-de-la-libertad-avanza-francisco-adorni-sera-cabeza-de-lista-en-la-octava<\/a><\/p>\n","protected":false},"excerpt":{"rendered":"<p>Francisco Adorni, hermano del vocero presidencial, ser\u00e1 el candidato de La Libertad Avanza en La Plata. Su designaci\u00f3n, basada en el parentesco m\u00e1s que en los m\u00e9ritos, expone el nepotismo dentro del gobierno de Javier Milei y contradice su relato contra la casta. Otra jugada que refuerza el clan libertario.<\/p>\n","protected":false},"author":9,"featured_media":6717,"comment_status":"open","ping_status":"open","sticky":false,"template":"","format":"standard","meta":{"_monsterinsights_skip_tracking":false,"_monsterinsights_sitenote_active":false,"_monsterinsights_sitenote_note":"","_monsterinsights_sitenote_category":0,"footnotes":"","jetpack_publicize_message":"","jetpack_publicize_feature_enabled":true,"jetpack_social_post_already_shared":true,"jetpack_social_options":{"image_generator_settings":{"template":"highway","default_image_id":0,"font":"","enabled":false},"version":2}},"categories":[2],"tags":[880,1045,991,1302,2194,73,1311,1205,1039,2195],"class_list":["post-6715","post","type-post","status-publish","format-standard","has-post-thumbnail","hentry","category-politica","tag-adorni","tag-candidaturas","tag-elecciones2025","tag-familia","tag-la_plata","tag-libertadavanza","tag-mileismo","tag-nepotismo","tag-poder","tag-politica-2"],"jetpack_publicize_connections":[],"_links":{"self":[{"href":"https:\/\/www.enorsai.com\/noticias\/wp-json\/wp\/v2\/posts\/6715","targetHints":{"allow":["GET"]}}],"collection":[{"href":"https:\/\/www.enorsai.com\/noticias\/wp-json\/wp\/v2\/posts"}],"about":[{"href":"https:\/\/www.enorsai.com\/noticias\/wp-json\/wp\/v2\/types\/post"}],"author":[{"embeddable":true,"href":"https:\/\/www.enorsai.com\/noticias\/wp-json\/wp\/v2\/users\/9"}],"replies":[{"embeddable":true,"href":"https:\/\/www.enorsai.com\/noticias\/wp-json\/wp\/v2\/comments?post=6715"}],"version-history":[{"count":1,"href":"https:\/\/www.enorsai.com\/noticias\/wp-json\/wp\/v2\/posts\/6715\/revisions"}],"predecessor-version":[{"id":6718,"href":"https:\/\/www.enorsai.com\/noticias\/wp-json\/wp\/v2\/posts\/6715\/revisions\/6718"}],"wp:featuredmedia":[{"embeddable":true,"href":"https:\/\/www.enorsai.com\/noticias\/wp-json\/wp\/v2\/media\/6717"}],"wp:attachment":[{"href":"https:\/\/www.enorsai.com\/noticias\/wp-json\/wp\/v2\/media?parent=6715"}],"wp:term":[{"taxonomy":"category","embeddable":true,"href":"https:\/\/www.enorsai.com\/noticias\/wp-json\/wp\/v2\/categories?post=6715"},{"taxonomy":"post_tag","embeddable":true,"href":"https:\/\/www.enorsai.com\/noticias\/wp-json\/wp\/v2\/tags?post=6715"}],"curies":[{"name":"wp","href":"https:\/\/api.w.org\/{rel}","templated":true}]}}