{"id":6712,"date":"2025-07-24T12:15:09","date_gmt":"2025-07-24T15:15:09","guid":{"rendered":"https:\/\/www.enorsai.com\/noticias\/?p=6712"},"modified":"2025-07-24T12:15:09","modified_gmt":"2025-07-24T15:15:09","slug":"la-imagen-del-gobierno-se-desgasta-y-crece-el-rechazo-al-ajuste-de-milei","status":"publish","type":"post","link":"https:\/\/www.enorsai.com\/noticias\/politica\/la-imagen-del-gobierno-se-desgasta-y-crece-el-rechazo-al-ajuste-de-milei\/","title":{"rendered":"La imagen del Gobierno se desgasta y crece el rechazo al ajuste de Milei"},"content":{"rendered":"\n<p><strong>La popularidad de Javier Milei empieza a resquebrajarse: el 54% de los argentinos ya tiene una imagen negativa del Presidente. El ajuste, lejos de generar esperanza, profundiza la bronca.<\/strong><\/p>\n\n\n\n<h2 class=\"wp-block-heading\">Un presidente que empieza a perder su aura<\/h2>\n\n\n\n<p>La consultora <strong>Proyecci\u00f3n<\/strong> revel\u00f3 los resultados de su \u00faltima encuesta nacional, donde se confirma lo que ya se percibe en la calle: <strong>la imagen de Javier Milei cae y crece el malestar con las pol\u00edticas de ajuste<\/strong>. El informe arroja un dato clave: <strong>el 54% de los argentinos tiene hoy una imagen negativa del Presidente<\/strong>.<\/p>\n\n\n\n<p>Esto representa un salto significativo respecto a meses anteriores, cuando el l\u00edder libertario conservaba un capital simb\u00f3lico fuerte tras su llegada al poder. Hoy, con la <strong>inflaci\u00f3n contenida a costa del consumo<\/strong> y una sociedad cada vez m\u00e1s empobrecida, ese capital se erosiona d\u00eda a d\u00eda.<\/p>\n\n\n\n<h3 class=\"wp-block-heading\">Un pa\u00eds en modo recesi\u00f3n<\/h3>\n\n\n\n<p>\u201cEs un escenario delicado. El Gobierno est\u00e1 aplicando un <strong>ajuste econ\u00f3mico brutal<\/strong> y todav\u00eda no hay resultados visibles para la mayor\u00eda. Esa combinaci\u00f3n hace que el humor social se vuelva m\u00e1s tenso\u201d, explic\u00f3 <strong>Manuel Zunino<\/strong>, director de Proyecci\u00f3n, en di\u00e1logo con Futurock.<\/p>\n\n\n\n<p>Las medidas de Milei \u2014desde la licuaci\u00f3n de jubilaciones hasta el congelamiento del gasto p\u00fablico\u2014 <strong>golpean de lleno a la clase media y los sectores populares<\/strong>. El relato de la \u201cmotosierra\u201d empieza a volverse contra su creador.<\/p>\n\n\n\n<figure class=\"wp-block-embed is-type-wp-embed is-provider-incrustado wp-block-embed-incrustado\"><div class=\"wp-block-embed__wrapper\">\n<blockquote class=\"wp-embedded-content\" data-secret=\"hk5SeUmt8X\"><a href=\"https:\/\/www.enorsai.com\/noticias\/politica\/el-emporio-millonario-del-hijo-de-bullrich-70-bares-una-denuncia-congelada-y-muchas-sospechas\/\">El emporio millonario del hijo de Bullrich: 70 bares, una denuncia congelada y muchas sospechas<\/a><\/blockquote><iframe loading=\"lazy\" class=\"wp-embedded-content\" sandbox=\"allow-scripts\" security=\"restricted\" style=\"position: absolute; visibility: hidden;\" title=\"\u00abEl emporio millonario del hijo de Bullrich: 70 bares, una denuncia congelada y muchas sospechas\u00bb \u2014 \" src=\"https:\/\/www.enorsai.com\/noticias\/politica\/el-emporio-millonario-del-hijo-de-bullrich-70-bares-una-denuncia-congelada-y-muchas-sospechas\/embed\/#?secret=DMtqZYZfcE#?secret=hk5SeUmt8X\" data-secret=\"hk5SeUmt8X\" width=\"600\" height=\"338\" frameborder=\"0\" marginwidth=\"0\" marginheight=\"0\" scrolling=\"no\"><\/iframe>\n<\/div><\/figure>\n\n\n\n<h3 class=\"wp-block-heading\">El riesgo de gobernar solo con redes<\/h3>\n\n\n\n<p>\u201cEl Presidente cree que le habla solo a su n\u00facleo duro, que lo sigue en redes y lo banca. Pero eso no alcanza para sostener una gesti\u00f3n\u201d, agreg\u00f3 Zunino. La p\u00e9rdida de legitimidad en sectores que no lo votaron, pero le daban un margen de espera, <strong>es cada vez m\u00e1s evidente<\/strong>.<\/p>\n\n\n\n<p>Adem\u00e1s, la encuesta muestra un dato llamativo: <strong>crece el nivel de rechazo entre votantes desencantados<\/strong> que, si bien no esperaban milagros, empiezan a ver al gobierno como parte del problema.<\/p>\n\n\n\n<h3 class=\"wp-block-heading\">Bronca, resignaci\u00f3n y m\u00e1s bronca<\/h3>\n\n\n\n<p>\u201cEl clima social est\u00e1 tenso, aunque sin estallido. Lo que predomina es una mezcla de <strong>bronca, resignaci\u00f3n y mucha desilusi\u00f3n<\/strong>\u201d, explic\u00f3 el consultor. Las calles muestran se\u00f1ales: menor poder de compra, negocios vac\u00edos, m\u00e1s changas, m\u00e1s pobreza, menos expectativas.<\/p>\n\n\n\n<p>El Gobierno conf\u00eda en una mejora econ\u00f3mica para el segundo semestre, pero la credibilidad ya empez\u00f3 a romperse. En ese escenario, cada traspi\u00e9 puede convertirse en crisis.<\/p>\n\n\n\n<figure class=\"wp-block-embed is-type-wp-embed is-provider-incrustado wp-block-embed-incrustado\"><div class=\"wp-block-embed__wrapper\">\n<blockquote class=\"wp-embedded-content\" data-secret=\"vPVq7iYEe8\"><a href=\"https:\/\/www.enorsai.com\/noticias\/politica\/la-libertad-avanza-gasto-107-671-276-en-publicidad-con-plata-del-estado-el-ultimo-mes\/\">La Libertad Avanza gast\u00f3 $107.671.276 en publicidad con plata del Estado el \u00faltimo mes<\/a><\/blockquote><iframe loading=\"lazy\" class=\"wp-embedded-content\" sandbox=\"allow-scripts\" security=\"restricted\" style=\"position: absolute; visibility: hidden;\" title=\"\u00abLa Libertad Avanza gast\u00f3 $107.671.276 en publicidad con plata del Estado el \u00faltimo mes\u00bb \u2014 \" src=\"https:\/\/www.enorsai.com\/noticias\/politica\/la-libertad-avanza-gasto-107-671-276-en-publicidad-con-plata-del-estado-el-ultimo-mes\/embed\/#?secret=KXdWWcFqa2#?secret=vPVq7iYEe8\" data-secret=\"vPVq7iYEe8\" width=\"600\" height=\"338\" frameborder=\"0\" marginwidth=\"0\" marginheight=\"0\" scrolling=\"no\"><\/iframe>\n<\/div><\/figure>\n\n\n\n<h3 class=\"wp-block-heading\">La grieta que Milei no puede cerrar<\/h3>\n\n\n\n<p>El discurso anti-casta sigue funcionando para su base, pero no alcanza. En sectores opositores, <strong>el rechazo es total<\/strong>. Y la grieta que supuestamente ven\u00eda a dinamitar, se profundiza a\u00fan m\u00e1s.<\/p>\n\n\n\n<p>\u00bfC\u00f3mo sigue esta pel\u00edcula? Si no hay mejoras concretas para los bolsillos, <strong>la paciencia social puede agotarse antes de lo previsto<\/strong>.<\/p>\n\n\n\n<p>Relacionado: <a href=\"https:\/\/www.enorsai.com.ar\/politica\/42683-dato-mata-relato--la-imagen-de-milei-se-derrumba-en-tiempo-record.html\" target=\"_blank\" rel=\"noreferrer noopener\">La imagen de Milei se derrumba en tiempo r\u00e9cord<\/a><\/p>\n\n\n\n<h2 class=\"wp-block-heading\">\u00bfQuer\u00e9s aparecer en En Orsai?<\/h2>\n\n\n\n<p><strong>Tu empresa o proyecto puede estar en una nota como esta.<\/strong> Escribinos para conocer c\u00f3mo publicar <strong>bakalinks<\/strong> y sumar visibilidad con contenido SEO en <a href=\"https:\/\/www.enorsai.com.ar\" target=\"_blank\" rel=\"noreferrer noopener\">En Orsai<\/a>.<\/p>\n\n\n\n<p><\/p>\n","protected":false},"excerpt":{"rendered":"<p>La popularidad de Javier Milei empieza a resquebrajarse: el 54% de los argentinos ya tiene una imagen negativa del Presidente. El ajuste, lejos de generar esperanza, profundiza la bronca. Un presidente que empieza a perder su aura La consultora Proyecci\u00f3n revel\u00f3 los resultados de su \u00faltima encuesta nacional, donde se confirma lo que ya se&#8230;<\/p>\n","protected":false},"author":4,"featured_media":6713,"comment_status":"open","ping_status":"open","sticky":false,"template":"","format":"standard","meta":{"_monsterinsights_skip_tracking":false,"_monsterinsights_sitenote_active":false,"_monsterinsights_sitenote_note":"","_monsterinsights_sitenote_category":0,"footnotes":"","jetpack_publicize_message":"Milei ya no enamora: m\u00e1s de la mitad del pa\u00eds lo rechaza","jetpack_publicize_feature_enabled":true,"jetpack_social_post_already_shared":false,"jetpack_social_options":{"image_generator_settings":{"template":"highway","default_image_id":0,"enabled":false},"version":2}},"categories":[2],"tags":[1491,2193,1034,717,2167,2188,2191,2187,2192,45,2190,2189,1149],"class_list":["post-6712","post","type-post","status-publish","format-standard","has-post-thumbnail","hentry","category-politica","tag-ajuste-economico","tag-bronca-social","tag-clase-media","tag-crisis-politica","tag-discurso-del-odio","tag-encuesta-proyeccion","tag-gobierno-libertario","tag-imagen-negativa","tag-inflacion-milei","tag-milei","tag-opinion-publica","tag-recesion-en-argentina","tag-redes-sociales"],"jetpack_publicize_connections":[],"_links":{"self":[{"href":"https:\/\/www.enorsai.com\/noticias\/wp-json\/wp\/v2\/posts\/6712","targetHints":{"allow":["GET"]}}],"collection":[{"href":"https:\/\/www.enorsai.com\/noticias\/wp-json\/wp\/v2\/posts"}],"about":[{"href":"https:\/\/www.enorsai.com\/noticias\/wp-json\/wp\/v2\/types\/post"}],"author":[{"embeddable":true,"href":"https:\/\/www.enorsai.com\/noticias\/wp-json\/wp\/v2\/users\/4"}],"replies":[{"embeddable":true,"href":"https:\/\/www.enorsai.com\/noticias\/wp-json\/wp\/v2\/comments?post=6712"}],"version-history":[{"count":1,"href":"https:\/\/www.enorsai.com\/noticias\/wp-json\/wp\/v2\/posts\/6712\/revisions"}],"predecessor-version":[{"id":6714,"href":"https:\/\/www.enorsai.com\/noticias\/wp-json\/wp\/v2\/posts\/6712\/revisions\/6714"}],"wp:featuredmedia":[{"embeddable":true,"href":"https:\/\/www.enorsai.com\/noticias\/wp-json\/wp\/v2\/media\/6713"}],"wp:attachment":[{"href":"https:\/\/www.enorsai.com\/noticias\/wp-json\/wp\/v2\/media?parent=6712"}],"wp:term":[{"taxonomy":"category","embeddable":true,"href":"https:\/\/www.enorsai.com\/noticias\/wp-json\/wp\/v2\/categories?post=6712"},{"taxonomy":"post_tag","embeddable":true,"href":"https:\/\/www.enorsai.com\/noticias\/wp-json\/wp\/v2\/tags?post=6712"}],"curies":[{"name":"wp","href":"https:\/\/api.w.org\/{rel}","templated":true}]}}