{"id":6705,"date":"2025-07-24T10:14:00","date_gmt":"2025-07-24T13:14:00","guid":{"rendered":"https:\/\/www.enorsai.com\/noticias\/?p=6705"},"modified":"2025-07-24T10:14:00","modified_gmt":"2025-07-24T13:14:00","slug":"la-economia-de-milei-consumo-en-caida-reservas-fragiles-y-fmi-en-la-mira","status":"publish","type":"post","link":"https:\/\/www.enorsai.com\/noticias\/economia\/la-economia-de-milei-consumo-en-caida-reservas-fragiles-y-fmi-en-la-mira\/","title":{"rendered":"La econom\u00eda de Milei: consumo en ca\u00edda, reservas fr\u00e1giles y FMI en la mira"},"content":{"rendered":"\n<p><strong>El economista Santiago Bulat analiz\u00f3 los datos del segundo trimestre del a\u00f1o. Mientras baja la inflaci\u00f3n, se desploma el consumo, sube el riesgo pa\u00eds y el plan econ\u00f3mico tambalea sin d\u00f3lares ni confianza internacional.<\/strong><\/p>\n\n\n\n<h2 class=\"wp-block-heading\">Los datos que el Gobierno no quiere mirar<\/h2>\n\n\n\n<p>El economista <strong><a href=\"https:\/\/www.iae.edu.ar\/profesores\/santiago-bulat\/\" data-type=\"link\" data-id=\"https:\/\/www.iae.edu.ar\/profesores\/santiago-bulat\/\">Santiago Bulat<\/a><\/strong> present\u00f3 un panorama preocupante de la situaci\u00f3n econ\u00f3mica argentina, en el marco del segundo trimestre del a\u00f1o. Aunque se registr\u00f3 una baja en la <strong><a href=\"https:\/\/www.indec.gob.ar\/indec\/web\/Nivel4-Tema-3-5-31\">inflaci\u00f3n<\/a><\/strong>, el dato que resalta es el <strong>derrumbe del consumo<\/strong> y la fragilidad del modelo libertario que impulsa Javier Milei.<\/p>\n\n\n\n<h3 class=\"wp-block-heading\">Un freno brusco al consumo popular<\/h3>\n\n\n\n<p>\u201cLa inflaci\u00f3n cay\u00f3 al 4,2%, pero el consumo se derrumb\u00f3\u201d, alert\u00f3 Bulat en di\u00e1logo con medios. Las <strong>ventas de supermercados<\/strong> se redujeron dr\u00e1sticamente, y la demanda de productos como <strong>textiles y alimentos<\/strong> muestra una retracci\u00f3n sin precedentes.<\/p>\n\n\n\n<p>En paralelo, hubo una \u201cfuerte ca\u00edda de consumo en general, y particularmente en bienes durables como autos importados\u201d, marcando un retroceso del poder adquisitivo que profundiza la <strong>crisis alimentaria<\/strong> y social.<\/p>\n\n\n\n<figure class=\"wp-block-embed is-type-wp-embed is-provider-incrustado wp-block-embed-incrustado\"><div class=\"wp-block-embed__wrapper\">\n<blockquote class=\"wp-embedded-content\" data-secret=\"Q4OMXzbpGr\"><a href=\"https:\/\/www.enorsai.com\/noticias\/politica\/milagro-aparecio-un-fiscal-y-el-pastor-de-milei-cambio-su-version-de-los-100-mil-dolares\/\">\u00bfMilagro? Apareci\u00f3 un fiscal y el pastor de Milei cambi\u00f3 su versi\u00f3n de los 100 mil d\u00f3lares<\/a><\/blockquote><iframe loading=\"lazy\" class=\"wp-embedded-content\" sandbox=\"allow-scripts\" security=\"restricted\" style=\"position: absolute; visibility: hidden;\" title=\"\u00ab\u00bfMilagro? Apareci\u00f3 un fiscal y el pastor de Milei cambi\u00f3 su versi\u00f3n de los 100 mil d\u00f3lares\u00bb \u2014 \" src=\"https:\/\/www.enorsai.com\/noticias\/politica\/milagro-aparecio-un-fiscal-y-el-pastor-de-milei-cambio-su-version-de-los-100-mil-dolares\/embed\/#?secret=9mPHUqoLr3#?secret=Q4OMXzbpGr\" data-secret=\"Q4OMXzbpGr\" width=\"600\" height=\"338\" frameborder=\"0\" marginwidth=\"0\" marginheight=\"0\" scrolling=\"no\"><\/iframe>\n<\/div><\/figure>\n\n\n\n<h3 class=\"wp-block-heading\">Exportaciones en baja y reservas endebles<\/h3>\n\n\n\n<p>Otro dato inquietante es la <strong>ca\u00edda de exportaciones en un 20%<\/strong> en el segundo trimestre. Si bien el Gobierno esperaba que el agro traccione la econom\u00eda, la reactivaci\u00f3n del campo todav\u00eda no compensa la <strong>fuga de divisas<\/strong> ni genera un flujo positivo para sostener las <strong>reservas<\/strong>.<\/p>\n\n\n\n<p>El modelo de Milei se basa en sostener un <strong>super\u00e1vit comercial<\/strong>, pero con el desplome de las importaciones por la recesi\u00f3n y no por un boom exportador. El ingreso de d\u00f3lares es ficticio, y se complica a\u00fan m\u00e1s con los pagos que exige el <strong>FMI<\/strong>.<\/p>\n\n\n\n<h3 class=\"wp-block-heading\">Riesgo pa\u00eds en alza y fuga de inversiones<\/h3>\n\n\n\n<p>El dato que m\u00e1s preocupa a los mercados es el <strong>riesgo pa\u00eds<\/strong>: subi\u00f3 m\u00e1s de 150 puntos desde junio. \u00bfLa raz\u00f3n? Falta de confianza. La desregulaci\u00f3n anunciada con el RIGI no atrae inversiones extranjeras si no hay estabilidad pol\u00edtica ni reglas claras.<\/p>\n\n\n\n<p>\u201cLa inversi\u00f3n extranjera va a tardar mucho en llegar, incluso con incentivos. Las condiciones macro no ayudan\u201d, sentenci\u00f3 Bulat. Mientras tanto, el modelo especulativo se sostiene con alambre y sin respaldo real.<\/p>\n\n\n\n<figure class=\"wp-block-embed is-type-wp-embed is-provider-incrustado wp-block-embed-incrustado\"><div class=\"wp-block-embed__wrapper\">\n<blockquote class=\"wp-embedded-content\" data-secret=\"wwANTH5H7S\"><a href=\"https:\/\/www.enorsai.com\/noticias\/economia\/el-ajuste-no-se-detiene-kenvue-cierra-lineas-en-pilar-y-se-suma-a-la-fuga-industrial-que-alimenta-las-importaciones\/\">El ajuste no se detiene: Kenvue cierra l\u00edneas en Pilar y se suma a la fuga industrial que alimenta las importaciones<\/a><\/blockquote><iframe loading=\"lazy\" class=\"wp-embedded-content\" sandbox=\"allow-scripts\" security=\"restricted\" style=\"position: absolute; visibility: hidden;\" title=\"\u00abEl ajuste no se detiene: Kenvue cierra l\u00edneas en Pilar y se suma a la fuga industrial que alimenta las importaciones\u00bb \u2014 \" src=\"https:\/\/www.enorsai.com\/noticias\/economia\/el-ajuste-no-se-detiene-kenvue-cierra-lineas-en-pilar-y-se-suma-a-la-fuga-industrial-que-alimenta-las-importaciones\/embed\/#?secret=dKaTx5h0rb#?secret=wwANTH5H7S\" data-secret=\"wwANTH5H7S\" width=\"600\" height=\"338\" frameborder=\"0\" marginwidth=\"0\" marginheight=\"0\" scrolling=\"no\"><\/iframe>\n<\/div><\/figure>\n\n\n\n<h3 class=\"wp-block-heading\">Turismo y energ\u00eda: dos motores con trabas<\/h3>\n\n\n\n<p>El <strong>turismo receptivo<\/strong> crece, pero el <strong>d\u00f3lar ahorro<\/strong> sigue restringido. En cuanto a la energ\u00eda, Vaca Muerta tiene potencial pero requiere financiamiento que no est\u00e1 disponible. Todo eso agrava la <strong>debilidad estructural<\/strong> de la econom\u00eda.<\/p>\n\n\n\n<p>El equilibrio fiscal es s\u00f3lo una parte del problema. La <strong>cuenta corriente<\/strong> externa tambi\u00e9n importa y all\u00ed el panorama es negativo. El ajuste es brutal, pero no garantiza recuperaci\u00f3n.<\/p>\n\n\n\n<h3 class=\"wp-block-heading\">En resumen<\/h3>\n\n\n\n<p>La econom\u00eda de Milei logr\u00f3 bajar la inflaci\u00f3n, pero a costa de un <strong>ajuste econ\u00f3mico feroz<\/strong> que golpea al consumo, achica las exportaciones y eleva el <strong>riesgo pa\u00eds<\/strong>. Sin d\u00f3lares, sin cr\u00e9dito y sin consumo interno, el modelo libertario empieza a mostrar sus l\u00edmites.<\/p>\n\n\n\n<p>Relacionada: <a href=\"https:\/\/www.enorsai.com.ar\/politica\/42030-la-crisis-social-se-profundiza--crece-la-pobreza-en-argentina.html\" target=\"_blank\" rel=\"noreferrer noopener\">La crisis social se profundiza: crece la pobreza en Argentina<\/a><\/p>\n\n\n\n<hr class=\"wp-block-separator has-alpha-channel-opacity\"\/>\n\n\n\n<p><em>\ud83e\udde0 Si sos parte de una empresa interesada en publicar <strong>Bakalinks<\/strong> en En Orsai y llegar a una audiencia cr\u00edtica, pol\u00edtica y comprometida, escribinos y te contamos c\u00f3mo hacerlo.<\/em><\/p>\n","protected":false},"excerpt":{"rendered":"<p>El economista Santiago Bulat analiz\u00f3 los datos del segundo trimestre del a\u00f1o. Mientras baja la inflaci\u00f3n, se desploma el consumo, sube el riesgo pa\u00eds y el plan econ\u00f3mico tambalea sin d\u00f3lares ni confianza internacional. Los datos que el Gobierno no quiere mirar El economista Santiago Bulat present\u00f3 un panorama preocupante de la situaci\u00f3n econ\u00f3mica argentina,&#8230;<\/p>\n","protected":false},"author":4,"featured_media":6706,"comment_status":"open","ping_status":"open","sticky":false,"template":"","format":"standard","meta":{"_monsterinsights_skip_tracking":false,"_monsterinsights_sitenote_active":false,"_monsterinsights_sitenote_note":"","_monsterinsights_sitenote_category":0,"footnotes":"","jetpack_publicize_message":"La econom\u00eda de Milei logr\u00f3 bajar la inflaci\u00f3n, pero a costa de un ajuste econ\u00f3mico feroz que golpea al consumo, achica las exportaciones y eleva el riesgo pa\u00eds. Sin d\u00f3lares, sin cr\u00e9dito y sin consumo interno, el modelo libertario empieza a mostrar sus l\u00edmites.","jetpack_publicize_feature_enabled":true,"jetpack_social_post_already_shared":false,"jetpack_social_options":{"image_generator_settings":{"template":"highway","default_image_id":0,"enabled":false},"version":2}},"categories":[3],"tags":[2179,1635,2182,2181,2183,225,813,13,90,936,227,2184,45,2185,66,2180,2115,2177,2186,2178,1067,103,541],"class_list":["post-6705","post","type-post","status-publish","format-standard","has-post-thumbnail","hentry","category-economia","tag-autos-importados","tag-consumo","tag-cuenta-corriente","tag-deficit-fiscal","tag-dolar-ahorro","tag-economia-argentina","tag-energia","tag-exportaciones","tag-fmi","tag-importaciones","tag-inflacion","tag-inversiones-extranjeras","tag-milei","tag-politica-economica","tag-reservas","tag-riesgo-pais","tag-rigi","tag-santiago-bulat","tag-superavit-comercial","tag-supermercados","tag-textiles","tag-turismo","tag-vaca-muerta"],"jetpack_publicize_connections":[],"_links":{"self":[{"href":"https:\/\/www.enorsai.com\/noticias\/wp-json\/wp\/v2\/posts\/6705","targetHints":{"allow":["GET"]}}],"collection":[{"href":"https:\/\/www.enorsai.com\/noticias\/wp-json\/wp\/v2\/posts"}],"about":[{"href":"https:\/\/www.enorsai.com\/noticias\/wp-json\/wp\/v2\/types\/post"}],"author":[{"embeddable":true,"href":"https:\/\/www.enorsai.com\/noticias\/wp-json\/wp\/v2\/users\/4"}],"replies":[{"embeddable":true,"href":"https:\/\/www.enorsai.com\/noticias\/wp-json\/wp\/v2\/comments?post=6705"}],"version-history":[{"count":1,"href":"https:\/\/www.enorsai.com\/noticias\/wp-json\/wp\/v2\/posts\/6705\/revisions"}],"predecessor-version":[{"id":6707,"href":"https:\/\/www.enorsai.com\/noticias\/wp-json\/wp\/v2\/posts\/6705\/revisions\/6707"}],"wp:featuredmedia":[{"embeddable":true,"href":"https:\/\/www.enorsai.com\/noticias\/wp-json\/wp\/v2\/media\/6706"}],"wp:attachment":[{"href":"https:\/\/www.enorsai.com\/noticias\/wp-json\/wp\/v2\/media?parent=6705"}],"wp:term":[{"taxonomy":"category","embeddable":true,"href":"https:\/\/www.enorsai.com\/noticias\/wp-json\/wp\/v2\/categories?post=6705"},{"taxonomy":"post_tag","embeddable":true,"href":"https:\/\/www.enorsai.com\/noticias\/wp-json\/wp\/v2\/tags?post=6705"}],"curies":[{"name":"wp","href":"https:\/\/api.w.org\/{rel}","templated":true}]}}