{"id":6697,"date":"2025-07-24T06:10:05","date_gmt":"2025-07-24T09:10:05","guid":{"rendered":"https:\/\/www.enorsai.com\/noticias\/?p=6697"},"modified":"2025-07-24T06:11:58","modified_gmt":"2025-07-24T09:11:58","slug":"villarruel-cerro-el-jardin-maternal-del-senado-convirtiendo-a-los-chicos-en-blanco-del-recorte","status":"publish","type":"post","link":"https:\/\/www.enorsai.com\/noticias\/politica\/villarruel-cerro-el-jardin-maternal-del-senado-convirtiendo-a-los-chicos-en-blanco-del-recorte\/","title":{"rendered":"Villarruel cerr\u00f3 el jard\u00edn maternal del Senado convirtiendo a los chicos en blanco del recorte"},"content":{"rendered":"\n<p><strong><em>La vicepresidenta dispuso la clausura definitiva del jard\u00edn de infantes del Senado, un espacio creado durante la gesti\u00f3n de Amado Boudou para promover la igualdad de oportunidades y facilitar la vida laboral de madres y padres. La decisi\u00f3n no es inocente: es un gesto ideol\u00f3gico que exhibe desprecio por lo p\u00fablico.<\/em><\/strong><\/p>\n\n\n\n<p>En un movimiento que escandaliza por su crueldad simb\u00f3lica y su frialdad institucional, Victoria Villarruel mand\u00f3 a cerrar el jard\u00edn maternal del Senado, un espacio conquistado en 2011 que garantizaba un derecho elemental para las familias que trabajan en el Congreso. Con el disfraz del \u201cahorro\u201d, el gobierno de Javier Milei vuelve a mostrar que su verdadera guerra no es contra la casta, sino contra los derechos.<\/p>\n\n\n\n<p>Hay decisiones que, por m\u00e1s t\u00e9cnicas que se pretendan, revelan con brutal claridad el trasfondo ideol\u00f3gico de quien las toma. La vicepresidenta Victoria Villarruel orden\u00f3 esta semana el cierre definitivo del jard\u00edn de infantes del Senado, un espacio que funcionaba desde 2011 y que hab\u00eda sido inaugurado durante la gesti\u00f3n de Amado Boudou. Bajo el argumento de una supuesta falta de demanda y enmarcado dentro de un supuesto \u201cplan de austeridad\u201d, el jard\u00edn baja sus persianas sin importar a qui\u00e9nes afecta, qu\u00e9 representaba ni qu\u00e9 derecho encarnaba.<\/p>\n\n\n\n<p>Porque no se trata simplemente de una sala cuna, ni de una cuesti\u00f3n administrativa. El jard\u00edn maternal del Senado fue, desde su creaci\u00f3n, una herramienta concreta para garantizar la igualdad de g\u00e9nero, promover la conciliaci\u00f3n entre la vida familiar y laboral y ofrecer un respaldo institucional a las familias de trabajadores legislativos. Su clausura, lejos de ser un hecho aislado o circunstancial, encaja perfectamente en la l\u00f3gica destructiva del gobierno de Javier Milei: ajustar sobre lo com\u00fan, desmantelar derechos y arrasar con conquistas que no encajan en el relato ultraliberal.<\/p>\n\n\n\n<p>El argumento esgrimido desde el entorno de Villarruel suena familiar y cansino: falta de ni\u00f1os inscriptos. Una raz\u00f3n funcional que oculta lo esencial. El jard\u00edn, que hasta el a\u00f1o pasado contaba con una matr\u00edcula significativa, fue vaciado deliberadamente por la actual gesti\u00f3n. Primero, mediante una suspensi\u00f3n arbitraria del servicio \u201cpor reformas edilicias\u201d, luego, con la negativa sistem\u00e1tica a reabrirlo a pesar de las reiteradas solicitudes del personal legislativo. Es decir, se dej\u00f3 morir un derecho para despu\u00e9s justificar su entierro con estad\u00edsticas manipuladas.<\/p>\n\n\n\n<p>La vicepresidenta, en su af\u00e1n por mostrarse como la defensora de la austeridad y la eficiencia estatal, no duda en arrasar con servicios p\u00fablicos que representan avances sociales. No es la primera vez. Ya desde diciembre, Villarruel se desmarc\u00f3 del supuesto \u201cala libertaria\u201d con una agenda que combina conservadurismo extremo, revisionismo hist\u00f3rico y una vocaci\u00f3n sistem\u00e1tica por destruir lo construido. Su guerra no es contra los privilegios reales del poder \u2013que por cierto siguen intactos en muchos despachos del Congreso\u2013, sino contra todo lo que huela a pol\u00edtica de cuidado, de inclusi\u00f3n o de ampliaci\u00f3n de derechos.<\/p>\n\n\n\n<p>El jard\u00edn hab\u00eda sido inaugurado en 2011, tras a\u00f1os de lucha por parte de los gremios y organizaciones feministas dentro del Congreso. Era una respuesta institucional a una realidad social concreta: muchas trabajadoras y trabajadores legislativos no ten\u00edan con qui\u00e9n dejar a sus hijos e hijas durante su jornada laboral. El espacio no s\u00f3lo ofrec\u00eda contenci\u00f3n, alimentaci\u00f3n y educaci\u00f3n, sino tambi\u00e9n un s\u00edmbolo de progreso: el reconocimiento estatal de que criar tambi\u00e9n es trabajar, y que el Estado tiene un rol en facilitar ese cuidado.<\/p>\n\n\n\n<p>La decisi\u00f3n de Villarruel se suma a una larga lista de ataques al Estado como garante de derechos. El gobierno de Javier Milei ha convertido la motosierra en un credo, y bajo ese dogma cae todo lo que huela a Estado presente. Cierra programas de salud, paraliza obras p\u00fablicas, desfinancia universidades y ajusta jubilaciones. Ahora tambi\u00e9n avanza contra los jardines maternales. A la casta, ni un rasgu\u00f1o.<\/p>\n\n\n\n<p>El cierre del jard\u00edn no fue consultado ni debatido con los gremios. No hubo di\u00e1logo con los trabajadores afectados ni con las familias que, aunque ya no pod\u00edan usar el espacio, exig\u00edan su reapertura. La medida fue impuesta de forma unilateral, como tantas otras en esta administraci\u00f3n donde el autoritarismo ya no se disimula, sino que se reivindica.<\/p>\n\n\n\n<p>Villarruel, adem\u00e1s, elige este tipo de gestos para marcar perfil propio dentro del gobierno. En un contexto donde la vicepresidenta intenta diferenciarse del circo que rodea a Milei, apuesta a la solemnidad institucional, pero siempre al servicio del ajuste y la exclusi\u00f3n. Un jard\u00edn maternal no es negocio. No produce dividendos. No puede venderse en el mercado. Entonces, en la l\u00f3gica libertaria, debe desaparecer.<\/p>\n\n\n\n<p>Pero el valor de lo p\u00fablico no se mide en balances contables. Se mide en vidas transformadas, en derechos garantizados, en barreras que se derriban. El jard\u00edn maternal del Senado representaba todo eso. Era un peque\u00f1o basti\u00f3n de justicia social en un edificio muchas veces ajeno a las necesidades populares. Su cierre es un mensaje claro: para este gobierno, los derechos no son conquistas, son gastos.<\/p>\n\n\n\n<p>Y si hay algo que molesta profundamente a la nueva derecha es aquello que simboliza inclusi\u00f3n, cuidado, comunidad. Porque desmantelar un jard\u00edn de infantes en el coraz\u00f3n del poder legislativo no es una casualidad: es un acto pol\u00edtico. Es el intento de borrar, ladrillo por ladrillo, toda huella de un Estado que alguna vez pens\u00f3 en las mayor\u00edas.<\/p>\n\n\n\n<p>La clausura definitiva del jard\u00edn no responde a una necesidad, sino a una voluntad. A la voluntad de hacer retroceder al pa\u00eds a una etapa pre-estatal, donde los derechos dependan del bolsillo de cada quien, y donde las mujeres \u2013porque principalmente son ellas\u2013 deban elegir entre trabajar o criar. Esa es la verdadera cara de este ajuste. No es t\u00e9cnico. No es inevitable. Es ideol\u00f3gico, planificado, brutal.<\/p>\n\n\n\n<p>Frente a esto, la pregunta no puede ser por qu\u00e9 se cerr\u00f3 el jard\u00edn. La pregunta es por qu\u00e9 permitimos que nos arrebaten derechos conquistados con tanto esfuerzo. Porque cada servicio que se apaga, cada instituci\u00f3n que se desmantela, cada derecho que se pierde, nos acerca a una Argentina m\u00e1s desigual, m\u00e1s injusta, m\u00e1s hostil. Y eso, aunque lo disfracen de \u201ceficiencia\u201d, no es progreso. Es barbarie.<\/p>\n\n\n\n<p><strong>Fuente:<\/strong> <a href=\"https:\/\/www.perfil.com\/noticias\/politica\/villarruel-ordeno-el-cierre-definitivo-del-jardin-de-infantes-del-senado-inaugurado-por-boudou-los-motivos.phtml\">https:\/\/www.perfil.com\/noticias\/politica\/villarruel-ordeno-el-cierre-definitivo-del-jardin-de-infantes-del-senado-inaugurado-por-boudou-los-motivos.phtml<\/a><\/p>\n","protected":false},"excerpt":{"rendered":"<p>Victoria Villarruel cerr\u00f3 el jard\u00edn maternal del Senado, un espacio creado por Amado Boudou en 2011 para apoyar a las familias legislativas. Con la excusa del ahorro, se borra un derecho conquistado. El ajuste del gobierno de Milei avanza sobre lo p\u00fablico y vuelve a golpear a quienes menos tienen.<\/p>\n","protected":false},"author":13,"featured_media":6698,"comment_status":"open","ping_status":"open","sticky":false,"template":"","format":"standard","meta":{"_monsterinsights_skip_tracking":false,"_monsterinsights_sitenote_active":false,"_monsterinsights_sitenote_note":"","_monsterinsights_sitenote_category":0,"footnotes":"","jetpack_publicize_message":"","jetpack_publicize_feature_enabled":true,"jetpack_social_post_already_shared":true,"jetpack_social_options":{"image_generator_settings":{"template":"highway","default_image_id":0,"font":"","enabled":false},"version":2}},"categories":[2],"tags":[58,1398,2176,69,276,2174,2175,45,647,1992],"class_list":["post-6697","post","type-post","status-publish","format-standard","has-post-thumbnail","hentry","category-politica","tag-ajuste","tag-austeridad","tag-boudou","tag-derechos","tag-educacion","tag-infantes","tag-jardin","tag-milei","tag-senado","tag-villarruel"],"jetpack_publicize_connections":[],"_links":{"self":[{"href":"https:\/\/www.enorsai.com\/noticias\/wp-json\/wp\/v2\/posts\/6697","targetHints":{"allow":["GET"]}}],"collection":[{"href":"https:\/\/www.enorsai.com\/noticias\/wp-json\/wp\/v2\/posts"}],"about":[{"href":"https:\/\/www.enorsai.com\/noticias\/wp-json\/wp\/v2\/types\/post"}],"author":[{"embeddable":true,"href":"https:\/\/www.enorsai.com\/noticias\/wp-json\/wp\/v2\/users\/13"}],"replies":[{"embeddable":true,"href":"https:\/\/www.enorsai.com\/noticias\/wp-json\/wp\/v2\/comments?post=6697"}],"version-history":[{"count":3,"href":"https:\/\/www.enorsai.com\/noticias\/wp-json\/wp\/v2\/posts\/6697\/revisions"}],"predecessor-version":[{"id":6702,"href":"https:\/\/www.enorsai.com\/noticias\/wp-json\/wp\/v2\/posts\/6697\/revisions\/6702"}],"wp:featuredmedia":[{"embeddable":true,"href":"https:\/\/www.enorsai.com\/noticias\/wp-json\/wp\/v2\/media\/6698"}],"wp:attachment":[{"href":"https:\/\/www.enorsai.com\/noticias\/wp-json\/wp\/v2\/media?parent=6697"}],"wp:term":[{"taxonomy":"category","embeddable":true,"href":"https:\/\/www.enorsai.com\/noticias\/wp-json\/wp\/v2\/categories?post=6697"},{"taxonomy":"post_tag","embeddable":true,"href":"https:\/\/www.enorsai.com\/noticias\/wp-json\/wp\/v2\/tags?post=6697"}],"curies":[{"name":"wp","href":"https:\/\/api.w.org\/{rel}","templated":true}]}}