{"id":6694,"date":"2025-07-24T05:53:08","date_gmt":"2025-07-24T08:53:08","guid":{"rendered":"https:\/\/www.enorsai.com\/noticias\/?p=6694"},"modified":"2025-07-24T05:53:08","modified_gmt":"2025-07-24T08:53:08","slug":"la-justicia-archivo-la-causa-de-la-pista-digital-que-podria-haber-revelado-quien-estuvo-detras-del-intento-de-magnicidio-a-cfk","status":"publish","type":"post","link":"https:\/\/www.enorsai.com\/noticias\/sociedad\/la-justicia-archivo-la-causa-de-la-pista-digital-que-podria-haber-revelado-quien-estuvo-detras-del-intento-de-magnicidio-a-cfk\/","title":{"rendered":"La Justicia archiv\u00f3 la causa de la pista digital que podr\u00eda haber revelado quien estuvo detr\u00e1s del intento de magnicidio a CFK"},"content":{"rendered":"\n<p><strong><em>La C\u00e1mara Federal porte\u00f1a confirm\u00f3 el cierre de la causa que investigaba la misteriosa eliminaci\u00f3n de los datos del tel\u00e9fono de Fernando Sabag Montiel, el hombre que intent\u00f3 asesinar a la expresidenta. A pesar de las irregularidades, las contradicciones y la persistente opacidad que rodea el caso, los jueces resolvieron que no hubo delito. La decisi\u00f3n deja un sabor amargo: las claves que podr\u00edan haber arrojado luz sobre el atentado m\u00e1s grave desde el retorno de la democracia en Argentina se pierden, una vez m\u00e1s, entre los pliegues del desinter\u00e9s judicial y la conveniencia pol\u00edtica.<\/em><\/strong> Foto: Jorge Larrosa<\/p>\n\n\n\n<p>Hay cr\u00edmenes que quedan impunes. Y hay otros que ni siquiera llegan a investigarse con seriedad. El intento de magnicidio contra Cristina Fern\u00e1ndez de Kirchner parece estar inscripto en esta segunda categor\u00eda. A casi dos a\u00f1os del atentado que paraliz\u00f3 al pa\u00eds y que pudo haber cambiado el curso de la historia argentina, una nueva se\u00f1al de encubrimiento institucional se concreta con el archivo de la causa que investigaba el borrado del contenido del celular del atacante, Fernando Sabag Montiel.<\/p>\n\n\n\n<p>S\u00ed, ley\u00f3 bien: no s\u00f3lo no se sabe qui\u00e9n est\u00e1 detr\u00e1s del intento de asesinato, tampoco se sabr\u00e1 qu\u00e9 conten\u00eda el dispositivo del autor material del hecho. Los datos, que podr\u00edan haber ofrecido pistas clave sobre c\u00f3mplices, v\u00ednculos pol\u00edticos, financieros o ideol\u00f3gicos, fueron eliminados. Y la Justicia decidi\u00f3 que eso no constituye un delito.<\/p>\n\n\n\n<p>La decisi\u00f3n fue tomada por la Sala I de la C\u00e1mara Federal porte\u00f1a. Los jueces Leopoldo Bruglia y Pablo Bertuzzi, dos nombres ya conocidos por sus pol\u00e9micas designaciones y su cercan\u00eda con los sectores m\u00e1s duros del poder judicial y pol\u00edtico, avalaron el sobreseimiento de los t\u00e9cnicos de la Polic\u00eda de Seguridad Aeroportuaria (PSA) que manipularon el tel\u00e9fono de Sabag Montiel en los d\u00edas posteriores al atentado. Lo hicieron con una liviandad que duele. Que indigna.<\/p>\n\n\n\n<p>Recordemos: apenas detenido Sabag Montiel, el 1\u00b0 de septiembre de 2022, su tel\u00e9fono fue secuestrado como prueba clave. Pero su contenido jam\u00e1s pudo recuperarse. La versi\u00f3n oficial sostiene que el error se debi\u00f3 a una \u201cfalla de manipulaci\u00f3n\u201d. En cristiano: lo enchufaron a una computadora sin seguir el protocolo forense y el aparato se resete\u00f3 solo, perdi\u00e9ndose para siempre toda la informaci\u00f3n.<\/p>\n\n\n\n<p>La jueza Mar\u00eda Eugenia Capuchetti, al frente de la investigaci\u00f3n, no s\u00f3lo no actu\u00f3 con celeridad ante semejante irregularidad, sino que desde el primer momento intent\u00f3 minimizar el episodio. El fiscal Carlos R\u00edvolo tampoco impuls\u00f3 medidas dr\u00e1sticas para esclarecer la cadena de responsabilidades. \u00bfPor qu\u00e9 tanto apuro en dar por cerrada una pista tan sensible? \u00bfPor qu\u00e9 ese desinter\u00e9s sistem\u00e1tico en profundizar una investigaci\u00f3n que involucra el coraz\u00f3n mismo del sistema democr\u00e1tico?<\/p>\n\n\n\n<p>El archivo de la causa se apoya en la falta de tipificaci\u00f3n penal clara para el accionar de los t\u00e9cnicos que borraron los datos. Es decir: como no hay una figura espec\u00edfica que encaje perfectamente en el C\u00f3digo Penal, mejor mirar para otro lado. Pero lo que realmente preocupa no es la gimnasia legalista de los jueces, sino el contexto pol\u00edtico e institucional en el que se produce esta decisi\u00f3n.<\/p>\n\n\n\n<p>Desde el comienzo, el atentado contra CFK fue tratado con una dosis asombrosa de frivolidad, sospechosa indiferencia y operaciones medi\u00e1ticas que buscaron diluir su gravedad. El Gobierno de Javier Milei, por supuesto, no tiene el m\u00e1s m\u00ednimo inter\u00e9s en que se esclarezca lo ocurrido. No solo porque desprecia abiertamente la figura de la expresidenta \u2014a quien ha insultado p\u00fablicamente con una virulencia inusitada\u2014, sino porque la narrativa libertaria necesita borrar cualquier posibilidad de que el atentado sea le\u00eddo como un acto pol\u00edtico, como una consecuencia del odio fomentado desde los aparatos comunicacionales aliados al poder econ\u00f3mico.<\/p>\n\n\n\n<p>Mientras Milei y su troupe se dedican a perseguir docentes, cerrar organismos cient\u00edficos, vender las joyas del Estado y burlarse de los sectores populares, la democracia argentina se erosiona en silencio. Porque la democracia no se defiende solo en los discursos, sino en los hechos. Y permitir que un intento de magnicidio quede sin castigo ni verdad es, al fin y al cabo, una forma de complicidad.<\/p>\n\n\n\n<p>La causa del celular borrado no era un expediente menor. Era, en todo caso, la puerta de entrada a una verdad m\u00e1s inc\u00f3moda. Porque detr\u00e1s de Sabag Montiel hab\u00eda una red. Una trama. Una organizaci\u00f3n que lo sostuvo, lo anim\u00f3, lo justific\u00f3 y probablemente lo protegi\u00f3. Ah\u00ed estaban Brenda Uliarte y Gabriel Carrizo, los l\u00edderes de la banda de los \u201ccopitos\u201d, ese grupo surrealista que devino en c\u00e9lula violenta y militante del odio. Ah\u00ed estaban las conexiones con grupos de ultraderecha, con influencers que pregonaban el exterminio del peronismo, con personajes oscuros del submundo de la pol\u00edtica marginal.<\/p>\n\n\n\n<p>El tel\u00e9fono de Sabag Montiel pod\u00eda contener todo eso. Y ahora, no contiene nada. Y la Justicia nos dice que eso no es grave. Que no merece siquiera una investigaci\u00f3n. Que no hay responsables. Que fue un \u201caccidente\u201d.<\/p>\n\n\n\n<p>La resignaci\u00f3n no puede ser la respuesta. La memoria democr\u00e1tica exige otra actitud. Porque si se naturaliza que alguien puede gatillarle un arma a una vicepresidenta en ejercicio, a plena luz del d\u00eda, frente a c\u00e1maras y en medio de una multitud, y que eso no tenga consecuencias reales, estamos abriendo la puerta a un pa\u00eds mucho m\u00e1s oscuro. Un pa\u00eds donde el crimen pol\u00edtico se banaliza, donde el poder judicial opera como encubridor y donde la violencia adquiere carta blanca.<\/p>\n\n\n\n<p>Hoy, con este archivo, se consolida un mensaje perverso: los poderosos no solo deciden qu\u00e9 se investiga, sino tambi\u00e9n qu\u00e9 se olvida. Se nos niega el derecho a la verdad y, peor a\u00fan, se socava la posibilidad de que alguna vez exista justicia. En una Argentina en la que se recortan derechos, se privatiza la vida p\u00fablica y se castiga a quienes luchan, el silenciamiento de este caso es una muestra m\u00e1s de que el proyecto libertario no solo es econ\u00f3mico, sino profundamente antidemocr\u00e1tico.<\/p>\n\n\n\n<p>Hay decisiones judiciales que no solo omiten justicia. Tambi\u00e9n firman sentencias pol\u00edticas.<\/p>\n\n\n\n<p><strong>Fuente:<\/strong><br><a href=\"https:\/\/www.pagina12.com.ar\/844295-adios-a-los-datos-que-podrian-dar-pistas-sobre-el-atentado\">https:\/\/www.pagina12.com.ar\/844295-adios-a-los-datos-que-podrian-dar-pistas-sobre-el-atentado<\/a><\/p>\n","protected":false},"excerpt":{"rendered":"<p>La Justicia archiv\u00f3 la causa por el borrado del celular de Sabag Montiel, dejando impune una pista clave en el intento de magnicidio a Cristina Fern\u00e1ndez. El caso, cargado de irregularidades, confirma que el poder no tiene inter\u00e9s en investigar. La verdad, una vez m\u00e1s, queda sepultada.<\/p>\n","protected":false},"author":11,"featured_media":6695,"comment_status":"open","ping_status":"open","sticky":false,"template":"","format":"standard","meta":{"_monsterinsights_skip_tracking":false,"_monsterinsights_sitenote_active":false,"_monsterinsights_sitenote_note":"","_monsterinsights_sitenote_category":0,"footnotes":"","jetpack_publicize_message":"","jetpack_publicize_feature_enabled":true,"jetpack_social_post_already_shared":true,"jetpack_social_options":{"image_generator_settings":{"template":"highway","default_image_id":0,"font":"","enabled":false},"version":2}},"categories":[4],"tags":[1355,2173,87,209,1303,98,70,45,72,2172],"class_list":["post-6694","post","type-post","status-publish","format-standard","has-post-thumbnail","hentry","category-sociedad","tag-atentado","tag-celular","tag-cristina","tag-democracia","tag-encubrimiento","tag-impunidad","tag-justicia","tag-milei","tag-politica","tag-sabagmontiel"],"jetpack_publicize_connections":[],"_links":{"self":[{"href":"https:\/\/www.enorsai.com\/noticias\/wp-json\/wp\/v2\/posts\/6694","targetHints":{"allow":["GET"]}}],"collection":[{"href":"https:\/\/www.enorsai.com\/noticias\/wp-json\/wp\/v2\/posts"}],"about":[{"href":"https:\/\/www.enorsai.com\/noticias\/wp-json\/wp\/v2\/types\/post"}],"author":[{"embeddable":true,"href":"https:\/\/www.enorsai.com\/noticias\/wp-json\/wp\/v2\/users\/11"}],"replies":[{"embeddable":true,"href":"https:\/\/www.enorsai.com\/noticias\/wp-json\/wp\/v2\/comments?post=6694"}],"version-history":[{"count":1,"href":"https:\/\/www.enorsai.com\/noticias\/wp-json\/wp\/v2\/posts\/6694\/revisions"}],"predecessor-version":[{"id":6696,"href":"https:\/\/www.enorsai.com\/noticias\/wp-json\/wp\/v2\/posts\/6694\/revisions\/6696"}],"wp:featuredmedia":[{"embeddable":true,"href":"https:\/\/www.enorsai.com\/noticias\/wp-json\/wp\/v2\/media\/6695"}],"wp:attachment":[{"href":"https:\/\/www.enorsai.com\/noticias\/wp-json\/wp\/v2\/media?parent=6694"}],"wp:term":[{"taxonomy":"category","embeddable":true,"href":"https:\/\/www.enorsai.com\/noticias\/wp-json\/wp\/v2\/categories?post=6694"},{"taxonomy":"post_tag","embeddable":true,"href":"https:\/\/www.enorsai.com\/noticias\/wp-json\/wp\/v2\/tags?post=6694"}],"curies":[{"name":"wp","href":"https:\/\/api.w.org\/{rel}","templated":true}]}}