{"id":6663,"date":"2025-07-23T22:45:32","date_gmt":"2025-07-24T01:45:32","guid":{"rendered":"https:\/\/www.enorsai.com\/noticias\/?p=6663"},"modified":"2025-07-23T23:30:47","modified_gmt":"2025-07-24T02:30:47","slug":"nicolas-lazarte-disenar-sin-encajar-es-mi-forma-mas-honesta-de-vivir","status":"publish","type":"post","link":"https:\/\/www.enorsai.com\/noticias\/sociedad\/nicolas-lazarte-disenar-sin-encajar-es-mi-forma-mas-honesta-de-vivir\/","title":{"rendered":"Nicol\u00e1s Lazarte: \u201cDise\u00f1ar sin encajar es mi forma m\u00e1s honesta de vivir\u201d"},"content":{"rendered":"\n<p><strong>El dise\u00f1ador de moda Nicol\u00e1s Lazarte construye desde los m\u00e1rgenes: cuerpos no hegem\u00f3nicos, expresiones no binarias y una est\u00e9tica del error como motor creativo. En esta entrevista, habla con crudeza y sensibilidad sobre el juego, la pol\u00edtica y la incomodidad como impulso para transformar la moda.<\/strong><\/p>\n\n\n\n<figure class=\"wp-block-image size-large\"><img loading=\"lazy\" decoding=\"async\" width=\"1024\" height=\"1024\" src=\"https:\/\/www.enorsai.com\/noticias\/wp-content\/uploads\/2025\/07\/1000867638-1-1024x1024.jpg\" alt=\"\" class=\"wp-image-6671\" srcset=\"https:\/\/www.enorsai.com\/noticias\/wp-content\/uploads\/2025\/07\/1000867638-1-1024x1024.jpg 1024w, https:\/\/www.enorsai.com\/noticias\/wp-content\/uploads\/2025\/07\/1000867638-1-300x300.jpg 300w, https:\/\/www.enorsai.com\/noticias\/wp-content\/uploads\/2025\/07\/1000867638-1-150x150.jpg 150w, https:\/\/www.enorsai.com\/noticias\/wp-content\/uploads\/2025\/07\/1000867638-1-768x768.jpg 768w, https:\/\/www.enorsai.com\/noticias\/wp-content\/uploads\/2025\/07\/1000867638-1-1536x1536.jpg 1536w, https:\/\/www.enorsai.com\/noticias\/wp-content\/uploads\/2025\/07\/1000867638-1-2048x2048.jpg 2048w\" sizes=\"auto, (max-width: 1024px) 100vw, 1024px\" \/><\/figure>\n\n\n\n<p>Romper con los c\u00e1nones no es solo una decisi\u00f3n est\u00e9tica, es una postura frente al mundo. Desde una mirada sensible y disruptiva, Nicol\u00e1s Lazarte propone una moda que incomode, que se viva como lenguaje y que abra caminos para quienes nunca se sintieron representades en las pasarelas. En esta charla, reflexiona sobre su proceso creativo, su posicionamiento pol\u00edtico y el deseo de ver m\u00e1s \u00abquilombo\u00bb en las pasarelas.<\/p>\n\n\n\n<figure class=\"wp-block-image size-large\"><img loading=\"lazy\" decoding=\"async\" width=\"828\" height=\"1024\" src=\"https:\/\/www.enorsai.com\/noticias\/wp-content\/uploads\/2025\/07\/1000867607-1-828x1024.png\" alt=\"\" class=\"wp-image-6672\" srcset=\"https:\/\/www.enorsai.com\/noticias\/wp-content\/uploads\/2025\/07\/1000867607-1-828x1024.png 828w, https:\/\/www.enorsai.com\/noticias\/wp-content\/uploads\/2025\/07\/1000867607-1-243x300.png 243w, https:\/\/www.enorsai.com\/noticias\/wp-content\/uploads\/2025\/07\/1000867607-1-768x949.png 768w, https:\/\/www.enorsai.com\/noticias\/wp-content\/uploads\/2025\/07\/1000867607-1.png 1080w\" sizes=\"auto, (max-width: 828px) 100vw, 828px\" \/><\/figure>\n\n\n\n<p><strong> \u00bfC\u00f3mo describir\u00edas tu propuesta de dise\u00f1o en relaci\u00f3n con las normas tradicionales de la moda?<\/strong><\/p>\n\n\n\n<p>Mir\u00e1, hoy en d\u00eda mi propuesta se basa bastante en ir un poco a contramano de lo que suelen exigir las normas tradicionales de la moda: eso pulido, aspiracional, lo \u201ccorrecto\u201d. Me di cuenta de que me siento mucho m\u00e1s c\u00f3modo en un espacio donde lo que \u201cno combina\u201d, combina, donde los errores son parte del dise\u00f1o. Ah\u00ed encuentro algo m\u00e1s real. Me muevo m\u00e1s desde lo que siento que desde lo que se supone que \u201cdebo hacer\u201d. Y siento que desde ah\u00ed tambi\u00e9n se puede hacer algo muy lindo, muy bello.<\/p>\n\n\n\n<p><strong>\u00bfQu\u00e9 te inspira a trabajar con cuerpos y expresiones que no suelen estar presentes en pasarelas convencionales?<\/strong><\/p>\n\n\n\n<p>Justamente, me inspira la incomodidad que puede causar lo no armado. Ver siempre los mismos cuerpos en las pasarelas me aburre. No hay sorpresa, no hay realidad. Me atrae lo que no tiene filtro, lo que tiene identidad. Esos cuerpos, para m\u00ed, transmiten much\u00edsimo m\u00e1s que una modelo h\u00edper entrenada para no molestar a nadie. Yo necesito que lo que muestro diga algo, que sea real.<\/p>\n\n\n\n<p><strong>\u00bfQu\u00e9 significa para vos pensar la moda desde una l\u00f3gica inclusiva y no binaria?<\/strong><\/p>\n\n\n\n<p>Cuando habl\u00e1s de \u201cmoda\u201d, para m\u00ed aparecen dos planos. Por un lado, el l\u00fadico: pensarla desde una l\u00f3gica inclusiva y no binaria es liberador. No hay l\u00edmites, pod\u00e9s dise\u00f1ar sin tener que adaptarte a un cuerpo o g\u00e9nero espec\u00edfico. Se abre un mundo de posibilidades.Pero tambi\u00e9n est\u00e1 el plano pol\u00edtico. Porque existe un mandato binario, excluyente, y frente a eso me posiciono desde otro lugar: mostrar que la moda no tiene que ser ese aparato perverso que te dice \u201cesto es lo que se usa, y si no entr\u00e1s ac\u00e1, adaptate\u201d. Eso me parece cruel, hasta est\u00fapido. Prefiero dise\u00f1ar para personas, no para g\u00e9neros ni estereotipos.<\/p>\n\n\n\n<p><strong>\u00bfC\u00f3mo reaccionan los p\u00fablicos y las marcas frente a tus decisiones disruptivas?<\/strong><\/p>\n\n\n\n<p>Te soy sincero: me gustar\u00eda que se asusten. Pero no desde el miedo, sino desde la incomodidad. Esa incomodidad genera preguntas, y eso para m\u00ed es lo m\u00e1s importante. Al principio me importaba mucho qu\u00e9 pensaban los dem\u00e1s. Hoy, lo hago porque me expreso, porque me gusta. Y si eso incomoda y genera una pregunta, el trabajo ya est\u00e1 hecho.<\/p>\n\n\n\n<p><strong>\u00bfCre\u00e9s que la moda puede ser una herramienta para empoderar a personas neurodivergentes o con discapacidad?<\/strong><\/p>\n\n\n\n<p>Totalmente. Para m\u00ed no es que \u201cpuede ser\u201d, es que es la herramienta. La moda es una extensi\u00f3n del cuerpo, una forma de comunicar y narrar identidad sin decir una palabra. Pero para eso hay que dejar de verla solo como algo est\u00e9tico y empezar a entenderla como una forma de expresi\u00f3n.<\/p>\n\n\n\n<p><strong>\u00bfTrabajaste o te interesar\u00eda trabajar con agencias como Somos Diversity?<\/strong><\/p>\n\n\n\n<p>No trabaj\u00e9 todav\u00eda, pero por supuesto que me interesa. Me parece fundamental dejar de usar la diversidad como recurso simb\u00f3lico o de marketing. Hay que construir desde una representaci\u00f3n real, y creo que Somos Diversity lo logra.<\/p>\n\n\n\n<p><strong>\u00bfQu\u00e9 desaf\u00edos enfrent\u00e1s al intentar salir de los moldes est\u00e9ticos o corporales tradicionales?<\/strong><\/p>\n\n\n\n<p>El mayor desaf\u00edo es interno. Hay una mirada externa que te pisa fuerte, pero la confianza es lo que m\u00e1s cuesta. A veces cuesta encontrar referentes o espacios donde uno sienta que su forma de crear es v\u00e1lida. Pero insisto: el desaf\u00edo m\u00e1s grande est\u00e1 en confiar en la propia voz, cuando todo alrededor te dice lo contrario.<\/p>\n\n\n\n<figure class=\"wp-block-image size-large\"><img loading=\"lazy\" decoding=\"async\" width=\"816\" height=\"1024\" src=\"https:\/\/www.enorsai.com\/noticias\/wp-content\/uploads\/2025\/07\/1000867609-816x1024.png\" alt=\"\" class=\"wp-image-6673\" srcset=\"https:\/\/www.enorsai.com\/noticias\/wp-content\/uploads\/2025\/07\/1000867609-816x1024.png 816w, https:\/\/www.enorsai.com\/noticias\/wp-content\/uploads\/2025\/07\/1000867609-239x300.png 239w, https:\/\/www.enorsai.com\/noticias\/wp-content\/uploads\/2025\/07\/1000867609-768x964.png 768w, https:\/\/www.enorsai.com\/noticias\/wp-content\/uploads\/2025\/07\/1000867609.png 1080w\" sizes=\"auto, (max-width: 816px) 100vw, 816px\" \/><\/figure>\n\n\n\n<p><strong>\u00bfCu\u00e1nto de tu propuesta es una declaraci\u00f3n pol\u00edtica? \u00bfSent\u00eds que incomoda al sistema de la moda?<\/strong><\/p>\n\n\n\n<p>Sin dudas, todo es pol\u00edtico. No trabajar con cuerpos hegem\u00f3nicos, no seguir tendencias, re\u00edrme del \u201cbuen gusto\u201d, todo eso es pol\u00edtico. Y s\u00ed, incomoda. Hace un tiempo dej\u00e9 de buscar caer bien y empec\u00e9 a ser m\u00e1s fiel a lo que realmente quiero hacer. Eso incomoda, pero es necesario. Me parece espectacular plantarme ah\u00ed.<\/p>\n\n\n\n<p><strong>\u00bfQu\u00e9 te gustar\u00eda ver en las pasarelas dentro de cinco o diez a\u00f1os?<\/strong><\/p>\n\n\n\n<p>Me encantar\u00eda ver m\u00e1s quilombo. M\u00e1s mezcla, m\u00e1s diversidad, m\u00e1s gente com\u00fan. Que la moda se viva m\u00e1s en la calle que en la pasarela. Que sea un s\u00edmbolo de expresi\u00f3n y de identidad. Que se despegue de esa cosa acartonada que te dice \u201cesto es lo que se usa\u201d.<\/p>\n\n\n\n<p><strong>\u00bfQu\u00e9 consejo le dar\u00edas a j\u00f3venes que quieren expresarse con la ropa pero no se sienten representades por la moda actual?<\/strong><\/p>\n\n\n\n<p>No s\u00e9 si estoy en condiciones de dar consejos, pero bueno&#8230; Si no te sent\u00eds representade, ese es el motor. Eso te mueve a buscar o crear tus propios espacios. Y si no existen, hay que inventarlos. Lo distinto muchas veces se se\u00f1ala como error, pero para m\u00ed eso es lenguaje puro. As\u00ed que: busc\u00e1 tu lugar, y si no est\u00e1, crealo.<\/p>\n\n\n\n<p><strong>\u00bfC\u00f3mo viv\u00eds en tu cuerpo y en tu vestimenta esa ruptura con los c\u00e1nones de g\u00e9nero?<\/strong><\/p>\n\n\n\n<p>Hoy la vivo con una libertad hermosa. Empec\u00e9 haciendo esto para sacarme cierta verg\u00fcenza, porque fui muy t\u00edmido. Hoy me divierte, me provoca. A veces soy re masculino, otras re femenino, y hace poco entend\u00ed que no tiene sentido buscarle sentido. Y eso me trajo mucha paz.<\/p>\n\n\n\n<p><strong>\u00bfSent\u00eds que tu forma de vestirte y dise\u00f1ar puede abrir caminos para otras personas fuera de los estereotipos?<\/strong><\/p>\n\n\n\n<p>Ojal\u00e1. No busco ser referente, pero si alguien al verme se siente un poquito m\u00e1s libre o m\u00e1s seguro, para m\u00ed ya est\u00e1. Demostrar que se puede vivir la moda sin encajar, y que est\u00e1 todo bien con eso.<\/p>\n\n\n\n<p><strong>\u00bfHay algo de provocaci\u00f3n deliberada en tu trabajo o simplemente es una forma honesta de expresarte?<\/strong><\/p>\n\n\n\n<p>Creo que hay un poco de las dos cosas. Sin duda hay provocaci\u00f3n: es una forma de decir \u201cac\u00e1 estoy, aunque no encaje\u201d. Pero no lo hago como marketing, es una necesidad. Es mi forma m\u00e1s honesta de vivir. Y, si adem\u00e1s de expresarme, logro provocar una pregunta o una incomodidad, ya es un combo hermos\u00edsimo.<\/p>\n\n\n\n<figure class=\"wp-block-image size-large\"><img loading=\"lazy\" decoding=\"async\" width=\"1024\" height=\"1014\" src=\"https:\/\/www.enorsai.com\/noticias\/wp-content\/uploads\/2025\/07\/1000867611-1024x1014.png\" alt=\"\" class=\"wp-image-6674\" srcset=\"https:\/\/www.enorsai.com\/noticias\/wp-content\/uploads\/2025\/07\/1000867611-1024x1014.png 1024w, https:\/\/www.enorsai.com\/noticias\/wp-content\/uploads\/2025\/07\/1000867611-300x297.png 300w, https:\/\/www.enorsai.com\/noticias\/wp-content\/uploads\/2025\/07\/1000867611-150x150.png 150w, https:\/\/www.enorsai.com\/noticias\/wp-content\/uploads\/2025\/07\/1000867611-768x760.png 768w, https:\/\/www.enorsai.com\/noticias\/wp-content\/uploads\/2025\/07\/1000867611.png 1080w\" sizes=\"auto, (max-width: 1024px) 100vw, 1024px\" \/><\/figure>\n\n\n\n<p><\/p>\n\n\n\n<p><\/p>\n\n\n\n<p><\/p>\n\n\n\n<p><\/p>\n\n\n\n<p><\/p>\n\n\n\n<p><\/p>\n\n\n\n<p><\/p>\n\n\n\n<p><\/p>\n\n\n\n<p><\/p>\n\n\n\n<p><\/p>\n\n\n\n<p><\/p>\n","protected":false},"excerpt":{"rendered":"<p>El dise\u00f1ador de moda Nicol\u00e1s Lazarte construye desde los m\u00e1rgenes: cuerpos no hegem\u00f3nicos, expresiones no binarias y una est\u00e9tica del error como motor creativo. En esta entrevista, habla con crudeza y sensibilidad sobre el juego, la pol\u00edtica y la incomodidad como impulso para transformar la moda. Romper con los c\u00e1nones no es solo una decisi\u00f3n&#8230;<\/p>\n","protected":false},"author":15,"featured_media":6674,"comment_status":"open","ping_status":"open","sticky":false,"template":"","format":"standard","meta":{"_monsterinsights_skip_tracking":false,"_monsterinsights_sitenote_active":false,"_monsterinsights_sitenote_note":"","_monsterinsights_sitenote_category":0,"footnotes":"","jetpack_publicize_message":"","jetpack_publicize_feature_enabled":true,"jetpack_social_post_already_shared":true,"jetpack_social_options":{"image_generator_settings":{"template":"highway","default_image_id":0,"font":"","enabled":false},"version":2}},"categories":[5,17,4],"tags":[663,1068],"class_list":["post-6663","post","type-post","status-publish","format-standard","has-post-thumbnail","hentry","category-cultura","category-opinion","category-sociedad","tag-cultura","tag-moda"],"jetpack_publicize_connections":[],"_links":{"self":[{"href":"https:\/\/www.enorsai.com\/noticias\/wp-json\/wp\/v2\/posts\/6663","targetHints":{"allow":["GET"]}}],"collection":[{"href":"https:\/\/www.enorsai.com\/noticias\/wp-json\/wp\/v2\/posts"}],"about":[{"href":"https:\/\/www.enorsai.com\/noticias\/wp-json\/wp\/v2\/types\/post"}],"author":[{"embeddable":true,"href":"https:\/\/www.enorsai.com\/noticias\/wp-json\/wp\/v2\/users\/15"}],"replies":[{"embeddable":true,"href":"https:\/\/www.enorsai.com\/noticias\/wp-json\/wp\/v2\/comments?post=6663"}],"version-history":[{"count":6,"href":"https:\/\/www.enorsai.com\/noticias\/wp-json\/wp\/v2\/posts\/6663\/revisions"}],"predecessor-version":[{"id":6681,"href":"https:\/\/www.enorsai.com\/noticias\/wp-json\/wp\/v2\/posts\/6663\/revisions\/6681"}],"wp:featuredmedia":[{"embeddable":true,"href":"https:\/\/www.enorsai.com\/noticias\/wp-json\/wp\/v2\/media\/6674"}],"wp:attachment":[{"href":"https:\/\/www.enorsai.com\/noticias\/wp-json\/wp\/v2\/media?parent=6663"}],"wp:term":[{"taxonomy":"category","embeddable":true,"href":"https:\/\/www.enorsai.com\/noticias\/wp-json\/wp\/v2\/categories?post=6663"},{"taxonomy":"post_tag","embeddable":true,"href":"https:\/\/www.enorsai.com\/noticias\/wp-json\/wp\/v2\/tags?post=6663"}],"curies":[{"name":"wp","href":"https:\/\/api.w.org\/{rel}","templated":true}]}}