{"id":6659,"date":"2025-07-23T22:14:18","date_gmt":"2025-07-24T01:14:18","guid":{"rendered":"https:\/\/www.enorsai.com\/noticias\/?p=6659"},"modified":"2025-07-23T22:14:18","modified_gmt":"2025-07-24T01:14:18","slug":"mayans-lamela-es-un-virrey-que-cruzo-todos-los-limites","status":"publish","type":"post","link":"https:\/\/www.enorsai.com\/noticias\/politica\/mayans-lamela-es-un-virrey-que-cruzo-todos-los-limites\/","title":{"rendered":"Mayans: \u201cLamela es un virrey que cruz\u00f3 todos los l\u00edmites\u201d"},"content":{"rendered":"\n<p><strong>El senador Jos\u00e9 Mayans acus\u00f3 al embajador propuesto por EE.UU. de violar el derecho internacional y critic\u00f3 duramente al Gobierno de Milei por su sometimiento a Washington.<\/strong><\/p>\n\n\n\n<h2 class=\"wp-block-heading\">Un embajador que act\u00faa como virrey<\/h2>\n\n\n\n<p>En una entrevista con <em>Radio 10<\/em>, el senador nacional <strong>Jos\u00e9 Mayans<\/strong> (Uni\u00f3n por la Patria) arremeti\u00f3 contra Peter Lamela, el designado embajador de <strong>Estados Unidos en Argentina<\/strong>, a quien acus\u00f3 de \u201ccruzar todos los l\u00edmites\u201d y tener una visi\u00f3n \u201cde virrey\u201d sobre el pa\u00eds.<\/p>\n\n\n\n<p>\u201c<strong>Este es Braden reforzado<\/strong>, cruz\u00f3 todos los l\u00edmites y viol\u00f3 el derecho internacional\u201d, sentenci\u00f3 Mayans, al tiempo que anunci\u00f3 que <strong>Uni\u00f3n por la Patria no dar\u00e1 qu\u00f3rum para su aprobaci\u00f3n<\/strong>.<\/p>\n\n\n\n<h3 class=\"wp-block-heading\">Injerencia, amenazas y colonialismo 2.0<\/h3>\n\n\n\n<p>Mayans calific\u00f3 como \u201c<strong>inadmisibles<\/strong>\u201d las declaraciones de Lamela sobre posibles represalias a gobernadores que mantengan v\u00ednculos comerciales con China: \u201cEs un desastre. Quiere entrar a las provincias a decir qui\u00e9n es honesto y qui\u00e9n no. \u00bfA Formosa va a venir con ese discurso?\u201d<\/p>\n\n\n\n<p>Adem\u00e1s, advirti\u00f3 que Lamela \u201chabl\u00f3 de hacerle pagar a Cristina\u201d, en clara alusi\u00f3n a la expresidenta, y consider\u00f3 que su desembarco \u201c<strong>viene a garantizar el lawfare<\/strong> y el disciplinamiento judicial en favor de intereses extranjeros\u201d.<\/p>\n\n\n\n<p>Seg\u00fan el senador, <strong>la Justicia argentina ya est\u00e1 colonizada<\/strong>: \u201cTenemos un Consejo de la Magistratura armado por ellos, con una ley derogada que Rosatti revivi\u00f3 para manejar todo. Es inaceptable\u201d.<\/p>\n\n\n\n<figure class=\"wp-block-embed is-type-wp-embed is-provider-incrustado wp-block-embed-incrustado\"><div class=\"wp-block-embed__wrapper\">\n<blockquote class=\"wp-embedded-content\" data-secret=\"camC5kuAaG\"><a href=\"https:\/\/www.enorsai.com\/noticias\/politica\/el-emporio-millonario-del-hijo-de-bullrich-70-bares-una-denuncia-congelada-y-muchas-sospechas\/\">El emporio millonario del hijo de Bullrich: 70 bares, una denuncia congelada y muchas sospechas<\/a><\/blockquote><iframe loading=\"lazy\" class=\"wp-embedded-content\" sandbox=\"allow-scripts\" security=\"restricted\" style=\"position: absolute; visibility: hidden;\" title=\"\u00abEl emporio millonario del hijo de Bullrich: 70 bares, una denuncia congelada y muchas sospechas\u00bb \u2014 \" src=\"https:\/\/www.enorsai.com\/noticias\/politica\/el-emporio-millonario-del-hijo-de-bullrich-70-bares-una-denuncia-congelada-y-muchas-sospechas\/embed\/#?secret=xLNbDMmAYL#?secret=camC5kuAaG\" data-secret=\"camC5kuAaG\" width=\"600\" height=\"338\" frameborder=\"0\" marginwidth=\"0\" marginheight=\"0\" scrolling=\"no\"><\/iframe>\n<\/div><\/figure>\n\n\n\n<h2 class=\"wp-block-heading\">Milei, endeudamiento y bicicleta financiera<\/h2>\n\n\n\n<p>Mayans tambi\u00e9n se refiri\u00f3 al modelo econ\u00f3mico del Gobierno de Javier Milei: \u201cInstalan una <strong>bicicleta financiera<\/strong> insostenible con una tasa del 80% y una inflaci\u00f3n que hizo saltar la canasta b\u00e1sica de 254 mil a m\u00e1s de 1 mill\u00f3n de pesos\u201d.<\/p>\n\n\n\n<p>\u201c<strong>Milei necesita a EE.UU. para que le sigan prestando plata<\/strong>. Por eso acepta este tipo de embajadores que nos humillan\u201d, denunci\u00f3.<\/p>\n\n\n\n<p>En esa l\u00ednea, sostuvo que el presidente \u201ctiene un grado de sometimiento brutal\u201d y que \u201cnos est\u00e1n convirtiendo en un <strong>pa\u00eds sat\u00e9lite<\/strong>, sin desarrollo industrial, ni cient\u00edfico, ni tecnol\u00f3gico\u201d.<\/p>\n\n\n\n<h3 class=\"wp-block-heading\">Jubilaciones y vetos: el Congreso en la mira<\/h3>\n\n\n\n<p>Consultado por el posible veto presidencial a proyectos como el aumento jubilatorio o la emergencia en discapacidad, Mayans advirti\u00f3: \u201c<strong>El Congreso va a tener un rol clave<\/strong>. Milei no tiene volumen pol\u00edtico para sostener esos vetos.\u201d<\/p>\n\n\n\n<p>Adem\u00e1s, asegur\u00f3 que la f\u00f3rmula jubilatoria actual \u201cno tiene sustento legal\u201d y que con la anterior \u201cla m\u00ednima deber\u00eda estar cerca de <strong>600 mil pesos<\/strong>\u201d.<\/p>\n\n\n\n<p>\u201cEst\u00e1n destruyendo el sistema previsional y dejando a los jubilados en la indigencia. No hay ley que respalde este ajuste econ\u00f3mico brutal\u201d, dijo.<\/p>\n\n\n\n<h2 class=\"wp-block-heading\">Un presidente fuera de control<\/h2>\n\n\n\n<p>Mayans critic\u00f3 duramente las formas del presidente: \u201cLe sacan la camisa de fuerza y lo largan a decir cualquier cosa. Humilla a los gobernadores, trata de \u2018mandriles\u2019 a quienes no se le alinean, y llama traidora a la presidenta del Senado\u201d.<\/p>\n\n\n\n<p>\u201c<strong>No est\u00e1 a la altura de la primera magistratura<\/strong>. La institucionalidad est\u00e1 siendo destruida por el propio presidente\u201d, dispar\u00f3.<\/p>\n\n\n\n<h3 class=\"wp-block-heading\">Lecturas relacionadas<\/h3>\n\n\n\n<p>Le\u00e9 tambi\u00e9n: <a href=\"https:\/\/www.enorsai.com.ar\/politica\/42077-la-embajada-y-el-miedo-de-los-poderosos-a-una-justicia-libre.html\" target=\"_blank\" rel=\"noreferrer noopener\">La Embajada y el miedo de los poderosos a una justicia libre<\/a><\/p>\n\n\n\n<hr class=\"wp-block-separator has-alpha-channel-opacity\"\/>\n\n\n\n<p><strong>\u00bfQuer\u00e9s visibilizar tu marca en medios cr\u00edticos y populares?<\/strong><br>Empresas, cooperativas y emprendimientos pueden publicar notas patrocinadas y backlinks en En Orsai. <a href=\"https:\/\/www.enorsai.com.ar\/contacto.html\" target=\"_blank\" rel=\"noreferrer noopener\">Hac\u00e9 clic ac\u00e1 para m\u00e1s informaci\u00f3n<\/a>.<\/p>\n","protected":false},"excerpt":{"rendered":"<p>El senador Jos\u00e9 Mayans acus\u00f3 al embajador propuesto por EE.UU. de violar el derecho internacional y critic\u00f3 duramente al Gobierno de Milei por su sometimiento a Washington. Un embajador que act\u00faa como virrey En una entrevista con Radio 10, el senador nacional Jos\u00e9 Mayans (Uni\u00f3n por la Patria) arremeti\u00f3 contra Peter Lamela, el designado embajador&#8230;<\/p>\n","protected":false},"author":4,"featured_media":6660,"comment_status":"open","ping_status":"open","sticky":false,"template":"","format":"standard","meta":{"_monsterinsights_skip_tracking":false,"_monsterinsights_sitenote_active":false,"_monsterinsights_sitenote_note":"","_monsterinsights_sitenote_category":0,"footnotes":"","jetpack_publicize_message":"Lamela y Milei bajo la bandera que manda","jetpack_publicize_feature_enabled":true,"jetpack_social_post_already_shared":false,"jetpack_social_options":{"image_generator_settings":{"template":"highway","default_image_id":0,"enabled":false},"version":2}},"categories":[7,2],"tags":[1491,2165,778,2168,2167,2161,90,2162,2169,45,2159,2160,2163,2166,2164,493],"class_list":["post-6659","post","type-post","status-publish","format-standard","has-post-thumbnail","hentry","category-mundo","category-politica","tag-ajuste-economico","tag-bandera-de-estados-unidos","tag-crisis-institucional","tag-deuda-externa","tag-discurso-del-odio","tag-embajador-estados-unidos","tag-fmi","tag-injerencia-extranjera","tag-medios-hegemonicos","tag-milei","tag-milei-peter-lamela","tag-peter-lamela","tag-politica-exterior-argentina","tag-senado-argentino","tag-soberania-nacional","tag-union-por-la-patria"],"jetpack_publicize_connections":[],"_links":{"self":[{"href":"https:\/\/www.enorsai.com\/noticias\/wp-json\/wp\/v2\/posts\/6659","targetHints":{"allow":["GET"]}}],"collection":[{"href":"https:\/\/www.enorsai.com\/noticias\/wp-json\/wp\/v2\/posts"}],"about":[{"href":"https:\/\/www.enorsai.com\/noticias\/wp-json\/wp\/v2\/types\/post"}],"author":[{"embeddable":true,"href":"https:\/\/www.enorsai.com\/noticias\/wp-json\/wp\/v2\/users\/4"}],"replies":[{"embeddable":true,"href":"https:\/\/www.enorsai.com\/noticias\/wp-json\/wp\/v2\/comments?post=6659"}],"version-history":[{"count":1,"href":"https:\/\/www.enorsai.com\/noticias\/wp-json\/wp\/v2\/posts\/6659\/revisions"}],"predecessor-version":[{"id":6661,"href":"https:\/\/www.enorsai.com\/noticias\/wp-json\/wp\/v2\/posts\/6659\/revisions\/6661"}],"wp:featuredmedia":[{"embeddable":true,"href":"https:\/\/www.enorsai.com\/noticias\/wp-json\/wp\/v2\/media\/6660"}],"wp:attachment":[{"href":"https:\/\/www.enorsai.com\/noticias\/wp-json\/wp\/v2\/media?parent=6659"}],"wp:term":[{"taxonomy":"category","embeddable":true,"href":"https:\/\/www.enorsai.com\/noticias\/wp-json\/wp\/v2\/categories?post=6659"},{"taxonomy":"post_tag","embeddable":true,"href":"https:\/\/www.enorsai.com\/noticias\/wp-json\/wp\/v2\/tags?post=6659"}],"curies":[{"name":"wp","href":"https:\/\/api.w.org\/{rel}","templated":true}]}}