{"id":6656,"date":"2025-07-23T19:39:35","date_gmt":"2025-07-23T22:39:35","guid":{"rendered":"https:\/\/www.enorsai.com\/noticias\/?p=6656"},"modified":"2025-07-23T19:39:35","modified_gmt":"2025-07-23T22:39:35","slug":"bullrich-y-el-desamparo-discapacidad-en-la-mira-de-la-motosierra-y-la-ignorancia","status":"publish","type":"post","link":"https:\/\/www.enorsai.com\/noticias\/politica\/bullrich-y-el-desamparo-discapacidad-en-la-mira-de-la-motosierra-y-la-ignorancia\/","title":{"rendered":"Bullrich y el desamparo: Discapacidad en la mira de la motosierra y la ignorancia"},"content":{"rendered":"\n<p><strong>El Foro Permanente Discapacidad desnuda la cruda realidad detr\u00e1s de las pol\u00e9micas declaraciones de la Ministra de Seguridad, Patricia Bullrich. Entre la desinformaci\u00f3n y el ajuste, miles de vidas est\u00e1n en juego.<\/strong><\/p>\n\n\n\n<hr class=\"wp-block-separator has-alpha-channel-opacity\"\/>\n\n\n\n<p>En un contexto de ajuste brutal y discursos que rozan la crueldad, las palabras de Patricia Bullrich en LN+ resonaron con la fuerza de un dardo envenenado para la comunidad de personas con discapacidad. \u00abAl que tiene una discapacidad no se lo va a tocar\u00bb, dispar\u00f3 la Ministra, una frase que, lejos de llevar tranquilidad, desat\u00f3 una alarma que el Foro Permanente Discapacidad no tard\u00f3 en desactivar con la contundencia de los datos y la realidad cotidiana.<\/p>\n\n\n\n<p>La afirmaci\u00f3n de Bullrich, pronunciada el pasado 13 de julio, se cae a pedazos frente a un panorama desolador: <strong>retraso arancelario<\/strong>, <strong>prestadores de servicios que cierran sus puertas<\/strong>, <strong>transportes inaccesibles<\/strong> y <strong>familias desbordadas<\/strong>. La ecuaci\u00f3n es sencilla y dolorosa: sin financiamiento adecuado, los servicios esenciales para la vida de miles de argentinos y argentinas con discapacidad se desvanecen. \u00bfAcaso no es eso \u00abtocar\u00bb a quienes m\u00e1s lo necesitan?<\/p>\n\n\n\n<figure class=\"wp-block-embed is-type-wp-embed is-provider-incrustado wp-block-embed-incrustado\"><div class=\"wp-block-embed__wrapper\">\n<blockquote class=\"wp-embedded-content\" data-secret=\"KFGhNBz7eJ\"><a href=\"https:\/\/www.enorsai.com\/noticias\/politica\/el-emporio-millonario-del-hijo-de-bullrich-70-bares-una-denuncia-congelada-y-muchas-sospechas\/\">El emporio millonario del hijo de Bullrich: 70 bares, una denuncia congelada y muchas sospechas<\/a><\/blockquote><iframe loading=\"lazy\" class=\"wp-embedded-content\" sandbox=\"allow-scripts\" security=\"restricted\" style=\"position: absolute; visibility: hidden;\" title=\"\u00abEl emporio millonario del hijo de Bullrich: 70 bares, una denuncia congelada y muchas sospechas\u00bb \u2014 \" src=\"https:\/\/www.enorsai.com\/noticias\/politica\/el-emporio-millonario-del-hijo-de-bullrich-70-bares-una-denuncia-congelada-y-muchas-sospechas\/embed\/#?secret=6xpK91wPMQ#?secret=KFGhNBz7eJ\" data-secret=\"KFGhNBz7eJ\" width=\"600\" height=\"338\" frameborder=\"0\" marginwidth=\"0\" marginheight=\"0\" scrolling=\"no\"><\/iframe>\n<\/div><\/figure>\n\n\n\n<h3 class=\"wp-block-heading\">El Certificado \u00danico de Discapacidad (CUD) bajo sospecha: \u00bfFalsedad o estigmatizaci\u00f3n?<\/h3>\n\n\n\n<p>Pero la Ministra fue m\u00e1s all\u00e1, instalando una de las frases m\u00e1s da\u00f1inas y recurrentes del imaginario neoliberal: \u00abPor cada persona con discapacidad hay una persona con discapacidad falsa\u00bb. Una sentencia lapidaria que, sin ning\u00fan tipo de sustento probatorio, arroja un manto de sospecha sobre el 50% de las personas con CUD.<\/p>\n\n\n\n<p>El Foro, con la autoridad de quien conoce el sistema, no dud\u00f3 en preguntar: <strong>\u00bfen qu\u00e9 evidencia se basa semejante acusaci\u00f3n?<\/strong> El proceso de obtenci\u00f3n del CUD es p\u00fablico, regulado y auditado por profesionales. Acusar a la mitad de los beneficiarios de fraude sin pruebas, es, adem\u00e1s de irresponsable, una acci\u00f3n que busca <strong>deslegitimar un derecho<\/strong> y <strong>sembrar desconfianza<\/strong> en la sociedad. Incluso si la referencia era a las pensiones no contributivas, como luego se quiso interpretar, la falta de aclaraci\u00f3n en el momento clave y la ausencia de datos concretos sobre la supuesta auditor\u00eda gubernamental, dejan a la afirmaci\u00f3n en un terreno pantanoso de mera especulaci\u00f3n malintencionada.<\/p>\n\n\n\n<figure class=\"wp-block-embed is-type-wp-embed is-provider-incrustado wp-block-embed-incrustado\"><div class=\"wp-block-embed__wrapper\">\n<blockquote class=\"wp-embedded-content\" data-secret=\"rKraGex4oe\"><a href=\"https:\/\/www.enorsai.com\/noticias\/politica\/la-libertad-avanza-gasto-107-671-276-en-publicidad-con-plata-del-estado-el-ultimo-mes\/\">La Libertad Avanza gast\u00f3 $107.671.276 en publicidad con plata del Estado el \u00faltimo mes<\/a><\/blockquote><iframe loading=\"lazy\" class=\"wp-embedded-content\" sandbox=\"allow-scripts\" security=\"restricted\" style=\"position: absolute; visibility: hidden;\" title=\"\u00abLa Libertad Avanza gast\u00f3 $107.671.276 en publicidad con plata del Estado el \u00faltimo mes\u00bb \u2014 \" src=\"https:\/\/www.enorsai.com\/noticias\/politica\/la-libertad-avanza-gasto-107-671-276-en-publicidad-con-plata-del-estado-el-ultimo-mes\/embed\/#?secret=gjqhoKRh38#?secret=rKraGex4oe\" data-secret=\"rKraGex4oe\" width=\"600\" height=\"338\" frameborder=\"0\" marginwidth=\"0\" marginheight=\"0\" scrolling=\"no\"><\/iframe>\n<\/div><\/figure>\n\n\n\n<h3 class=\"wp-block-heading\">La verdad de los aranceles: Una brecha abismal que nadie quiere ver<\/h3>\n\n\n\n<p>Bullrich tambi\u00e9n se refiri\u00f3 a que a los prestadores \u00able pagan la mitad\u00bb. Una \u00abverdad\u00bb a medias, o m\u00e1s bien, una mentira completa que el Foro se encarg\u00f3 de desmentir con precisi\u00f3n quir\u00fargica. No todas las personas con pensi\u00f3n acceden a las prestaciones de la Ley 24.901, y el Programa Federal Incluir Salud cubre a un n\u00famero mucho menor de lo que se insin\u00faa.<\/p>\n\n\n\n<p>Pero lo m\u00e1s grave es la cifra: los prestadores <strong>no reciben la mitad, sino que el desfase con la inflaci\u00f3n acumulada asciende a un escalofriante 78%<\/strong>. Los aumentos arancelarios, cuando llegan, son migajas que no cubren los costos reales y se ubican sistem\u00e1ticamente por debajo de cualquier \u00edndice inflacionario. El \u00faltimo, en diciembre de 2024, dej\u00f3 el 2025 en un limbo de desfinanciamiento. Y ac\u00e1 viene el dato crucial que muchos ignoran o eligen ignorar: el Estado nacional <strong>NO financia la totalidad<\/strong> de las prestaciones; obras sociales, prepagas y PAMI tambi\u00e9n son actores fundamentales que aportan recursos propios, no del presupuesto nacional.<\/p>\n\n\n\n<h3 class=\"wp-block-heading\">\u00ab\u00bfSi se ordena todo se le va a pagar m\u00e1s a los prestadores?\u00bb: La promesa vac\u00eda de siempre<\/h3>\n\n\n\n<p>La idea de \u00abordenar\u00bb para mejorar los pagos es atractiva en el discurso, pero una quimera en la realidad. \u00abDudamos que esos fondos se destinen efectivamente a la atenci\u00f3n de las personas con discapacidad\u00bb, sentenci\u00f3 el Foro, amparado en casi 30 a\u00f1os de experiencia. La historia reciente es clara: ning\u00fan gobierno ha mostrado un compromiso real con el costo efectivo de las prestaciones. Estudios t\u00e9cnicos que demuestran la necesidad de aumentos significativos son sistem\u00e1ticamente desestimados.<\/p>\n\n\n\n<p>Mientras tanto, la cr\u00edtica a los prestadores abunda, pero el seguimiento del proceso de atenci\u00f3n es escaso. Sobran auditor\u00edas que \u00abexceden el marco normativo\u00bb, pero faltan respuestas a c\u00f3mo las instituciones se sostienen con pagos atrasados e incrementos salariales que afrontar.<\/p>\n\n\n\n<h3 class=\"wp-block-heading\">La pobreza como guerra silenciosa: El verdadero origen de la discapacidad en Argentina<\/h3>\n\n\n\n<p>Finalmente, la frase m\u00e1s indignante de Bullrich: la Argentina \u00abno ha tenido una guerra\u00bb que justifique el n\u00famero de personas con discapacidad. Un argumento simplista y falaz que oculta una verdad mucho m\u00e1s profunda y dolorosa.<\/p>\n\n\n\n<p>Mientras la Ministra busca guerras imaginarias, la realidad golpea con la contundencia de la <strong>pobreza estructural<\/strong>. Con m\u00e1s del 60% de pobreza en los \u00faltimos a\u00f1os, y d\u00e9cadas sin bajar del 20%, la Argentina s\u00ed ha tenido y sigue teniendo su propia guerra silenciosa. Una guerra que genera <strong>enfermedad, accidentes, desnutrici\u00f3n, falta de acceso a la salud y a la atenci\u00f3n temprana<\/strong>.<\/p>\n\n\n\n<p>Las cifras lo demuestran: entre 4.5 y 6.8 millones de personas con discapacidad habitan nuestro pa\u00eds. Y si le aplicamos los \u00edndices de pobreza, hablamos de millones de personas con discapacidad en situaci\u00f3n de vulnerabilidad. \u00abNacer y crecer en condiciones de pobreza implica, muchas veces, secuelas que no se superan \u00fanicamente con un mayor ingreso econ\u00f3mico\u00bb, sentenci\u00f3 el Foro. La discapacidad en Argentina no es \u00abproducto de una construcci\u00f3n artificial ni de intereses malintencionados\u00bb; es una consecuencia directa de la desigualdad.<\/p>\n\n\n\n<p>Las declaraciones de Bullrich, m\u00e1s all\u00e1 de la ignorancia o la mala fe, ponen en evidencia una peligrosa desconexi\u00f3n con la realidad de un sector que, lejos de buscar privilegios, lucha por el acceso a derechos fundamentales. La pelota est\u00e1 ahora en el tejado de la Ministra: \u00bfreconsiderar\u00e1 sus dichos o seguir\u00e1 con la motosierra en la mano, incluso cuando se trata de la dignidad y la vida de millones de personas?<\/p>\n\n\n\n<hr class=\"wp-block-separator has-alpha-channel-opacity\"\/>\n\n\n\n<h3 class=\"wp-block-heading\"><\/h3>\n\n\n\n<p><\/p>\n","protected":false},"excerpt":{"rendered":"<p>El Foro Permanente Discapacidad desnuda la cruda realidad detr\u00e1s de las pol\u00e9micas declaraciones de la Ministra de Seguridad, Patricia Bullrich. Entre la desinformaci\u00f3n y el ajuste, miles de vidas est\u00e1n en juego. En un contexto de ajuste brutal y discursos que rozan la crueldad, las palabras de Patricia Bullrich en LN+ resonaron con la fuerza&#8230;<\/p>\n","protected":false},"author":4,"featured_media":6657,"comment_status":"open","ping_status":"open","sticky":false,"template":"","format":"standard","meta":{"_monsterinsights_skip_tracking":false,"_monsterinsights_sitenote_active":false,"_monsterinsights_sitenote_note":"","_monsterinsights_sitenote_category":0,"footnotes":"","jetpack_publicize_message":"\"El Foro Permanente Discapacidad desmiente a Patricia Bullrich sobre sus dichos. Desfinanciamiento, fraude y pobreza: la verdad detr\u00e1s del ajuste a la discapacidad en Argentina.\"","jetpack_publicize_feature_enabled":true,"jetpack_social_post_already_shared":false,"jetpack_social_options":{"image_generator_settings":{"template":"highway","default_image_id":0,"enabled":false},"version":2}},"categories":[2,4],"tags":[2146,2148,2154,2145,2143,2155,2147,2150,2151,1409,2158,431,2144,2152,2149,2157,2153,2156],"class_list":["post-6656","post","type-post","status-publish","format-standard","has-post-thumbnail","hentry","category-politica","category-sociedad","tag-ajuste-discapacidad","tag-certificado-unico-de-discapacidad-cud","tag-comunidad-de-negocios-ln","tag-derechos-discapacidad","tag-discapacidad-argentina","tag-enorsai-com","tag-foro-permanente-discapacidad","tag-inclusion-discapacidad","tag-ley-24-901","tag-luis-juez","tag-negacion-de-derechos","tag-patricia-bullrich","tag-pension-por-discapacidad","tag-pobreza-y-discapacidad","tag-prestaciones-discapacidad","tag-realidad-discapacidad","tag-salud-discapacidad","tag-transporte-discapacidad"],"jetpack_publicize_connections":[],"_links":{"self":[{"href":"https:\/\/www.enorsai.com\/noticias\/wp-json\/wp\/v2\/posts\/6656","targetHints":{"allow":["GET"]}}],"collection":[{"href":"https:\/\/www.enorsai.com\/noticias\/wp-json\/wp\/v2\/posts"}],"about":[{"href":"https:\/\/www.enorsai.com\/noticias\/wp-json\/wp\/v2\/types\/post"}],"author":[{"embeddable":true,"href":"https:\/\/www.enorsai.com\/noticias\/wp-json\/wp\/v2\/users\/4"}],"replies":[{"embeddable":true,"href":"https:\/\/www.enorsai.com\/noticias\/wp-json\/wp\/v2\/comments?post=6656"}],"version-history":[{"count":1,"href":"https:\/\/www.enorsai.com\/noticias\/wp-json\/wp\/v2\/posts\/6656\/revisions"}],"predecessor-version":[{"id":6658,"href":"https:\/\/www.enorsai.com\/noticias\/wp-json\/wp\/v2\/posts\/6656\/revisions\/6658"}],"wp:featuredmedia":[{"embeddable":true,"href":"https:\/\/www.enorsai.com\/noticias\/wp-json\/wp\/v2\/media\/6657"}],"wp:attachment":[{"href":"https:\/\/www.enorsai.com\/noticias\/wp-json\/wp\/v2\/media?parent=6656"}],"wp:term":[{"taxonomy":"category","embeddable":true,"href":"https:\/\/www.enorsai.com\/noticias\/wp-json\/wp\/v2\/categories?post=6656"},{"taxonomy":"post_tag","embeddable":true,"href":"https:\/\/www.enorsai.com\/noticias\/wp-json\/wp\/v2\/tags?post=6656"}],"curies":[{"name":"wp","href":"https:\/\/api.w.org\/{rel}","templated":true}]}}