{"id":6650,"date":"2025-07-23T17:13:14","date_gmt":"2025-07-23T20:13:14","guid":{"rendered":"https:\/\/www.enorsai.com\/noticias\/?p=6650"},"modified":"2025-07-23T17:24:13","modified_gmt":"2025-07-23T20:24:13","slug":"la-libertad-avanza-gasto-107-671-276-en-publicidad-con-plata-del-estado-el-ultimo-mes","status":"publish","type":"post","link":"https:\/\/www.enorsai.com\/noticias\/politica\/la-libertad-avanza-gasto-107-671-276-en-publicidad-con-plata-del-estado-el-ultimo-mes\/","title":{"rendered":"La Libertad Avanza gast\u00f3 $107.671.276 en publicidad con plata del Estado el \u00faltimo mes"},"content":{"rendered":"\n<p>S\u00f3lo en los \u00faltimos 30 d\u00edas, la coalici\u00f3n de Javier Milei invirti\u00f3 m\u00e1s de $107 millones en anuncios de Facebook e Instagram. En los \u00faltimos tres meses, el gasto acumulado supera los $138 millones. La contradicci\u00f3n entre el relato libertario y la realidad publicitaria.  <\/p>\n\n\n\n<p>Mientras el presidente Javier Milei insiste con el discurso de \u201ccero pauta estatal\u201d y repite el mantra de que \u201cno hay plata\u201d, su espacio pol\u00edtico despliega una ofensiva millonaria en redes sociales. Documentos oficiales de Meta revelan que La Libertad Avanza gast\u00f3 m\u00e1s de 107 millones de pesos en publicidad digital solo en el \u00faltimo mes. El total del trimestre supera los $138 millones, ubic\u00e1ndolos entre los principales anunciantes del pa\u00eds, por encima de gobiernos provinciales y partidos tradicionales.<\/p>\n\n\n\n<p>El cinismo libertario alcanz\u00f3 nuevas cumbres de sofisticaci\u00f3n digital. Mientras el presidente Javier Milei predica el evangelio de la motosierra, habla de \u00abcasta parasitaria\u00bb y promete cortar con la pauta estatal que \u2014seg\u00fan \u00e9l\u2014 manten\u00eda a medios y pol\u00edticos arrodillados ante el poder, la realidad lo contradice con datos duros. La Libertad Avanza, su propia coalici\u00f3n, se posicion\u00f3 como uno de los principales anunciantes pol\u00edticos del pa\u00eds en redes sociales. Y no es una afirmaci\u00f3n basada en suposiciones ni en filtraciones: los documentos provienen directamente de la Biblioteca de Anuncios de Meta, la empresa matriz de Facebook e Instagram.<\/p>\n\n\n\n<figure class=\"wp-block-image size-large\"><img loading=\"lazy\" decoding=\"async\" width=\"1024\" height=\"383\" src=\"https:\/\/www.enorsai.com\/noticias\/wp-content\/uploads\/2025\/07\/GwfIaqOWUAA-7W7-1024x383.jpg\" alt=\"\" class=\"wp-image-6651\" srcset=\"https:\/\/www.enorsai.com\/noticias\/wp-content\/uploads\/2025\/07\/GwfIaqOWUAA-7W7-1024x383.jpg 1024w, https:\/\/www.enorsai.com\/noticias\/wp-content\/uploads\/2025\/07\/GwfIaqOWUAA-7W7-300x112.jpg 300w, https:\/\/www.enorsai.com\/noticias\/wp-content\/uploads\/2025\/07\/GwfIaqOWUAA-7W7-768x287.jpg 768w, https:\/\/www.enorsai.com\/noticias\/wp-content\/uploads\/2025\/07\/GwfIaqOWUAA-7W7.jpg 1268w\" sizes=\"auto, (max-width: 1024px) 100vw, 1024px\" \/><\/figure>\n\n\n\n<p>Entre el 21 de abril y el 19 de julio de 2025, la p\u00e1gina oficial de La Libertad Avanza gast\u00f3 <strong>$138.967.000<\/strong> en publicidad pol\u00edtica. Pero lo m\u00e1s alarmante es que, dentro de ese total, <strong>$107.671.286<\/strong> fueron invertidos solo en los \u00faltimos 30 d\u00edas. Es decir: el grueso de la pauta se concentra en un per\u00edodo acotado, que coincide con una fuerte ofensiva comunicacional del oficialismo en redes, a trav\u00e9s de posteos patrocinados, virales y campa\u00f1as de instalaci\u00f3n de agenda.<\/p>\n\n\n\n<p>Este gasto posiciona a La Libertad Avanza por encima de actores como el Gobierno de C\u00f3rdoba ($44 millones en el mismo per\u00edodo) o Peronismo Sincero ($41 millones), lo cual indica no solo una inversi\u00f3n intensa, sino tambi\u00e9n una decisi\u00f3n pol\u00edtica de priorizar los canales digitales como el nuevo campo de batalla ideol\u00f3gica y electoral.<\/p>\n\n\n\n<p>Pero aqu\u00ed no termina la historia. Esta pauta no se limita a una cuenta oficial. Est\u00e1 respaldada por un entramado de perfiles y operadores que funcionan como sat\u00e9lites del discurso libertario. Entre ellos, destaca el caso de \u201cRatio oficial\u201d, una p\u00e1gina vinculada a la Fundaci\u00f3n Faro, dirigida por Agust\u00edn Laje, que en los \u00faltimos tres meses gast\u00f3 la friolera de <strong>$288.995.948<\/strong> en campa\u00f1as de Meta. Esta cifra duplica holgadamente el gasto de la cuenta oficial de LLA. Es decir, lo que no aparece en la rendici\u00f3n de gastos partidarios se disuelve en las fundaciones amigas y estructuras digitales tercerizadas.<\/p>\n\n\n\n<figure class=\"wp-block-image size-large\"><img loading=\"lazy\" decoding=\"async\" width=\"1024\" height=\"373\" src=\"https:\/\/www.enorsai.com\/noticias\/wp-content\/uploads\/2025\/07\/GwfqfOfXAAEPAML-1024x373.jpg\" alt=\"\" class=\"wp-image-6652\" srcset=\"https:\/\/www.enorsai.com\/noticias\/wp-content\/uploads\/2025\/07\/GwfqfOfXAAEPAML-1024x373.jpg 1024w, https:\/\/www.enorsai.com\/noticias\/wp-content\/uploads\/2025\/07\/GwfqfOfXAAEPAML-300x109.jpg 300w, https:\/\/www.enorsai.com\/noticias\/wp-content\/uploads\/2025\/07\/GwfqfOfXAAEPAML-768x279.jpg 768w, https:\/\/www.enorsai.com\/noticias\/wp-content\/uploads\/2025\/07\/GwfqfOfXAAEPAML.jpg 1333w\" sizes=\"auto, (max-width: 1024px) 100vw, 1024px\" \/><\/figure>\n\n\n\n<p>Es aqu\u00ed donde el relato empieza a resquebrajarse. El gobierno habla de cortar con la pauta, pero la pauta no desaparece: se privatiza, se oculta, se recicla en fundaciones o se justifica como publicidad de redes que, al estar fuera del radar tradicional de medios, escapa al escrutinio p\u00fablico. No es que no haya pauta: hay m\u00e1s que nunca, solo que ya no est\u00e1 en manos de periodistas, sino de algoritmos.<\/p>\n\n\n\n<p>\u00bfDe d\u00f3nde sale este dinero? Es la pregunta que a\u00fan no tiene respuesta. Ninguno de estos gastos aparece en las rendiciones oficiales ante la Justicia Electoral. La Ley de Financiamiento de los Partidos Pol\u00edticos y el C\u00f3digo Electoral Nacional imponen topes, l\u00edmites y obligaciones de transparencia que estas campa\u00f1as digitales eluden con facilidad. La Biblioteca de Meta muestra el gasto, pero no identifica a los aportantes. \u00bfEs plata privada? \u00bfSon donaciones de empresas? \u00bfHay fondos p\u00fablicos triangulados a trav\u00e9s de terceros? \u00bfSe trata de un mecanismo de lavado pol\u00edtico disfrazado de estrategia digital? Las respuestas escasean, pero las sospechas crecen.<\/p>\n\n\n\n<p>El discurso presidencial repite con fervor que \u201cno hay plata\u201d. No la hay para universidades, para ciencia, para alimentos, ni para salarios dignos. Pero s\u00ed la hay, y en abundancia, para posicionar mensajes oficiales en redes sociales, amplificar a trolls org\u00e1nicos e inorg\u00e1nicos, o ensuciar a cualquier disidente que cuestione el credo mile\u00edsta. La campa\u00f1a digital del gobierno es tan intensa como opaca, tan sofisticada como encubierta, tan cara como ideol\u00f3gicamente sectaria.<\/p>\n\n\n\n<p>Y el pueblo, que paga la fiesta, ni se entera.<\/p>\n\n\n\n<p>En un pa\u00eds donde la inflaci\u00f3n no da tregua, el desempleo crece y el ajuste golpea los bolsillos m\u00e1s vulnerables, el oficialismo invierte cifras obscenas en promoci\u00f3n pol\u00edtica. Y lo hace con total impunidad, amparado en una est\u00e9tica antisistema que, parad\u00f3jicamente, reproduce los vicios m\u00e1s cl\u00e1sicos del poder pol\u00edtico: abuso de recursos, opacidad financiera y desprecio por la legalidad electoral.<\/p>\n\n\n\n<p>Que el presidente hable de libertad mientras financia propaganda con l\u00f3gica estatal pero rostro privado no solo es parad\u00f3jico, es una estafa al electorado. La transparencia fue una promesa de campa\u00f1a, pero la realidad muestra un gobierno m\u00e1s preocupado por construir un relato digital hegem\u00f3nico que por rendir cuentas de sus actos.<\/p>\n\n\n\n<p>En definitiva, la austeridad libertaria es solo para los dem\u00e1s. Mientras se recortan presupuestos sensibles, La Libertad Avanza construye una maquinaria de propaganda con el dinero que dice no tener. Y como suele pasar con los relatos que se derrumban, las cifras hablan m\u00e1s fuerte que los discursos.<\/p>\n\n\n\n<p>Fuente:<br><a href=\"https:\/\/chequeado.com\/investigaciones\/publicidad-politica-en-instagram-y-facebook-una-por-una%E2%80%91las%E2%80%91cuentas%E2%80%91de%E2%80%91la%E2%80%91libertad%E2%80%91avanza%E2%80%91y%E2%80%91el%E2%80%91peronismo%E2%80%91que%E2%80%91mas%E2%80%91gastaron%E2%80%91en%E2%80%91las%E2%80%91elecciones%E2%80%91caba%E2%80%912025\/\">https:\/\/chequeado.com\/investigaciones\/publicidad-politica-en-instagram-y-facebook-una-por-una\u2011las\u2011cuentas\u2011de\u2011la\u2011libertad\u2011avanza\u2011y\u2011el\u2011peronismo\u2011que\u2011mas\u2011gastaron\u2011en\u2011las\u2011elecciones\u2011caba\u20112025\/<\/a><br><a href=\"https:\/\/www.lanacion.com.ar\/politica\/campana%E2%80%91libertaria%E2%80%91la%E2%80%91fundacion%E2%80%91faro%E2%80%91lidero%E2%80%91el%E2%80%91gasto%E2%80%91de%E2%80%91dinero%E2%80%91en%E2%80%91redes%E2%80%91sociales%E2%80%91por%E2%80%91encima%E2%80%91de%E2%80%91nid22052025\/\">https:\/\/www.lanacion.com.ar\/politica\/campana\u2011libertaria\u2011la\u2011fundacion\u2011faro\u2011lidero\u2011el\u2011gasto\u2011de\u2011dinero\u2011en\u2011redes\u2011sociales\u2011por\u2011encima\u2011de\u2011nid22052025\/<\/a><br><a href=\"https:\/\/ricardobenedetti.com\/2025\/05\/31\/lla%E2%80%91470%E2%80%91millones%E2%80%91en%E2%80%91redes%E2%80%9130%E2%80%91cuentas%E2%80%91satelite%E2%80%91y%E2%80%91una%E2%80%91pregunta%E2%80%91incomoda%E2%80%91violacion%E2%80%91a%E2%80%91la%E2%80%91ley%E2%80%91de%E2%80%91financiamiento%E2%80%91electoral%E2%80%91por%E2%80%91ricardo%E2%80%91raul%E2%80%91benedetti\/\">https:\/\/ricardobenedetti.com\/2025\/05\/31\/lla\u2011470\u2011millones\u2011en\u2011redes\u201130\u2011cuentas\u2011satelite\u2011y\u2011una\u2011pregunta\u2011incomoda\u2011violacion\u2011a\u2011la\u2011ley\u2011de\u2011financiamiento\u2011electoral\u2011por\u2011ricardo\u2011raul\u2011benedetti\/<\/a><br><a href=\"https:\/\/chequeado.com\/investigaciones\/ypf%E2%80%91mantuvo%E2%80%91sus%E2%80%91gastos%E2%80%91en%E2%80%91publicidad%E2%80%91en%E2%80%91el%E2%80%91primer%E2%80%91ano%E2%80%91de%E2%80%91javier%E2%80%91milei%E2%80%91pero%E2%80%91se%E2%80%91niega%E2%80%91a%E2%80%91informar%E2%80%91en%E2%80%91que%E2%80%91medios%E2%80%91pauta\/\">https:\/\/chequeado.com\/investigaciones\/ypf\u2011mantuvo\u2011sus\u2011gastos\u2011en\u2011publicidad\u2011en\u2011el\u2011primer\u2011ano\u2011de\u2011javier\u2011milei\u2011pero\u2011se\u2011niega\u2011a\u2011informar\u2011en\u2011que\u2011medios\u2011pauta\/<\/a><\/p>\n\n\n\n<p>Im\u00e1genes oficiales de Meta Ads \u2014 Gasto por anunciante, 21 abril a 19 julio 2025 \/ \u00daltimos 30 d\u00edas]<\/p>\n\n\n\n<p><\/p>\n","protected":false},"excerpt":{"rendered":"<p>La Libertad Avanza despleg\u00f3 una gigantesca campa\u00f1a digital en Meta, con m\u00e1s de treinta cuentas sat\u00e9lite vinculadas a la coalici\u00f3n gastando cerca de 470 millones de pesos en treinta d\u00edas. Mientras declaraba abolir la pauta estatal, se utiliz\u00f3 una red publicitaria paralela que pone en tela de juicio el cumplimiento de la ley electoral.<\/p>\n","protected":false},"author":2,"featured_media":6653,"comment_status":"open","ping_status":"open","sticky":false,"template":"","format":"standard","meta":{"_monsterinsights_skip_tracking":false,"_monsterinsights_sitenote_active":false,"_monsterinsights_sitenote_note":"","_monsterinsights_sitenote_category":0,"footnotes":"","jetpack_publicize_message":"","jetpack_publicize_feature_enabled":true,"jetpack_social_post_already_shared":true,"jetpack_social_options":{"image_generator_settings":{"template":"highway","default_image_id":0,"font":"","enabled":false},"version":2}},"categories":[2],"tags":[1076,2141,1464,2142,45,1670,1405,925,769],"class_list":["post-6650","post","type-post","status-publish","format-standard","has-post-thumbnail","hentry","category-politica","tag-campana-electoral","tag-fundacionfaro","tag-lalibertadavanza","tag-meta","tag-milei","tag-pauta","tag-publicidad","tag-redes","tag-transparencia"],"jetpack_publicize_connections":[],"_links":{"self":[{"href":"https:\/\/www.enorsai.com\/noticias\/wp-json\/wp\/v2\/posts\/6650","targetHints":{"allow":["GET"]}}],"collection":[{"href":"https:\/\/www.enorsai.com\/noticias\/wp-json\/wp\/v2\/posts"}],"about":[{"href":"https:\/\/www.enorsai.com\/noticias\/wp-json\/wp\/v2\/types\/post"}],"author":[{"embeddable":true,"href":"https:\/\/www.enorsai.com\/noticias\/wp-json\/wp\/v2\/users\/2"}],"replies":[{"embeddable":true,"href":"https:\/\/www.enorsai.com\/noticias\/wp-json\/wp\/v2\/comments?post=6650"}],"version-history":[{"count":1,"href":"https:\/\/www.enorsai.com\/noticias\/wp-json\/wp\/v2\/posts\/6650\/revisions"}],"predecessor-version":[{"id":6654,"href":"https:\/\/www.enorsai.com\/noticias\/wp-json\/wp\/v2\/posts\/6650\/revisions\/6654"}],"wp:featuredmedia":[{"embeddable":true,"href":"https:\/\/www.enorsai.com\/noticias\/wp-json\/wp\/v2\/media\/6653"}],"wp:attachment":[{"href":"https:\/\/www.enorsai.com\/noticias\/wp-json\/wp\/v2\/media?parent=6650"}],"wp:term":[{"taxonomy":"category","embeddable":true,"href":"https:\/\/www.enorsai.com\/noticias\/wp-json\/wp\/v2\/categories?post=6650"},{"taxonomy":"post_tag","embeddable":true,"href":"https:\/\/www.enorsai.com\/noticias\/wp-json\/wp\/v2\/tags?post=6650"}],"curies":[{"name":"wp","href":"https:\/\/api.w.org\/{rel}","templated":true}]}}