{"id":6647,"date":"2025-07-23T16:21:48","date_gmt":"2025-07-23T19:21:48","guid":{"rendered":"https:\/\/www.enorsai.com\/noticias\/?p=6647"},"modified":"2025-07-23T16:21:48","modified_gmt":"2025-07-23T19:21:48","slug":"karina-milei-fulmino-a-las-fuerzas-del-cielo-tras-el-escandaloso-cierre-de-listas-bonaerense","status":"publish","type":"post","link":"https:\/\/www.enorsai.com\/noticias\/sociedad\/karina-milei-fulmino-a-las-fuerzas-del-cielo-tras-el-escandaloso-cierre-de-listas-bonaerense\/","title":{"rendered":"Karina Milei fulmin\u00f3 a Las Fuerzas del Cielo tras el escandaloso cierre de listas bonaerense"},"content":{"rendered":"\n<p><strong><em>El cierre de listas en la provincia de Buenos Aires deton\u00f3 una feroz interna entre La Libertad Avanza y su militancia. Karina Milei, que hasta ahora se mov\u00eda como due\u00f1a de la lapicera, lanz\u00f3 una furiosa ofensiva contra los que, desde adentro, cuestionan su forma de ejercer el poder. La armon\u00eda libertaria es un espejismo que se desvanece con rapidez. Con Karina Milei al mando de la maquinaria electoral, las listas para las elecciones bonaerenses se definieron entre gritos, acusaciones cruzadas y una creciente rebeli\u00f3n interna que desnuda la falta de estructura pol\u00edtica real del oficialismo.<\/em><\/strong><\/p>\n\n\n\n<p>Karina Milei explot\u00f3. La arquitecta silenciosa del ascenso libertario, la mujer que muchos llaman \u201cEl Jefe\u201d, perdi\u00f3 la compostura tras el cierre de listas en la provincia de Buenos Aires y arremeti\u00f3 con furia contra la militancia de Las Fuerzas del Cielo. Lo que parec\u00eda una an\u00e9cdota menor en el engranaje electoral se transform\u00f3 en una muestra brutal de la implosi\u00f3n que empieza a carcomer desde adentro al experimento pol\u00edtico que llev\u00f3 a Javier Milei a la presidencia.<\/p>\n\n\n\n<p>\u00ab\u00a1\u00bfQui\u00e9n carajo son Las Fuerzas del Cielo?!\u00bb, bram\u00f3 Karina durante una reuni\u00f3n a puertas cerradas, lanzando sobre la mesa un desprecio que hasta ahora se reservaba para los enemigos del \u201cmodelo\u201d. Su ira se desat\u00f3 contra los mismos militantes que, durante a\u00f1os, hicieron campa\u00f1a desde el barro de las redes sociales, organizaron actividades en plazas, sostuvieron los stands libertarios con el torso al sol y caminaron sin recursos en nombre de una causa que promet\u00eda romper con \u201cla casta\u201d. Hoy, para Karina, no son m\u00e1s que un estorbo.<\/p>\n\n\n\n<p>La gota que colm\u00f3 el vaso fue la filtraci\u00f3n del armado bonaerense. En particular, la aparici\u00f3n de una lista \u201calternativa\u201d en la Primera Secci\u00f3n Electoral, encabezada por un joven empresario con aspiraciones, Federico Tessore, a quien los libertarios tradicionales desconocen por completo. \u201cNo sabemos de d\u00f3nde sali\u00f3. No es parte del espacio, no lo votamos, no lo conocemos\u201d, denuncian desde adentro, mientras el propio Tessore asegura tener el aval del mism\u00edsimo presidente.<\/p>\n\n\n\n<p>El episodio revela mucho m\u00e1s que una disputa circunstancial por una candidatura. Deja al desnudo la fragilidad org\u00e1nica de La Libertad Avanza, su verticalismo extremo, la opacidad en la toma de decisiones y la creciente desconfianza entre la base militante y la c\u00fapula dirigencial. La figura de Karina Milei, que hasta ahora se manten\u00eda incuestionable, empieza a generar rechazo incluso entre quienes, hasta ayer, le juraban lealtad incondicional.<\/p>\n\n\n\n<p>No es casual que la fractura se haya hecho m\u00e1s visible en la provincia de Buenos Aires, un territorio clave que Javier Milei nunca logr\u00f3 conquistar con contundencia, pese al voto bronca que lo catapult\u00f3 a la presidencia. All\u00ed, la falta de un aparato territorial s\u00f3lido es compensada con imposiciones digitales, listas armadas por WhatsApp, y candidatos que aparecen de la nada, bendecidos por el dedo presidencial o por alg\u00fan empresario amigo.<\/p>\n\n\n\n<p>Karina, que hasta ahora se mostraba como una figura herm\u00e9tica, que lo ve\u00eda todo y decid\u00eda en las sombras, baj\u00f3 al barro. Y lo hizo sin filtros. No solo desautoriz\u00f3 p\u00fablicamente a los referentes de Las Fuerzas del Cielo, sino que los acus\u00f3 de creerse \u201cdue\u00f1os del proyecto\u201d y de haber \u201ctraicionado\u201d al Presidente. Un sincericidio que dej\u00f3 a la militancia perpleja, indignada y, sobre todo, profundamente desilusionada.<\/p>\n\n\n\n<p>Porque la decepci\u00f3n no viene solo del destrato. Viene tambi\u00e9n de la certeza de que la m\u00edstica que alguna vez los uni\u00f3 est\u00e1 siendo devorada por una l\u00f3gica de negocios, amiguismos y encierro sectario. \u201cNo hay democracia interna, no hay di\u00e1logo, no hay construcci\u00f3n colectiva. Solo una familia que decide todo\u201d, repiten varios exmilitantes que se bajaron del tren.<\/p>\n\n\n\n<p>Incluso dentro del espacio, figuras con peso espec\u00edfico empiezan a mirar con recelo el rol de Karina. Algunos, como el armador Sebasti\u00e1n Pareja, debieron salir a apagar el incendio, tratando de explicar lo inexplicable: listas que se presentan sin consenso, desconocimiento absoluto de candidatos que se autoproclaman \u201clibertarios\u201d, y un desorden generalizado que huele m\u00e1s a improvisaci\u00f3n que a renovaci\u00f3n.<\/p>\n\n\n\n<p>Pero lo cierto es que nada de esto sorprende. Desde su nacimiento, La Libertad Avanza fue un armado electoral sustentado m\u00e1s en la figura mesi\u00e1nica de Milei que en una estructura pol\u00edtica real. Su campa\u00f1a fue un fen\u00f3meno de redes, no de territorio. Y ahora, en el ejercicio del poder, esa debilidad comienza a pasar factura.<\/p>\n\n\n\n<p>Karina, en lugar de articular soluciones o convocar al di\u00e1logo interno, eligi\u00f3 el camino de la confrontaci\u00f3n. Respondi\u00f3 a las cr\u00edticas con desprecio, cerr\u00f3 a\u00fan m\u00e1s el c\u00edrculo de decisiones y dej\u00f3 en claro que no est\u00e1 dispuesta a compartir el poder ni siquiera con quienes pusieron el cuerpo para llegar. El proyecto libertario, que se vend\u00eda como una cruzada contra la casta, hoy reproduce sus peores pr\u00e1cticas: dedo, rosca, falta de transparencia, y una conducci\u00f3n que no admite disidencias.<\/p>\n\n\n\n<p>Lo que arde en la provincia de Buenos Aires es mucho m\u00e1s que una interna. Es el s\u00edntoma inequ\u00edvoco de una crisis de identidad pol\u00edtica. La Libertad Avanza no sabe si quiere ser un partido, un club de fans o una empresa familiar. Y mientras lo define, quienes alguna vez creyeron en el sue\u00f1o libertario empiezan a alejarse, hastiados de un verticalismo asfixiante y de una conducci\u00f3n que, lejos de liberar, controla con pu\u00f1o de hierro.<\/p>\n\n\n\n<p>Mientras tanto, el gobierno de Javier Milei se hunde en la ineficiencia y el descontento social crece. La interna libertaria no hace m\u00e1s que amplificar las tensiones en una administraci\u00f3n que no logra dar respuesta a los problemas reales del pa\u00eds. En ese contexto, la bronca de Karina no es un gesto de fortaleza, sino una se\u00f1al de debilidad. Una expresi\u00f3n de que el \u201cmodelo\u201d no tiene sustento pol\u00edtico real, m\u00e1s all\u00e1 de los gritos y las cadenas de WhatsApp.<\/p>\n\n\n\n<p>El desenlace es incierto. Pero algo est\u00e1 claro: la militancia no olvida. Y las traiciones internas, cuando se pagan, duelen m\u00e1s que las externas.<\/p>\n\n\n\n<p><strong>Fuente:<\/strong><br><a href=\"https:\/\/www.tiempoar.com.ar\/ta_article\/karina-milei-fuerzas-del-cielo\/\">https:\/\/www.tiempoar.com.ar\/ta_article\/karina-milei-fuerzas-del-cielo\/<\/a> &#8211; <a href=\"https:\/\/www.pagina12.com.ar\/844132-arde-la-interna-libertaria-tras-el-cierre-de-listas-en-provi\">https:\/\/www.pagina12.com.ar\/844132-arde-la-interna-libertaria-tras-el-cierre-de-listas-en-provi<\/a><\/p>\n","protected":false},"excerpt":{"rendered":"<p>La interna libertaria estall\u00f3 en la provincia de Buenos Aires. Karina Milei arremeti\u00f3 contra la militancia de Las Fuerzas del Cielo tras un escandaloso cierre de listas, exponiendo la falta de estructura y la conducci\u00f3n autoritaria del oficialismo. La crisis revela fracturas profundas en el coraz\u00f3n del proyecto libertario.<\/p>\n","protected":false},"author":13,"featured_media":6648,"comment_status":"open","ping_status":"open","sticky":false,"template":"","format":"standard","meta":{"_monsterinsights_skip_tracking":false,"_monsterinsights_sitenote_active":false,"_monsterinsights_sitenote_note":"","_monsterinsights_sitenote_category":0,"footnotes":"","jetpack_publicize_message":"","jetpack_publicize_feature_enabled":true,"jetpack_social_post_already_shared":true,"jetpack_social_options":{"image_generator_settings":{"template":"highway","default_image_id":0,"font":"","enabled":false},"version":2}},"categories":[4],"tags":[133,190,630,2140,2138,635,605,2139,45,72],"class_list":["post-6647","post","type-post","status-publish","format-standard","has-post-thumbnail","hentry","category-sociedad","tag-buenosaires","tag-elecciones","tag-escandalo","tag-fuerzasdelcielo","tag-internas","tag-karina","tag-libertarios","tag-listas","tag-milei","tag-politica"],"jetpack_publicize_connections":[],"_links":{"self":[{"href":"https:\/\/www.enorsai.com\/noticias\/wp-json\/wp\/v2\/posts\/6647","targetHints":{"allow":["GET"]}}],"collection":[{"href":"https:\/\/www.enorsai.com\/noticias\/wp-json\/wp\/v2\/posts"}],"about":[{"href":"https:\/\/www.enorsai.com\/noticias\/wp-json\/wp\/v2\/types\/post"}],"author":[{"embeddable":true,"href":"https:\/\/www.enorsai.com\/noticias\/wp-json\/wp\/v2\/users\/13"}],"replies":[{"embeddable":true,"href":"https:\/\/www.enorsai.com\/noticias\/wp-json\/wp\/v2\/comments?post=6647"}],"version-history":[{"count":1,"href":"https:\/\/www.enorsai.com\/noticias\/wp-json\/wp\/v2\/posts\/6647\/revisions"}],"predecessor-version":[{"id":6649,"href":"https:\/\/www.enorsai.com\/noticias\/wp-json\/wp\/v2\/posts\/6647\/revisions\/6649"}],"wp:featuredmedia":[{"embeddable":true,"href":"https:\/\/www.enorsai.com\/noticias\/wp-json\/wp\/v2\/media\/6648"}],"wp:attachment":[{"href":"https:\/\/www.enorsai.com\/noticias\/wp-json\/wp\/v2\/media?parent=6647"}],"wp:term":[{"taxonomy":"category","embeddable":true,"href":"https:\/\/www.enorsai.com\/noticias\/wp-json\/wp\/v2\/categories?post=6647"},{"taxonomy":"post_tag","embeddable":true,"href":"https:\/\/www.enorsai.com\/noticias\/wp-json\/wp\/v2\/tags?post=6647"}],"curies":[{"name":"wp","href":"https:\/\/api.w.org\/{rel}","templated":true}]}}