{"id":6640,"date":"2025-07-23T13:06:28","date_gmt":"2025-07-23T16:06:28","guid":{"rendered":"https:\/\/www.enorsai.com\/noticias\/?p=6640"},"modified":"2025-07-23T13:09:10","modified_gmt":"2025-07-23T16:09:10","slug":"peter-lamelas-es-el-nuevo-braden-que-impulsara-el-regreso-de-cristina-como-respuesta-al-intervencionismo-yanqui","status":"publish","type":"post","link":"https:\/\/www.enorsai.com\/noticias\/politica\/peter-lamelas-es-el-nuevo-braden-que-impulsara-el-regreso-de-cristina-como-respuesta-al-intervencionismo-yanqui\/","title":{"rendered":"Peter Lamelas \u00bfes el nuevo Braden que impulsar\u00e1 el regreso de Cristina como respuesta al intervencionismo yanqui?"},"content":{"rendered":"\n<p>El embajador de EE.UU. se posiciona como figura central en el nuevo ciclo pol\u00edtico argentino, repitiendo el libreto de Spruille Braden. Pero esta vez, el contrapeso no es un coronel: es una mujer que ya hizo historia. \u00bfEs Lamelas el anuncio involuntario del retorno de Cristina?<\/p>\n\n\n\n<p>La omnipresencia del embajador norteamericano en los negocios, los medios y la pol\u00edtica local recuerda a la intromisi\u00f3n de Spruille Braden en los a\u00f1os 40. En ese entonces, el resultado fue la irrupci\u00f3n de Per\u00f3n. Hoy, mientras el lawfare se oxida y el pueblo se empobrece, crece la certeza de que <strong>la vuelta de Cristina Fern\u00e1ndez de Kirchner ser\u00e1 tan o m\u00e1s \u00e9pica que la de Per\u00f3n<\/strong>. Lamelas, sin saberlo, alimenta el clima de \u00e9poca que anuncia su retorno inevitable.<\/p>\n\n\n\n<p>En la Argentina de las repeticiones hist\u00f3ricas, <strong>Peter Lamelas<\/strong> aparece como un personaje demasiado familiar. Embajador de los Estados Unidos, operador de las grandes corporaciones y figura cada vez m\u00e1s activa en la escena local, su rol recuerda al del c\u00e9lebre <strong>Spruille Braden<\/strong>, el diplom\u00e1tico que intent\u00f3 torcer el rumbo nacional en los a\u00f1os cuarenta y termin\u00f3 siendo superado por un contrincante inesperado: el pueblo peronista.<\/p>\n\n\n\n<p>Pero la historia, aunque c\u00edclica, no se repite como calco: se reconfigura. Hoy no hay un coronel en la arena. <strong>Hoy hay una mujer<\/strong>. Y su nombre no es una inc\u00f3gnita: <strong>Cristina Fern\u00e1ndez de Kirchner<\/strong>.<\/p>\n\n\n\n<figure class=\"wp-block-embed is-type-rich is-provider-twitter wp-block-embed-twitter\"><div class=\"wp-block-embed__wrapper\">\n<blockquote class=\"twitter-tweet\" data-width=\"550\" data-dnt=\"true\"><p lang=\"es\" dir=\"ltr\">Cada d\u00eda la hacen m\u00e1s \u00e9pica.<br><br> La vuelta de <a href=\"https:\/\/twitter.com\/CFKArgentina?ref_src=twsrc%5Etfw\">@CFKArgentina<\/a> sin dudas ser\u00e1 tan o m\u00e1s emocionante que la de Per\u00f3n. <br><br>Somos testigos de la historia de resiliencia m\u00e1s grande de una mujer cuyo \u00fanico destino ser\u00e1 la casa Rosada. <br><br>Lo de \u201cLamelas\u201d nos da m\u00e1s argumentos del lawfare.\ud83d\udc4a <a href=\"https:\/\/t.co\/4T50QJCuBS\">pic.twitter.com\/4T50QJCuBS<\/a><\/p>&mdash; DALB\u00d3N (@Gregoriodalbon) <a href=\"https:\/\/twitter.com\/Gregoriodalbon\/status\/1948042640177422583?ref_src=twsrc%5Etfw\">July 23, 2025<\/a><\/blockquote><script async src=\"https:\/\/platform.twitter.com\/widgets.js\" charset=\"utf-8\"><\/script>\n<\/div><\/figure>\n\n\n\n<p>La aparici\u00f3n p\u00fablica y constante de Lamelas, sus reuniones con CEOs, su sonrisa diplom\u00e1tica ante cada medida entreguista del gobierno de Javier Milei y su silencio c\u00f3mplice frente al saqueo de los recursos estrat\u00e9gicos nacionales, <strong>no hacen m\u00e1s que robustecer la narrativa del lawfare<\/strong>. Porque si hay un poder extranjero operando a plena luz del d\u00eda, \u00bfqu\u00e9 queda de aquel relato que acusaba a Cristina de \u201catentar contra las instituciones\u201d?<\/p>\n\n\n\n<p>El lawfare ya no se disimula. El poder real nunca se fue: simplemente cambi\u00f3 de traje. Y ahora, frente a su obscena visibilidad, <strong>cada d\u00eda lo hacen m\u00e1s \u00e9pico<\/strong>. Cada ataque, cada acusaci\u00f3n, cada maniobra de persecuci\u00f3n no hace m\u00e1s que sumar argumentos para <strong>lo que ya es inevitable: el regreso de Cristina<\/strong>.<\/p>\n\n\n\n<figure class=\"wp-block-embed is-type-rich is-provider-twitter wp-block-embed-twitter\"><div class=\"wp-block-embed__wrapper\">\n<blockquote class=\"twitter-tweet\" data-width=\"550\" data-dnt=\"true\"><p lang=\"es\" dir=\"ltr\">Spruille Braden es superado hist\u00f3ricamente por Peter Lamelas. <a href=\"https:\/\/t.co\/vCq4LniIrL\">https:\/\/t.co\/vCq4LniIrL<\/a><\/p>&mdash; Jorge Asis (@AsisOberdan) <a href=\"https:\/\/twitter.com\/AsisOberdan\/status\/1948037288035750215?ref_src=twsrc%5Etfw\">July 23, 2025<\/a><\/blockquote><script async src=\"https:\/\/platform.twitter.com\/widgets.js\" charset=\"utf-8\"><\/script>\n<\/div><\/figure>\n\n\n\n<p>En 1973, tras 18 a\u00f1os de proscripci\u00f3n, el pueblo argentino escribi\u00f3 una p\u00e1gina monumental de la historia: <strong>el regreso de Juan Domingo Per\u00f3n<\/strong>. Hoy, medio siglo despu\u00e9s, los tiempos parecen girar hacia una nueva gesta. Pero esta vez, la protagonista es <strong>una mujer que ha resistido golpes judiciales, medi\u00e1ticos, pol\u00edticos y personales como ninguna otra<\/strong>. Su \u00fanica \u201cculpa\u201d: defender un proyecto de pa\u00eds soberano, inclusivo, con memoria social y justicia distributiva.<\/p>\n\n\n\n<p>\u00bfY si Lamelas es el Braden que nos faltaba para terminar de encender esa llama?<\/p>\n\n\n\n<p>\u00bfY si su injerencia, su torpe sobreactuaci\u00f3n diplom\u00e1tica, es la antesala del <strong>regreso m\u00e1s esperado de la historia democr\u00e1tica argentina<\/strong>?<\/p>\n\n\n\n<p>Porque si algo nos ense\u00f1\u00f3 la historia es que, cada vez que los hilos del imperio se tensan demasiado, <strong>el pueblo argentino responde con liderazgo, con dignidad, con memoria<\/strong>. Y hoy, <strong>el nombre que resuena en cada rinc\u00f3n del pa\u00eds no es el de un coronel, sino el de una expresidenta: Cristina Fern\u00e1ndez de Kirchner<\/strong>.<\/p>\n\n\n\n<p>Su vuelta no es s\u00f3lo posible: es inevitable. Y ser\u00e1 tan, o m\u00e1s, emocionante que la de Per\u00f3n. Porque <strong>somos testigos de la historia de resiliencia m\u00e1s grande que haya protagonizado una mujer en la pol\u00edtica argentina<\/strong>. Porque no hay destino m\u00e1s l\u00f3gico \u2014ni m\u00e1s justo\u2014 que <strong>la Casa Rosada<\/strong>.<\/p>\n\n\n\n<p>El Lamelas de hoy, como el Braden de ayer, cree que maneja los tiempos. Pero no entiende que est\u00e1 alimentando una \u00e9pica que lo desbordar\u00e1. Y quiz\u00e1s, sin propon\u00e9rselo, <strong>est\u00e9 firmando con sus propias manos el acta de retorno de Cristina<\/strong>.<\/p>\n","protected":false},"excerpt":{"rendered":"<p>El embajador de EE.UU. se posiciona como figura central en el nuevo ciclo pol\u00edtico argentino, repitiendo el libreto de Spruille Braden. Pero esta vez, el contrapeso no es un coronel: es una mujer que ya hizo historia. \u00bfEs Lamelas el anuncio involuntario del retorno de Cristina? La omnipresencia del embajador norteamericano en los negocios, los&#8230;<\/p>\n","protected":false},"author":1,"featured_media":6641,"comment_status":"open","ping_status":"open","sticky":false,"template":"","format":"standard","meta":{"_monsterinsights_skip_tracking":false,"_monsterinsights_sitenote_active":false,"_monsterinsights_sitenote_note":"","_monsterinsights_sitenote_category":0,"footnotes":"","jetpack_publicize_message":"","jetpack_publicize_feature_enabled":true,"jetpack_social_post_already_shared":true,"jetpack_social_options":{"image_generator_settings":{"template":"highway","default_image_id":0,"font":"","enabled":false},"version":2}},"categories":[2],"tags":[],"class_list":["post-6640","post","type-post","status-publish","format-standard","has-post-thumbnail","hentry","category-politica"],"jetpack_publicize_connections":[],"_links":{"self":[{"href":"https:\/\/www.enorsai.com\/noticias\/wp-json\/wp\/v2\/posts\/6640","targetHints":{"allow":["GET"]}}],"collection":[{"href":"https:\/\/www.enorsai.com\/noticias\/wp-json\/wp\/v2\/posts"}],"about":[{"href":"https:\/\/www.enorsai.com\/noticias\/wp-json\/wp\/v2\/types\/post"}],"author":[{"embeddable":true,"href":"https:\/\/www.enorsai.com\/noticias\/wp-json\/wp\/v2\/users\/1"}],"replies":[{"embeddable":true,"href":"https:\/\/www.enorsai.com\/noticias\/wp-json\/wp\/v2\/comments?post=6640"}],"version-history":[{"count":1,"href":"https:\/\/www.enorsai.com\/noticias\/wp-json\/wp\/v2\/posts\/6640\/revisions"}],"predecessor-version":[{"id":6642,"href":"https:\/\/www.enorsai.com\/noticias\/wp-json\/wp\/v2\/posts\/6640\/revisions\/6642"}],"wp:featuredmedia":[{"embeddable":true,"href":"https:\/\/www.enorsai.com\/noticias\/wp-json\/wp\/v2\/media\/6641"}],"wp:attachment":[{"href":"https:\/\/www.enorsai.com\/noticias\/wp-json\/wp\/v2\/media?parent=6640"}],"wp:term":[{"taxonomy":"category","embeddable":true,"href":"https:\/\/www.enorsai.com\/noticias\/wp-json\/wp\/v2\/categories?post=6640"},{"taxonomy":"post_tag","embeddable":true,"href":"https:\/\/www.enorsai.com\/noticias\/wp-json\/wp\/v2\/tags?post=6640"}],"curies":[{"name":"wp","href":"https:\/\/api.w.org\/{rel}","templated":true}]}}