{"id":6627,"date":"2025-07-23T09:47:09","date_gmt":"2025-07-23T12:47:09","guid":{"rendered":"https:\/\/www.enorsai.com\/noticias\/?p=6627"},"modified":"2025-07-23T09:47:09","modified_gmt":"2025-07-23T12:47:09","slug":"una-periodista-echada-de-la-derecha-fest-por-decision-presidencial","status":"publish","type":"post","link":"https:\/\/www.enorsai.com\/noticias\/politica\/una-periodista-echada-de-la-derecha-fest-por-decision-presidencial\/","title":{"rendered":"Una periodista echada de la \u201cDerecha Fest\u201d por decisi\u00f3n presidencial"},"content":{"rendered":"\n<p>La cronista de <strong>P\u00e1gina\/12<\/strong>, <strong>Melisa Molina<\/strong>, fue retirada del evento \u201c<strong>Derecha Fest<\/strong>\u201d en C\u00f3rdoba justo antes de que hablara Javier Milei. Aunque hab\u00eda comprado su entrada legalmente y ten\u00eda <strong>acreditaci\u00f3n oficial de prensa<\/strong>, fue interceptada por personal de <strong>Casa Militar<\/strong>, que le comunic\u00f3 una orden proveniente de Buenos Aires: <em>\u201cNo puede estar P\u00e1gina\/12 adentro cuando hable Milei\u201d<\/em>.<\/p>\n\n\n\n<p>\u201cMe llevaron a un descampado, me dejaron sola y me tiraron dos billetes de 20 mil pesos encima. Me dijeron que era por la entrada. Fue violento, nunca viv\u00ed algo as\u00ed\u201d, relat\u00f3 Molina. La periodista es acreditada en Casa Rosada y cubre todos los d\u00edas la agenda presidencial. En esta ocasi\u00f3n, ni la credencial ni la entrada comprada la salvaron de la censura. <\/p>\n\n\n\n<figure class=\"wp-block-embed is-type-wp-embed is-provider-incrustado wp-block-embed-incrustado\"><div class=\"wp-block-embed__wrapper\">\n<blockquote class=\"wp-embedded-content\" data-secret=\"6JdgmsQeNW\"><a href=\"https:\/\/www.enorsai.com\/noticias\/politica\/el-emporio-millonario-del-hijo-de-bullrich-70-bares-una-denuncia-congelada-y-muchas-sospechas\/\">El emporio millonario del hijo de Bullrich: 70 bares, una denuncia congelada y muchas sospechas<\/a><\/blockquote><iframe loading=\"lazy\" class=\"wp-embedded-content\" sandbox=\"allow-scripts\" security=\"restricted\" style=\"position: absolute; visibility: hidden;\" title=\"\u00abEl emporio millonario del hijo de Bullrich: 70 bares, una denuncia congelada y muchas sospechas\u00bb \u2014 \" src=\"https:\/\/www.enorsai.com\/noticias\/politica\/el-emporio-millonario-del-hijo-de-bullrich-70-bares-una-denuncia-congelada-y-muchas-sospechas\/embed\/#?secret=CDVgryuaT5#?secret=6JdgmsQeNW\" data-secret=\"6JdgmsQeNW\" width=\"600\" height=\"338\" frameborder=\"0\" marginwidth=\"0\" marginheight=\"0\" scrolling=\"no\"><\/iframe>\n<\/div><\/figure>\n\n\n\n<h2 class=\"wp-block-heading\">Un show libertario cargado de odio y fundamentalismo<\/h2>\n\n\n\n<p>Antes de ser expulsada, Molina alcanz\u00f3 a cubrir parte del evento: discursos de pastores evang\u00e9licos, asesores de Trump y figuras del ultraconservadurismo. \u201cHab\u00eda un montaje \u00e9pico, m\u00fasica tipo Big One, y mensajes binarios, antiderechos y religiosos\u201d, describi\u00f3.<\/p>\n\n\n\n<p>Uno de los oradores, por ejemplo, declar\u00f3: <em>\u201cO sos hombre o mujer. El resto son 50 formas de hacer el rid\u00edculo\u201d<\/em>. Otro sostuvo que <em>\u201cla izquierda es el anticristo\u201d<\/em>. Y el bi\u00f3grafo de Milei, <strong>Nicol\u00e1s M\u00e1rquez<\/strong>, dej\u00f3 en claro el esp\u00edritu del acto: <strong>\u201cEstamos en guerra. A nuestros enemigos hay que exterminarlos pol\u00edtica, ideol\u00f3gica y espiritualmente\u201d<\/strong>.<\/p>\n\n\n\n<h2 class=\"wp-block-heading\">Esta violencia y censura no es un caso aislado<\/h2>\n\n\n\n<h3 class=\"wp-block-heading\">\ud83d\udd34 Censura sistem\u00e1tica bajo el gobierno de Javier Milei<\/h3>\n\n\n\n<ul class=\"wp-block-list\">\n<li><strong>\ud83d\udd12 Cierre de T\u00e9lam:<\/strong> M\u00e1s de 700 trabajadores fueron excluidos de su lugar de trabajo sin previo aviso. Se bloque\u00f3 el acceso al sitio web y a los servidores.<\/li>\n\n\n\n<li><strong>\ud83d\udeab Prensa acorralada:<\/strong> Desde enero, periodistas acreditados en Casa Rosada no pueden circular por sectores clave como el Patio de las Palmeras, donde se observaba el movimiento de funcionarios.<\/li>\n\n\n\n<li><strong>\ud83d\udcf5 Conferencias a dedo:<\/strong> Adorni selecciona qu\u00e9 periodistas pueden preguntar. Hay medios vetados de hecho, aunque figuren como acreditados.<\/li>\n\n\n\n<li><strong>\ud83d\udcac Estigmatizaci\u00f3n p\u00fablica:<\/strong> Milei y su entorno atacan a periodistas con nombre y apellido. Los acusan de \u201censobrados\u201d, \u201cmentirosos\u201d o \u201cmilitantes disfrazados\u201d.<\/li>\n<\/ul>\n\n\n\n<p><em>La expulsi\u00f3n de Molina es solo un nuevo episodio de una estrategia sistem\u00e1tica para silenciar voces cr\u00edticas y blindar la comunicaci\u00f3n oficial.<\/em> <\/p>\n\n\n\n<figure class=\"wp-block-embed is-type-wp-embed is-provider-incrustado wp-block-embed-incrustado\"><div class=\"wp-block-embed__wrapper\">\n<blockquote class=\"wp-embedded-content\" data-secret=\"MkiR8aZu6S\"><a href=\"https:\/\/www.enorsai.com\/noticias\/politica\/de-influencer-a-meme-el-gordo-dan-marginado-por-karina-milei-y-ridiculizado-en-redes\/\">De influencer a meme: El Gordo Dan, marginado por Karina Milei y ridiculizado en redes<\/a><\/blockquote><iframe loading=\"lazy\" class=\"wp-embedded-content\" sandbox=\"allow-scripts\" security=\"restricted\" style=\"position: absolute; visibility: hidden;\" title=\"\u00abDe influencer a meme: El Gordo Dan, marginado por Karina Milei y ridiculizado en redes\u00bb \u2014 \" src=\"https:\/\/www.enorsai.com\/noticias\/politica\/de-influencer-a-meme-el-gordo-dan-marginado-por-karina-milei-y-ridiculizado-en-redes\/embed\/#?secret=Tdv2fzvB7a#?secret=MkiR8aZu6S\" data-secret=\"MkiR8aZu6S\" width=\"600\" height=\"338\" frameborder=\"0\" marginwidth=\"0\" marginheight=\"0\" scrolling=\"no\"><\/iframe>\n<\/div><\/figure>\n\n\n\n<h2 class=\"wp-block-heading\">Libertad para los que piensan igual<\/h2>\n\n\n\n<p>Mientras Javier Milei se llena la boca hablando de <strong>libertad de expresi\u00f3n<\/strong> y <strong>propiedad privada<\/strong>, su gobierno censura medios, persigue periodistas y crea listas negras informales. La expulsi\u00f3n de Molina demuestra que no quieren testigos inc\u00f3modos, ni siquiera en eventos \u201cprivados\u201d.<\/p>\n\n\n\n<p>El discurso de la libertad se derrumba ante la pr\u00e1ctica sistem\u00e1tica del autoritarismo.<\/p>\n","protected":false},"excerpt":{"rendered":"<p>La cronista de P\u00e1gina\/12, Melisa Molina, fue retirada del evento \u201cDerecha Fest\u201d en C\u00f3rdoba justo antes de que hablara Javier Milei. Aunque hab\u00eda comprado su entrada legalmente y ten\u00eda acreditaci\u00f3n oficial de prensa, fue interceptada por personal de Casa Militar, que le comunic\u00f3 una orden proveniente de Buenos Aires: \u201cNo puede estar P\u00e1gina\/12 adentro cuando&#8230;<\/p>\n","protected":false},"author":4,"featured_media":6628,"comment_status":"open","ping_status":"open","sticky":false,"template":"","format":"standard","meta":{"_monsterinsights_skip_tracking":false,"_monsterinsights_sitenote_active":false,"_monsterinsights_sitenote_note":"","_monsterinsights_sitenote_category":0,"footnotes":"","jetpack_publicize_message":"","jetpack_publicize_feature_enabled":true,"jetpack_social_post_already_shared":true,"jetpack_social_options":{"image_generator_settings":{"template":"highway","default_image_id":0,"font":"","enabled":false},"version":2}},"categories":[2,4],"tags":[93,2128,504,2132,2131,895,106,1408,2130,2129,2133],"class_list":["post-6627","post","type-post","status-publish","format-standard","has-post-thumbnail","hentry","category-politica","category-sociedad","tag-argentina","tag-casa-militar","tag-censura","tag-cierre-de-telam","tag-derecha-fest","tag-gobierno-milei","tag-javier-milei","tag-libertad-de-prensa","tag-melisa-molina","tag-pagina-12","tag-periodistas-expulsados"],"jetpack_publicize_connections":[],"_links":{"self":[{"href":"https:\/\/www.enorsai.com\/noticias\/wp-json\/wp\/v2\/posts\/6627","targetHints":{"allow":["GET"]}}],"collection":[{"href":"https:\/\/www.enorsai.com\/noticias\/wp-json\/wp\/v2\/posts"}],"about":[{"href":"https:\/\/www.enorsai.com\/noticias\/wp-json\/wp\/v2\/types\/post"}],"author":[{"embeddable":true,"href":"https:\/\/www.enorsai.com\/noticias\/wp-json\/wp\/v2\/users\/4"}],"replies":[{"embeddable":true,"href":"https:\/\/www.enorsai.com\/noticias\/wp-json\/wp\/v2\/comments?post=6627"}],"version-history":[{"count":1,"href":"https:\/\/www.enorsai.com\/noticias\/wp-json\/wp\/v2\/posts\/6627\/revisions"}],"predecessor-version":[{"id":6629,"href":"https:\/\/www.enorsai.com\/noticias\/wp-json\/wp\/v2\/posts\/6627\/revisions\/6629"}],"wp:featuredmedia":[{"embeddable":true,"href":"https:\/\/www.enorsai.com\/noticias\/wp-json\/wp\/v2\/media\/6628"}],"wp:attachment":[{"href":"https:\/\/www.enorsai.com\/noticias\/wp-json\/wp\/v2\/media?parent=6627"}],"wp:term":[{"taxonomy":"category","embeddable":true,"href":"https:\/\/www.enorsai.com\/noticias\/wp-json\/wp\/v2\/categories?post=6627"},{"taxonomy":"post_tag","embeddable":true,"href":"https:\/\/www.enorsai.com\/noticias\/wp-json\/wp\/v2\/tags?post=6627"}],"curies":[{"name":"wp","href":"https:\/\/api.w.org\/{rel}","templated":true}]}}