{"id":6624,"date":"2025-07-23T08:36:45","date_gmt":"2025-07-23T11:36:45","guid":{"rendered":"https:\/\/www.enorsai.com\/noticias\/?p=6624"},"modified":"2025-07-23T08:36:45","modified_gmt":"2025-07-23T11:36:45","slug":"mas-encubrimiento-cerraron-la-investigacion-del-curioso-reseteo-del-celular-de-sabag-montiel","status":"publish","type":"post","link":"https:\/\/www.enorsai.com\/noticias\/politica\/mas-encubrimiento-cerraron-la-investigacion-del-curioso-reseteo-del-celular-de-sabag-montiel\/","title":{"rendered":"M\u00e1s encubrimiento: cerraron la investigaci\u00f3n del \u201ccurioso\u201d reseteo del celular de Sabag Montiel"},"content":{"rendered":"\n<p><strong><em>La C\u00e1mara rechaz\u00f3 un recurso de la querella y de esa manera qued\u00f3 firme el sobreseimiento de los tres peritos involucrados: Alejandro Heredia, Camila Dafne Seren y Pablo Kaplan.<\/em><\/strong><\/p>\n\n\n\n<p>La inc\u00f3gnita sobre el sospechoso borrado del tel\u00e9fono de Fernando Sabag Montiel, el principal acusado por el atentado a Cristina Fern\u00e1ndez de Kirchner, seguir\u00e1 abierta. La C\u00e1mara de Casaci\u00f3n rechaz\u00f3 un recurso de la querella y de esa manera qued\u00f3 firme el sobreseimiento de los tres peritos involucrados: Alejandro Heredia, Camila Dafne Seren y Pablo Kaplan.<\/p>\n\n\n\n<p>Heredia fue el primer perito que revis\u00f3 el tel\u00e9fono, pasada la medianoche, en el juzgado de Mar\u00eda Eugenia Capuchetti. A las 2:49 de la madrugada se labr\u00f3 un acta que se recib\u00eda el tel\u00e9fono marca Samsung, modelo SM-A50 5G con una memoria Micro SD marca Sandisk de 64 GB de capacidad, un SIM con el logo de la empresa Movistar N\u00b0 895407514458444373.<\/p>\n\n\n\n<p>Llamativamente, la Polic\u00eda Federal convoc\u00f3 a Heredia, que no ten\u00eda experiencia. \u201cSe intent\u00f3 la extracci\u00f3n entre cuatro y seis veces y daba negativo, no se pudo desbloquear\u201d, declar\u00f3 el entonces jefe de Cibercrimen de la Polic\u00eda Federal, Adri\u00e1n Eduardo Acosta, en el juicio oral.<\/p>\n\n\n\n<p>A esa altura, solo se hab\u00eda podido acceder al contenido de la tarjeta de memoria. Ah\u00ed se encontraron varias fotos, entre ellas las que Sabag Montiel y Brenda Uliarte est\u00e1n con el arma con la que se intent\u00f3 matar a Cristina Kirchner.<\/p>\n\n\n\n<p>El tel\u00e9fono se guard\u00f3 en un sobre de papel madera y se mand\u00f3 a una sede de la PSA.<\/p>\n\n\n\n<p>La encargada del traslado fue Priscilla Santill\u00e1n, una oficial de la PFA que sigue trabajando como custodio de la jueza Capuchetti. Esa mujer declar\u00f3 en el juicio que el sobre estaba cerrado. En cambio, los peritos que lo recibieron en la PSA (Dafne Seren y Kaplan) aseguran lo contrario. Es m\u00e1s, afirmaron que lleg\u00f3 encendido.<\/p>\n\n\n\n<p>La segunda pericia tambi\u00e9n fue un fracaso: el aparato termin\u00f3 reseteado a valores de f\u00e1brica.<\/p>\n\n\n\n<p>Por ese motivo se abri\u00f3 una causa en el juzgado de Mar\u00eda Servini. Los peritos de la PSA se desligaron desde el comienzo. \u201cNo hay ninguna evidencia que permita inferir que este reseteo pudo haber estado vinculado causalmente a alguna irregularidad cometida en la \u00f3rbita de nuestras funciones (&#8230;) S\u00ed, en cambio, fueron detectadas irregularidades en otros tramos de la cadena de custodia\u201d, sostuvo Kaplan.<\/p>\n\n\n\n<p>Por su parte, el fiscal Ramiro Gonz\u00e1lez termin\u00f3 pidiendo el archivo y en febrero de este a\u00f1o la jueza Servini sobresey\u00f3 a los tres peritos involucrados.<\/p>\n\n\n\n<p>Servini lleg\u00f3 a la conclusi\u00f3n que \u201ccon los medios que se cuentan resulta imposible ir un paso m\u00e1s all\u00e1 y determinar con un m\u00ednimo de probabilidad las razones que efectivamente motivaron el reinicio del celular de Sabag Montiel\u201d.<\/p>\n\n\n\n<p>El \u00faltimo intento de abrir el tel\u00e9fono ocurri\u00f3 en marzo, a pedido de la fiscal del juicio, Gabriela Baig\u00fan. Intervinieron los especialistas de la defensa de Sabag Montiel, de la querella de la expresidenta, los de la Direcci\u00f3n General de Investigaciones y Apoyo Tecnol\u00f3gico a la Investigaci\u00f3n Penal (DATIP) de la Procuraci\u00f3n General de la Naci\u00f3n y de la Gendarmer\u00eda Nacional.<\/p>\n\n\n\n<p>Luego de retomar la investigaci\u00f3n, la jueza Capuchetti le pidi\u00f3 colaboraci\u00f3n al Departamento de Seguridad Interior de Estados Unidos, m\u00e1s conocido como Homeland Security, pero la respuesta nuevamente fue negativa.<\/p>\n\n\n\n<p>El sobreseimiento de los peritos fue apelado, pero la C\u00e1mara Federal confirm\u00f3 la decisi\u00f3n de la jueza a fines de abril. Contra esa decisi\u00f3n, la querella present\u00f3 un recurso de casaci\u00f3n. Ese intento fue rechazado el \u00faltimo d\u00eda antes de la feria. \u201cLa conclusi\u00f3n a la que se arrib\u00f3 cuenta con fundamentos jur\u00eddicos m\u00ednimos, necesarios y suficientes que impiden la descalificaci\u00f3n del fallo como acto jurisdiccional v\u00e1lido\u201d, dice el voto mayoritario de los integrantes de la Sala I.<\/p>\n\n\n\n<p>Por Pol\u00edtica Argentina<\/p>\n","protected":false},"excerpt":{"rendered":"<p>La C\u00e1mara rechaz\u00f3 un recurso de la querella y de esa manera qued\u00f3 firme el sobreseimiento de los tres peritos involucrados: Alejandro Heredia, Camila Dafne Seren y Pablo Kaplan. La inc\u00f3gnita sobre el sospechoso borrado del tel\u00e9fono de Fernando Sabag Montiel, el principal acusado por el atentado a Cristina Fern\u00e1ndez de Kirchner, seguir\u00e1 abierta. La&#8230;<\/p>\n","protected":false},"author":5,"featured_media":6625,"comment_status":"open","ping_status":"open","sticky":false,"template":"","format":"standard","meta":{"_monsterinsights_skip_tracking":false,"_monsterinsights_sitenote_active":false,"_monsterinsights_sitenote_note":"","_monsterinsights_sitenote_category":0,"footnotes":"","jetpack_publicize_message":"","jetpack_publicize_feature_enabled":true,"jetpack_social_post_already_shared":true,"jetpack_social_options":{"image_generator_settings":{"template":"highway","default_image_id":0,"font":"","enabled":false},"version":2}},"categories":[2],"tags":[1355,88,70],"class_list":["post-6624","post","type-post","status-publish","format-standard","has-post-thumbnail","hentry","category-politica","tag-atentado","tag-cfk","tag-justicia"],"jetpack_publicize_connections":[],"_links":{"self":[{"href":"https:\/\/www.enorsai.com\/noticias\/wp-json\/wp\/v2\/posts\/6624","targetHints":{"allow":["GET"]}}],"collection":[{"href":"https:\/\/www.enorsai.com\/noticias\/wp-json\/wp\/v2\/posts"}],"about":[{"href":"https:\/\/www.enorsai.com\/noticias\/wp-json\/wp\/v2\/types\/post"}],"author":[{"embeddable":true,"href":"https:\/\/www.enorsai.com\/noticias\/wp-json\/wp\/v2\/users\/5"}],"replies":[{"embeddable":true,"href":"https:\/\/www.enorsai.com\/noticias\/wp-json\/wp\/v2\/comments?post=6624"}],"version-history":[{"count":1,"href":"https:\/\/www.enorsai.com\/noticias\/wp-json\/wp\/v2\/posts\/6624\/revisions"}],"predecessor-version":[{"id":6626,"href":"https:\/\/www.enorsai.com\/noticias\/wp-json\/wp\/v2\/posts\/6624\/revisions\/6626"}],"wp:featuredmedia":[{"embeddable":true,"href":"https:\/\/www.enorsai.com\/noticias\/wp-json\/wp\/v2\/media\/6625"}],"wp:attachment":[{"href":"https:\/\/www.enorsai.com\/noticias\/wp-json\/wp\/v2\/media?parent=6624"}],"wp:term":[{"taxonomy":"category","embeddable":true,"href":"https:\/\/www.enorsai.com\/noticias\/wp-json\/wp\/v2\/categories?post=6624"},{"taxonomy":"post_tag","embeddable":true,"href":"https:\/\/www.enorsai.com\/noticias\/wp-json\/wp\/v2\/tags?post=6624"}],"curies":[{"name":"wp","href":"https:\/\/api.w.org\/{rel}","templated":true}]}}