{"id":6615,"date":"2025-07-23T07:07:10","date_gmt":"2025-07-23T10:07:10","guid":{"rendered":"https:\/\/www.enorsai.com\/noticias\/?p=6615"},"modified":"2025-07-23T07:07:10","modified_gmt":"2025-07-23T10:07:10","slug":"por-un-error-de-la-secretaria-de-energia-el-gobierno-de-milei-termina-pagando-casi-el-doble-por-el-gas-de-vaca-muerta","status":"publish","type":"post","link":"https:\/\/www.enorsai.com\/noticias\/opinion\/por-un-error-de-la-secretaria-de-energia-el-gobierno-de-milei-termina-pagando-casi-el-doble-por-el-gas-de-vaca-muerta\/","title":{"rendered":"Por un \u201cerror\u201d de la Secretar\u00eda de Energ\u00eda, el gobierno de Milei termina pagando casi el doble por el gas de Vaca Muerta"},"content":{"rendered":"\n<p><strong><em>Una falla de previsi\u00f3n deja expuesta la gesti\u00f3n energ\u00e9tica: por querer cubrir el invierno en apuro, el Estado pasar\u00e1 de abonar USD\u202f4,5 a USD\u202f7,5 por BTU. Un negocio que encarece las tarifas y erosiona las promesas de ahorro.<\/em><\/strong><\/p>\n\n\n\n<p>La Secretar\u00eda de Energ\u00eda, sin contemplar la demanda estacional, improvis\u00f3 una compra urgente que dispar\u00f3 el precio del gas extra\u00eddo en Vaca Muerta. El vanidoso relato oficial quedar\u00e1 menguado por este desliz: un aumento obsceno en el costo que pagar\u00e1 la poblaci\u00f3n. Y todo, con el sello y la firma del ala dura del gobierno.<\/p>\n\n\n\n<p>El panorama es demoledor: la cartera que conduce la Secretar\u00eda de Energ\u00eda no previ\u00f3 un pico de demanda para el invierno, y debi\u00f3 salir a comprar gas a las apuradas. Seg\u00fan un reciente reportaje de <em>La Pol\u00edtica Online<\/em>, esa improvisaci\u00f3n releg\u00f3 un precio de USD\u202f4,5 por BTU, terminando en un impresionante USD\u202f7,5. Casi el doble. Casi un esc\u00e1ndalo a plena luz del d\u00eda.<\/p>\n\n\n\n<p>Este \u201cerror\u201d de c\u00e1lculo, en t\u00e9rminos econ\u00f3micos, no es balad\u00ed. El Estado se ve forzado a desafiar cualquier noci\u00f3n de eficiencia con una factura inflada. Que el gobierno cancelara este sobreprecio revela, en su l\u00f3gica perversa, una mezcla de negligencia e improvisaci\u00f3n \u2014 cualidad que parec\u00eda ya patrimonio cl\u00e1sico del kirchnerismo, pero que aqu\u00ed revive con otra firma, la de Javier Milei.<\/p>\n\n\n\n<p>El costo extra no queda en una sigla ni en una cifra abstracta: se traduce en tarifas m\u00e1s altas para hogares y Pymes. Ese argumento central del discurso liberal de ahorro, de eficiencia y de mejora en la calidad de vida para las familias de clase media de pronto se ve agujereado. El relato se derrumba cuando el ciudadano contempla el calentador, el consumo mensual y la cuenta de gas.<\/p>\n\n\n\n<p>Detr\u00e1s de cada BTU sobregirado hay una mezcla de orgullo mal entendido y falta de habilidad administrativa. La Secretar\u00eda apost\u00f3 al gatillo f\u00e1cil, sin consultar previsiones meteorol\u00f3gicas ni analizar stocks. Decir que el fr\u00edo sorprendi\u00f3 es un recurso d\u00e9bil cuando hay instituciones y herramientas t\u00e9cnicas expresamente para evitarlas.<\/p>\n\n\n\n<p>Ese \u201cerror\u201d es, en realidad, un s\u00edntoma m\u00e1s profundo: un gobierno que, en el fondo, sigue haciendo pie en la improvisaci\u00f3n. La sobreactuaci\u00f3n ideol\u00f3gica que proclama recortes y eficiencia flexibiliza en las pr\u00e1cticas. El resultado: falta de planificaci\u00f3n, saltos de costo, quita de subsidios ad aminem\u2026 y al final, el populismo tarifario m\u00e1s caro se disfraza de frialdad econ\u00f3mica.<\/p>\n\n\n\n<p>Hay que reconocer algo: el invierno es dif\u00edcil y el gas \u2014una materia prima estrat\u00e9gica\u2014 exige previsi\u00f3n. Pero \u00bfhasta qu\u00e9 punto debe pagarse el precio por la incapacidad para planificar? Y m\u00e1s a\u00fan cuando hablamos del gas de Vaca Muerta, el supuesto tesoro local que impulsar\u00eda independencia energ\u00e9tica. Ir\u00f3nico: el orgullo nacional est\u00e1 pagando un sobreprecio brutal.<\/p>\n\n\n\n<p>El caso no es aislado. Un Estado desarticulado, atado a la urgencia y a la pr\u00e9dica de que lo p\u00fablico solo falla, termina cayendo en sus propias trampas. Las promesas de tarifas bajas, de eficiencia y de uso racional chocan contra los hechos. Y en ese choque, como siempre, el que paga es el ciudadano de a pie.<\/p>\n\n\n\n<p>No se trata solo de alertar sobre un error t\u00e9cnico: se trata de denunciar un patr\u00f3n recurrente. El desd\u00e9n por la previsi\u00f3n, la priorizaci\u00f3n del relato formal por encima de los planes concretos, y la distribuci\u00f3n de costos sobre quienes menos tienen. Esa es la verdadera tragedia: un gobierno que predica austeridad pero ensancha el bolsillo estatal con compras mal hechas.<\/p>\n\n\n\n<p>Es necesario interrogar con urgencia a la Secretar\u00eda de Energ\u00eda: \u00bfqu\u00e9 fall\u00f3, a cu\u00e1l cadena de mando corresponde el error? \u00bfQu\u00e9 herramientas de control se aplicaron? \u00bfY por qu\u00e9 la poblaci\u00f3n no fue informada en tiempo y forma?<\/p>\n\n\n\n<p>Este pago alt\u00edsimo por gas no es un accidente, es una herida que fractura la narrativa neoliberal del ahorro y la eficiencia. Si Vaca Muerta era la joya de la corona, este costo desproporcionado no solo opaca su brillo: lo convierte en una espina econ\u00f3mica. Y las consecuencias a\u00fan est\u00e1n por verse: el bolsillo de millones ya empez\u00f3 a resentirse.<\/p>\n\n\n\n<p>Reconocer la incertidumbre: claro que el clima global y local puede sorprender. Pero cuando el error es monumental \u2014casi el doble del costo previsto\u2014, ya no cabe defensas sentimentales: es una decisi\u00f3n mal tomada, con consecuencias reales. Y esa realidad duele, especialmente cuando se usa como base para vender un relato de eficiencia mal entendida.<\/p>\n\n\n\n<p><strong>Fuente:<\/strong><br><a href=\"https:\/\/www.lapoliticaonline.com\/energia\/la-secretaria-de-energia-casi-que-duplico-el-precio-del-gas-de-vaca-muerta\/\">https:\/\/www.lapoliticaonline.com\/energia\/la-secretaria-de-energia-casi-que-duplico-el-precio-del-gas-de-vaca-muerta\/<\/a><\/p>\n","protected":false},"excerpt":{"rendered":"<p>Un desliz severo: la Secretar\u00eda de Energ\u00eda compr\u00f3 gas de Vaca Muerta a USD\u202f7,5 por BTU, casi el doble del precio original de USD\u202f4,5, por falta de previsi\u00f3n para el invierno. El sobrecosto golpea el bolsillo del ciudadano y pone en jaque el discurso liberal de eficiencia energ\u00e9tica.<\/p>\n","protected":false},"author":9,"featured_media":6616,"comment_status":"open","ping_status":"open","sticky":false,"template":"","format":"standard","meta":{"_monsterinsights_skip_tracking":false,"_monsterinsights_sitenote_active":false,"_monsterinsights_sitenote_note":"","_monsterinsights_sitenote_category":0,"footnotes":"","jetpack_publicize_message":"\u201c\u00bfQu\u00e9 tan caro puede salir un error? \ud83e\udd76 El gobierno compr\u00f3 gas en apuro y casi duplic\u00f3 el costo. En nuestro \u00faltimo art\u00edculo, analizamos c\u00f3mo esto complica el discurso de eficiencia de Milei. \u00bfTe parece aceptable? Le\u00e9 y opin\u00e1.\u201d","jetpack_publicize_feature_enabled":true,"jetpack_social_post_already_shared":false,"jetpack_social_options":{"image_generator_settings":{"template":"highway","default_image_id":0,"enabled":false},"version":2}},"categories":[17],"tags":[813,1189,27,2119,1598,45,1169,2120,917,814],"class_list":["post-6615","post","type-post","status-publish","format-standard","has-post-thumbnail","hentry","category-opinion","tag-energia","tag-gas","tag-gobierno","tag-improvisacion","tag-invierno","tag-milei","tag-precios","tag-secretariaenergia","tag-tarifas","tag-vacamuerta"],"jetpack_publicize_connections":[],"_links":{"self":[{"href":"https:\/\/www.enorsai.com\/noticias\/wp-json\/wp\/v2\/posts\/6615","targetHints":{"allow":["GET"]}}],"collection":[{"href":"https:\/\/www.enorsai.com\/noticias\/wp-json\/wp\/v2\/posts"}],"about":[{"href":"https:\/\/www.enorsai.com\/noticias\/wp-json\/wp\/v2\/types\/post"}],"author":[{"embeddable":true,"href":"https:\/\/www.enorsai.com\/noticias\/wp-json\/wp\/v2\/users\/9"}],"replies":[{"embeddable":true,"href":"https:\/\/www.enorsai.com\/noticias\/wp-json\/wp\/v2\/comments?post=6615"}],"version-history":[{"count":1,"href":"https:\/\/www.enorsai.com\/noticias\/wp-json\/wp\/v2\/posts\/6615\/revisions"}],"predecessor-version":[{"id":6617,"href":"https:\/\/www.enorsai.com\/noticias\/wp-json\/wp\/v2\/posts\/6615\/revisions\/6617"}],"wp:featuredmedia":[{"embeddable":true,"href":"https:\/\/www.enorsai.com\/noticias\/wp-json\/wp\/v2\/media\/6616"}],"wp:attachment":[{"href":"https:\/\/www.enorsai.com\/noticias\/wp-json\/wp\/v2\/media?parent=6615"}],"wp:term":[{"taxonomy":"category","embeddable":true,"href":"https:\/\/www.enorsai.com\/noticias\/wp-json\/wp\/v2\/categories?post=6615"},{"taxonomy":"post_tag","embeddable":true,"href":"https:\/\/www.enorsai.com\/noticias\/wp-json\/wp\/v2\/tags?post=6615"}],"curies":[{"name":"wp","href":"https:\/\/api.w.org\/{rel}","templated":true}]}}