{"id":6581,"date":"2025-07-22T13:15:32","date_gmt":"2025-07-22T16:15:32","guid":{"rendered":"https:\/\/www.enorsai.com\/noticias\/?p=6581"},"modified":"2025-07-22T13:15:32","modified_gmt":"2025-07-22T16:15:32","slug":"motosierra-para-los-que-tienen-hambre-milei-elimino-el-registro-de-comedores-y-dejo-sin-asistencia-a-los-mas-vulnerables","status":"publish","type":"post","link":"https:\/\/www.enorsai.com\/noticias\/sociedad\/motosierra-para-los-que-tienen-hambre-milei-elimino-el-registro-de-comedores-y-dejo-sin-asistencia-a-los-mas-vulnerables\/","title":{"rendered":"Motosierra para los que tienen hambre: Milei elimin\u00f3 el registro de comedores y dej\u00f3 sin asistencia a los m\u00e1s vulnerables"},"content":{"rendered":"\n<p>La gesti\u00f3n de Javier Milei elimin\u00f3 el \u00fanico registro estatal que permit\u00eda verificar la existencia de comedores y merenderos comunitarios, en una medida que deja sin control, sin asistencia y sin visibilidad a las organizaciones que alimentan a millones de personas en situaci\u00f3n de pobreza extrema.<\/p>\n\n\n\n<p>Mientras los indicadores sociales se desploman y la emergencia alimentaria se vuelve insoportable, el Ministerio de Capital Humano suprime el Registro Nacional de Comedores y Merenderos Comunitarios, dejando en la sombra a miles de espacios que sostienen a las poblaciones m\u00e1s golpeadas. La motosierra ya no recorta: directamente borra.<\/p>\n\n\n\n<p>En un pa\u00eds donde m\u00e1s de la mitad de los ni\u00f1os y ni\u00f1as vive por debajo de la l\u00ednea de pobreza y millones de familias dependen de un plato de comida diario en espacios comunitarios, el Gobierno de Javier Milei decidi\u00f3 hacer desaparecer del mapa al hambre. Literalmente. El Ministerio de Capital Humano, conducido por Sandra Pettovello, elimin\u00f3 el Registro Nacional de Comedores y Merenderos Comunitarios (Renacom), el \u00fanico instrumento estatal que permit\u00eda reconocer, sistematizar y acompa\u00f1ar a estas redes esenciales.<\/p>\n\n\n\n<p>La decisi\u00f3n no fue comunicada con bombos y platillos. Fue una resoluci\u00f3n administrativa que, sin necesidad de justificar lo injustificable, borr\u00f3 de un plumazo la herramienta creada en 2020 para dar respuesta a una demanda real: saber d\u00f3nde est\u00e1n, qui\u00e9nes son y cu\u00e1ntas personas alimentan los comedores populares que sostienen el entramado social de los sectores m\u00e1s vulnerables. El Gobierno decidi\u00f3 mirar para otro lado, como si ocultar el hambre fuera equivalente a erradicarlo.<\/p>\n\n\n\n<p>La eliminaci\u00f3n del Renacom no s\u00f3lo significa la p\u00e9rdida de una base de datos. Es una forma brutal de invisibilizar. Es negar la existencia misma de esos espacios que hoy representan el \u00faltimo recurso de subsistencia para millones de argentinos y argentinas. Y lo m\u00e1s perverso: deja sin posibilidad de validaci\u00f3n a miles de organizaciones que, sin ese registro, quedan fuera del radar de las pol\u00edticas p\u00fablicas, sin acceso a alimentos, insumos ni acompa\u00f1amiento.<\/p>\n\n\n\n<p>Detr\u00e1s de cada comedor hay historias concretas. Hay madres que cocinan con lo poco que tienen. Hay vecinos que arman redes solidarias cuando el Estado se retira. Hay ni\u00f1os que se alimentan una vez al d\u00eda, y ese \u00fanico momento ocurre en esos espacios comunitarios que ahora el gobierno decide desconocer. Sin el Renacom, no solo se les niega asistencia: se les niega identidad. Se los convierte en fantasmas.<\/p>\n\n\n\n<p>El Ministerio de Capital Humano no ofreci\u00f3 alternativa alguna. No propuso un nuevo mecanismo. Simplemente, suprimi\u00f3. Lo hizo en nombre de la \u201cmodernizaci\u00f3n\u201d administrativa y la presunta necesidad de evitar \u201cintermediarios\u201d. Pero, en realidad, lo que se elimina es la posibilidad de saber, de actuar, de asistir. Lo que se destruye es la red que evita el colapso social.<\/p>\n\n\n\n<p>La motosierra de Milei ya no pasa solamente por el ajuste de partidas presupuestarias. Ahora, tambi\u00e9n corta la posibilidad de registrar y, por tanto, de asistir a quienes m\u00e1s lo necesitan. La l\u00f3gica libertaria se vuelve cada vez m\u00e1s cruel: como el Estado no tiene que estar, entonces ni siquiera debe saber. Y si no sabe, no existe. Y si no existe, no duele.<\/p>\n\n\n\n<p>Esta medida, como tantas otras del actual gobierno, se ejecuta sin diagn\u00f3stico ni evaluaci\u00f3n. \u00bfQu\u00e9 impacto tiene eliminar el Renacom en los barrios? \u00bfCu\u00e1ntos comedores quedar\u00e1n sin recursos? \u00bfQui\u00e9n va a verificar que no se corte la \u00fanica fuente de alimentos para miles de familias? El Gobierno no contesta. No le interesa. Porque para esta administraci\u00f3n, las estad\u00edsticas s\u00f3lo importan cuando sirven para hacer propaganda. Cuando muestran el desastre social que sus decisiones provocan, mejor enterrarlas.<\/p>\n\n\n\n<p>El Renacom no era perfecto. Como todo sistema, necesitaba mejoras, ajustes, fiscalizaci\u00f3n. Pero cumpl\u00eda una funci\u00f3n fundamental: le daba legitimidad y reconocimiento a los espacios comunitarios. Permit\u00eda construir pol\u00edtica p\u00fablica basada en evidencia. Facilitaba que el Estado llegara donde m\u00e1s se lo necesitaba. Ahora, con su eliminaci\u00f3n, lo que se consolida es un modelo de abandono.<\/p>\n\n\n\n<p>La situaci\u00f3n social en Argentina no permite lujos ideol\u00f3gicos. Los datos son aterradores: aumentan los niveles de indigencia, crece la inseguridad alimentaria, se multiplican los pedidos de asistencia. Sin embargo, el gobierno responde con una motosierra sin sensibilidad. Con un desprecio absoluto por los m\u00e1s pobres. Con una l\u00f3gica de castigo, como si la pobreza fuera culpa de quienes la padecen.<\/p>\n\n\n\n<p>La eliminaci\u00f3n del Renacom es m\u00e1s que una decisi\u00f3n administrativa. Es un mensaje pol\u00edtico: \u201cno nos importan los comedores\u201d. No nos importa la gente que tiene hambre. No nos importan los barrios. No nos importa nada que no entre en la l\u00f3gica mercantilista de un Excel. Lo que no se puede privatizar, se abandona. Lo que no rinde en votos o dividendos, se destruye.<\/p>\n\n\n\n<p>En este escenario, las organizaciones sociales quedan a la intemperie. Ya sin asistencia, ahora tambi\u00e9n sin reconocimiento. Con la carga de sostener lo insostenible, de alimentar con lo que no hay, de contener el estallido con las u\u00f1as. Pero tambi\u00e9n con la certeza de que la lucha no se negocia. Que el territorio no se entrega. Que cada olla popular es un acto de resistencia frente a un gobierno que desprecia la vida de los humildes.<\/p>\n\n\n\n<p>No se trata solo de datos ni de registros. Se trata de humanidad. Se trata de decisiones pol\u00edticas que salvan o condenan. Y este gobierno eligi\u00f3 condenar. Eligi\u00f3 desaparecer del mapa a quienes todos los d\u00edas ponen el cuerpo para evitar que el hambre se lleve puesto a los pibes. Eligi\u00f3 hundir en la oscuridad a quienes sostienen lo que el Estado decidi\u00f3 soltar.<\/p>\n\n\n\n<p>Quiz\u00e1s creen que eliminando el Renacom eliminan el hambre. Pero lo \u00fanico que logran es agravar el dolor, multiplicar la desesperaci\u00f3n y profundizar una crisis social que ya no da m\u00e1s. Porque la motosierra no corta privilegios. Corta derechos. Corta redes. Corta vidas.<\/p>\n\n\n\n<p><strong>Fuente:<\/strong><br><a class=\"\" href=\"https:\/\/www.tiempoar.com.ar\/ta_article\/el-gobierno-elimino-el-registro-para-validar-la-existencia-de-comedores-y-merenderos\/\">https:\/\/www.tiempoar.com.ar\/ta_article\/el-gobierno-elimino-el-registro-para-validar-la-existencia-de-comedores-y-merenderos\/<\/a><\/p>\n","protected":false},"excerpt":{"rendered":"<p>El gobierno de Javier Milei elimin\u00f3 el Renacom, \u00fanico registro estatal de comedores y merenderos comunitarios, dejando sin reconocimiento ni asistencia a miles de espacios que alimentan a los sectores m\u00e1s pobres. Una medida brutal que borra del mapa al hambre, pero no su impacto en la vida real de millones.<\/p>\n","protected":false},"author":12,"featured_media":6582,"comment_status":"open","ping_status":"open","sticky":false,"template":"","format":"standard","meta":{"_monsterinsights_skip_tracking":false,"_monsterinsights_sitenote_active":false,"_monsterinsights_sitenote_note":"","_monsterinsights_sitenote_category":0,"footnotes":"","jetpack_publicize_message":"","jetpack_publicize_feature_enabled":true,"jetpack_social_post_already_shared":true,"jetpack_social_options":{"image_generator_settings":{"template":"highway","default_image_id":0,"font":"","enabled":false},"version":2}},"categories":[4],"tags":[58,1339,69,902,1172,2087,45,691,475,72],"class_list":["post-6581","post","type-post","status-publish","format-standard","has-post-thumbnail","hentry","category-sociedad","tag-ajuste","tag-comedores","tag-derechos","tag-exclusion","tag-hambre","tag-merenderos","tag-milei","tag-motosierra","tag-pobreza","tag-politica"],"jetpack_publicize_connections":[],"_links":{"self":[{"href":"https:\/\/www.enorsai.com\/noticias\/wp-json\/wp\/v2\/posts\/6581","targetHints":{"allow":["GET"]}}],"collection":[{"href":"https:\/\/www.enorsai.com\/noticias\/wp-json\/wp\/v2\/posts"}],"about":[{"href":"https:\/\/www.enorsai.com\/noticias\/wp-json\/wp\/v2\/types\/post"}],"author":[{"embeddable":true,"href":"https:\/\/www.enorsai.com\/noticias\/wp-json\/wp\/v2\/users\/12"}],"replies":[{"embeddable":true,"href":"https:\/\/www.enorsai.com\/noticias\/wp-json\/wp\/v2\/comments?post=6581"}],"version-history":[{"count":1,"href":"https:\/\/www.enorsai.com\/noticias\/wp-json\/wp\/v2\/posts\/6581\/revisions"}],"predecessor-version":[{"id":6583,"href":"https:\/\/www.enorsai.com\/noticias\/wp-json\/wp\/v2\/posts\/6581\/revisions\/6583"}],"wp:featuredmedia":[{"embeddable":true,"href":"https:\/\/www.enorsai.com\/noticias\/wp-json\/wp\/v2\/media\/6582"}],"wp:attachment":[{"href":"https:\/\/www.enorsai.com\/noticias\/wp-json\/wp\/v2\/media?parent=6581"}],"wp:term":[{"taxonomy":"category","embeddable":true,"href":"https:\/\/www.enorsai.com\/noticias\/wp-json\/wp\/v2\/categories?post=6581"},{"taxonomy":"post_tag","embeddable":true,"href":"https:\/\/www.enorsai.com\/noticias\/wp-json\/wp\/v2\/tags?post=6581"}],"curies":[{"name":"wp","href":"https:\/\/api.w.org\/{rel}","templated":true}]}}