{"id":6578,"date":"2025-07-22T11:59:18","date_gmt":"2025-07-22T14:59:18","guid":{"rendered":"https:\/\/www.enorsai.com\/noticias\/?p=6578"},"modified":"2025-07-22T11:59:18","modified_gmt":"2025-07-22T14:59:18","slug":"milei-autoriza-cortes-de-agua-y-prepara-el-terreno-para-privatizar-aysa","status":"publish","type":"post","link":"https:\/\/www.enorsai.com\/noticias\/politica\/milei-autoriza-cortes-de-agua-y-prepara-el-terreno-para-privatizar-aysa\/","title":{"rendered":"Milei autoriza cortes de agua y prepara el terreno para privatizar AySA"},"content":{"rendered":"\n<p><strong><em>Con una resoluci\u00f3n que habilita los cortes del servicio por falta de pago, el Gobierno sienta las bases para una ofensiva privatizadora sobre AySA. La l\u00f3gica del mercado se impone incluso sobre un derecho humano esencial.<\/em><\/strong><\/p>\n\n\n\n<p>En un nuevo cap\u00edtulo del ajuste sin anestesia, el gobierno de Javier Milei reaviva la vieja agenda neoliberal de los noventa al autorizar los cortes de agua por falta de pago. El cambio normativo, tan silencioso como brutal, allana el camino para una eventual privatizaci\u00f3n de Agua y Saneamientos Argentinos (AySA), dejando al descubierto un desprecio alarmante por los sectores vulnerables y una visi\u00f3n mercantilista del acceso al agua.<\/p>\n\n\n\n<p>Hay decisiones que no necesitan discursos altisonantes para resultar escandalosas. Bastan una resoluci\u00f3n burocr\u00e1tica y el desd\u00e9n por el bien com\u00fan para provocar una cat\u00e1strofe silenciosa. Eso es lo que acaba de hacer el Gobierno de Javier Milei al modificar la normativa que imped\u00eda cortar el servicio de agua potable y cloacas a los usuarios morosos. A partir de ahora, AySA podr\u00e1 cerrar la canilla a quienes no puedan pagar, consolidando una de las se\u00f1ales m\u00e1s claras de la avanzada privatizadora que se cocina en las sombras.<\/p>\n\n\n\n<p>La resoluci\u00f3n fue firmada por el interventor del Ente Regulador de Agua y Saneamiento (ERAS), Juan Jos\u00e9 Aranguren, un nombre que no es ajeno a la pol\u00edtica de desregulaci\u00f3n ni al sector empresarial. Exministro de Energ\u00eda de Mauricio Macri y hombre fuerte de Shell durante a\u00f1os, Aranguren encarna la visi\u00f3n m\u00e1s ortodoxa del neoliberalismo. No sorprende entonces que, bajo su \u00f3rbita, el gobierno haya dispuesto eliminar la restricci\u00f3n que, desde 2006, prohib\u00eda a AySA interrumpir el servicio de agua potable y cloacas por deudas.<\/p>\n\n\n\n<p>La medida, que fue comunicada casi en secreto mediante una resoluci\u00f3n del 10 de julio, lleva la impronta de un modelo de pa\u00eds donde la rentabilidad prima por sobre los derechos humanos. Porque, aunque parezca una obviedad, el acceso al agua no es un bien de lujo, sino una condici\u00f3n b\u00e1sica para una vida digna. La Organizaci\u00f3n de las Naciones Unidas lo declar\u00f3 derecho humano en 2010. Pero para el gobierno de Milei, ese principio parece no tener ning\u00fan valor si se interpone en el camino del ajuste.<\/p>\n\n\n\n<p>El trasfondo de esta movida es todav\u00eda m\u00e1s preocupante. La reconfiguraci\u00f3n del r\u00e9gimen de corte de servicios no solo impacta directamente sobre la poblaci\u00f3n m\u00e1s vulnerable \u2014los mismos que ya vienen siendo arrasados por la licuaci\u00f3n de ingresos, la inflaci\u00f3n descontrolada y el desguace del Estado\u2014, sino que adem\u00e1s sienta las bases legales para avanzar en la privatizaci\u00f3n de AySA.<\/p>\n\n\n\n<p>El gobierno lo niega, pero los hechos lo contradicen. Desde que asumi\u00f3, Milei no ha ocultado su desprecio por las empresas p\u00fablicas, a las que considera parte de un Estado \u00abgigante y parasitario\u00bb. AySA no es la excepci\u00f3n: su posible inclusi\u00f3n en el paquete de empresas sujetas a privatizaci\u00f3n se ha mencionado en reiteradas ocasiones en los borradores de la Ley \u00d3mnibus, y desde la Casa Rosada nunca se despej\u00f3 esa intenci\u00f3n.<\/p>\n\n\n\n<p>M\u00e1s a\u00fan, la estrategia es astuta pero brutal: primero se deteriora el servicio, luego se desfinancia la empresa, se reducen derechos a los usuarios, y por \u00faltimo se presenta la privatizaci\u00f3n como \u00fanica salida viable. El cambio normativo que permite los cortes de agua es solo un eslab\u00f3n m\u00e1s en esa cadena de desmantelamiento.<\/p>\n\n\n\n<p>En este punto, cabe preguntarse: \u00bfqui\u00e9n se beneficia con esta pol\u00edtica? Sin duda no los usuarios que ahora deber\u00e1n enfrentarse al temor de quedarse sin agua en pleno invierno. Tampoco el personal t\u00e9cnico y operativo de AySA, cuyos puestos de trabajo est\u00e1n en la mira de un gobierno que celebra los despidos como parte de su \u201cplan motosierra\u201d. Los \u00fanicos que salen ganando son los grupos empresariales que ya est\u00e1n al acecho, esperando la oportunidad de quedarse con uno de los servicios m\u00e1s esenciales del pa\u00eds.<\/p>\n\n\n\n<p>El caso de AySA no es aislado. Forma parte de una estrategia m\u00e1s amplia de vaciamiento y privatizaci\u00f3n de bienes p\u00fablicos, que incluye tambi\u00e9n el intento de venta de empresas estrat\u00e9gicas como Aerol\u00edneas Argentinas, el Banco Naci\u00f3n o la Casa de Moneda. La l\u00f3gica es siempre la misma: degradar, deslegitimar y luego vender. Todo, por supuesto, en nombre de la \u00abeficiencia\u00bb y del \u00abmercado libre\u00bb.<\/p>\n\n\n\n<p>Pero cuando se trata de agua, esa l\u00f3gica se vuelve criminal. Porque sin acceso garantizado al agua potable, no hay salud, no hay higiene, no hay vida. Negar este servicio a quienes no pueden pagarlo es condenarlos al abandono. Es una forma de violencia estructural que solo puede justificarse desde la frialdad tecnocr\u00e1tica o el fanatismo ideol\u00f3gico.<\/p>\n\n\n\n<p>Lo que se juega aqu\u00ed no es un mero conflicto administrativo o tarifario. Es un modelo de pa\u00eds. Uno donde la solidaridad, la igualdad de oportunidades y la justicia social son reemplazadas por la ley del m\u00e1s fuerte. Uno donde la necesidad de los m\u00e1s humildes es vista como una molestia, un obst\u00e1culo a erradicar.<\/p>\n\n\n\n<p>Y no es casual que esta ofensiva contra AySA se produzca sin debate p\u00fablico, sin consulta con especialistas, sin participaci\u00f3n ciudadana. El gobierno de Milei, acostumbrado a gobernar por decreto, desprecia las formas democr\u00e1ticas tanto como desprecia el rol del Estado como garante de derechos. En su visi\u00f3n ultraliberal, todo puede ser mercanc\u00eda, incluso el agua.<\/p>\n\n\n\n<p>La historia reciente ofrece lecciones que no deber\u00edan ignorarse. En los a\u00f1os noventa, bajo el paradigma privatizador de Carlos Menem, el servicio de agua tambi\u00e9n fue entregado a manos privadas, con resultados catastr\u00f3ficos. Tarifas impagables, inversiones incumplidas y una cobertura desigual que dej\u00f3 a millones sin acceso. Fue necesaria la estatizaci\u00f3n de AySA en 2006 para revertir ese desastre.<\/p>\n\n\n\n<p>Pero ahora, el gobierno libertario parece decidido a repetir el mismo libreto, como si no hubi\u00e9ramos aprendido nada. El problema es que el costo no lo pagar\u00e1n los ide\u00f3logos de la motosierra, sino los jubilados, las familias de los barrios populares, los ni\u00f1os que no podr\u00e1n lavarse las manos ni tomar un vaso de agua segura.<\/p>\n\n\n\n<p>Es necesario denunciar con todas las letras que esta medida no es una simple decisi\u00f3n administrativa. Es un paso m\u00e1s en un proyecto de pa\u00eds cruel y excluyente, donde la vida cotidiana de millones est\u00e1 en juego. No se puede naturalizar que en pleno siglo XXI el agua sea considerada un bien condicionado al poder adquisitivo. No se puede aceptar que se vuelva a hablar de \u201ccortes\u201d como si se tratara de un cable de televisi\u00f3n.<\/p>\n\n\n\n<p>La defensa del agua como derecho humano debe ser innegociable. Y frente a un gobierno que avanza con la topadora sobre lo p\u00fablico, el silencio solo sirve a los intereses de quienes se frotan las manos pensando en las ganancias que deja la sed.<\/p>\n\n\n\n<p><strong>Fuente:<\/strong><br><a href=\"https:\/\/www.pagina12.com.ar\/843798-privatizacion-de-aysa-milei-habilita-los-cortes-de-agua-por-\">https:\/\/www.pagina12.com.ar\/843798-privatizacion-de-aysa-milei-habilita-los-cortes-de-agua-por-<\/a><\/p>\n","protected":false},"excerpt":{"rendered":"<p>El gobierno de Javier Milei autoriz\u00f3 a AySA a cortar el servicio de agua a usuarios morosos, una medida que reaviva el fantasma de la privatizaci\u00f3n. Con un cambio normativo silencioso pero devastador, se consolida la mercantilizaci\u00f3n de un derecho humano esencial y se expone a los sectores vulnerables a mayor exclusi\u00f3n.<\/p>\n","protected":false},"author":11,"featured_media":6579,"comment_status":"open","ping_status":"open","sticky":false,"template":"","format":"standard","meta":{"_monsterinsights_skip_tracking":false,"_monsterinsights_sitenote_active":false,"_monsterinsights_sitenote_note":"","_monsterinsights_sitenote_category":0,"footnotes":"","jetpack_publicize_message":"","jetpack_publicize_feature_enabled":true,"jetpack_social_post_already_shared":true,"jetpack_social_options":{"image_generator_settings":{"template":"highway","default_image_id":0,"font":"","enabled":false},"version":2}},"categories":[2],"tags":[1664,58,2085,69,2086,902,45,463,671,1351],"class_list":["post-6578","post","type-post","status-publish","format-standard","has-post-thumbnail","hentry","category-politica","tag-agua","tag-ajuste","tag-aysa","tag-derechos","tag-eras","tag-exclusion","tag-milei","tag-neoliberalismo","tag-privatizacion","tag-servicios"],"jetpack_publicize_connections":[],"_links":{"self":[{"href":"https:\/\/www.enorsai.com\/noticias\/wp-json\/wp\/v2\/posts\/6578","targetHints":{"allow":["GET"]}}],"collection":[{"href":"https:\/\/www.enorsai.com\/noticias\/wp-json\/wp\/v2\/posts"}],"about":[{"href":"https:\/\/www.enorsai.com\/noticias\/wp-json\/wp\/v2\/types\/post"}],"author":[{"embeddable":true,"href":"https:\/\/www.enorsai.com\/noticias\/wp-json\/wp\/v2\/users\/11"}],"replies":[{"embeddable":true,"href":"https:\/\/www.enorsai.com\/noticias\/wp-json\/wp\/v2\/comments?post=6578"}],"version-history":[{"count":1,"href":"https:\/\/www.enorsai.com\/noticias\/wp-json\/wp\/v2\/posts\/6578\/revisions"}],"predecessor-version":[{"id":6580,"href":"https:\/\/www.enorsai.com\/noticias\/wp-json\/wp\/v2\/posts\/6578\/revisions\/6580"}],"wp:featuredmedia":[{"embeddable":true,"href":"https:\/\/www.enorsai.com\/noticias\/wp-json\/wp\/v2\/media\/6579"}],"wp:attachment":[{"href":"https:\/\/www.enorsai.com\/noticias\/wp-json\/wp\/v2\/media?parent=6578"}],"wp:term":[{"taxonomy":"category","embeddable":true,"href":"https:\/\/www.enorsai.com\/noticias\/wp-json\/wp\/v2\/categories?post=6578"},{"taxonomy":"post_tag","embeddable":true,"href":"https:\/\/www.enorsai.com\/noticias\/wp-json\/wp\/v2\/tags?post=6578"}],"curies":[{"name":"wp","href":"https:\/\/api.w.org\/{rel}","templated":true}]}}