{"id":6565,"date":"2025-07-22T08:35:41","date_gmt":"2025-07-22T11:35:41","guid":{"rendered":"https:\/\/www.enorsai.com\/noticias\/?p=6565"},"modified":"2025-07-22T08:35:41","modified_gmt":"2025-07-22T11:35:41","slug":"toda-de-milei-la-grave-situacion-del-empleo-joven-en-argentina","status":"publish","type":"post","link":"https:\/\/www.enorsai.com\/noticias\/economia\/toda-de-milei-la-grave-situacion-del-empleo-joven-en-argentina\/","title":{"rendered":"Toda de Milei: la grave situaci\u00f3n del empleo joven en Argentina"},"content":{"rendered":"\n<p><strong><em>La desocupaci\u00f3n juvenil en Argentina triplica la media general y afecta especialmente a mujeres y trabajadores informales. Organizaciones sociales y centros de estudio presentaron un nuevo Monitor de Juventudes para visibilizar la precariedad laboral que atraviesan las y los j\u00f3venes y abrir el debate sobre pol\u00edticas p\u00fablicas inclusivas.<\/em><\/strong><\/p>\n\n\n\n<p>La cuesti\u00f3n del empleo es una problem\u00e1tica que crece en la Argentina a medida que se impactan con cada vez m\u00e1s fuerza las consecuencias del actual modelo econ\u00f3mico. Comienza a evidenciarse no solo en los datos duros, sino tambi\u00e9n en la percepci\u00f3n de la poblaci\u00f3n que coloca a la cuesti\u00f3n del trabajo al tope de sus preocupaciones. Si esto es as\u00ed en el promedio de la sociedad, es mucho m\u00e1s grave entre las juventudes. Algunos datos: la tasa de desocupaci\u00f3n entre j\u00f3venes triplica a la de adultos y entre las personas de 25 a 29 a\u00f1os, la tasa de desempleo duplica a la de adultos. Las mujeres j\u00f3venes son las m\u00e1s perjudicadas en cuanto a desocupaci\u00f3n con 4,5 puntos porcentuales m\u00e1s que los varones. El trabajo no registrado entre j\u00f3venes alcanza casi el 65%, m\u00e1s del doble que en los adultos.<\/p>\n\n\n\n<p>Algunas de estas problem\u00e1ticas fueron abordadas en el encuentro \u201c\u00bfQu\u00e9 trabajo? \u00bfPara qui\u00e9nes? Condiciones, brechas y horizontes para el empleo joven\u201d realizado el jueves 17 de julio y organizado por Fundaci\u00f3n SES junto al Centro de Econom\u00eda Pol\u00edtica (CEPA). Las dos instituciones pusieron en pie \u2014y presentaron en el evento\u2014 un Monitor de Juventudes, una completa herramienta que permite conocer en forma \u00e1gil y sencilla y con informaci\u00f3n actualizada, la realidad de las juventudes en t\u00e9rminos de indicadores laborales, sociales, habitacionales y educativos.<\/p>\n\n\n\n<p>Encuentro para analizar el empleo joven<\/p>\n\n\n\n<p>En el encuentro expusieron la soci\u00f3loga Candelaria Rueda (Instituto Argentina Grande), el polit\u00f3logo Juan Videla (CEPA), el abogado laboralista Juan Manuel Ottaviano (Fundar) y fue coordinado por Yosleidy Mendoza (Fundaci\u00f3n SES).<\/p>\n\n\n\n<p>Juan Videla, adem\u00e1s de hacer una presentaci\u00f3n del Monitor de Juventudes, destac\u00f3 que la desocupaci\u00f3n entre los j\u00f3venes duplica la media general y se agrava en el caso de las mujeres. \u201cEl desempleo entre las personas de 18 a 24 a\u00f1os \u2014enfatiz\u00f3 Videla\u2014 es casi tres veces mayor que en la general. Entre los j\u00f3venes de 25 a 29 a\u00f1os hay casi cinco puntos porcentuales de diferencia entre varones y mujeres\u201d. En t\u00e9rminos de informalidad laboral, Videla acentu\u00f3 que el trabajo no registrado entre los j\u00f3venes de 18 a 24 a\u00f1os alcanza al 65 %, m\u00e1s del doble que en adultos de 30 a 65 a\u00f1os.<\/p>\n\n\n\n<p>Candelaria Rueda se centr\u00f3 en una indagaci\u00f3n sobre el \u201ctrabajo desprotegido\u201d (sin aportes previsionales ni estabilidad ni maquinaria propia ni calificaci\u00f3n), un informe basado en los microdatos que publica el Indec. Destac\u00f3 que \u201cen la pandemia hubo un quiebre con un salto en la tasa de trabajo desprotegido. En j\u00f3venes de 14 a 26 a\u00f1os llega al 60% entre los hombres y al 64% en el caso de las mujeres, sobre un 43% de la media general\u201d.<\/p>\n\n\n\n<p>Formaci\u00f3n educativa<\/p>\n\n\n\n<p>Juan Manuel Ottaviano se centr\u00f3 en la problem\u00e1tica de la interrupci\u00f3n de la formaci\u00f3n educativa por la imposici\u00f3n de una aceleraci\u00f3n en la entrada al mercado de trabajo. Y resalt\u00f3 la transformaci\u00f3n del mandato sobre las y los j\u00f3venes impuesto por el cambio tecnol\u00f3gico: \u201cHay una reconfiguraci\u00f3n en la organizaci\u00f3n del tiempo \u2014destac\u00f3 Ottaviano\u2014, con mayor fragmentaci\u00f3n e intermitencia en el tiempo de trabajo \u2018plataformizado\u2019; una desterritorializaci\u00f3n e h\u00edpersubordinaci\u00f3n con nuevas formas de disciplinamiento muy opacos\u201d.<\/p>\n\n\n\n<p>En el intercambio final se subray\u00f3 la importancia del incentivo para que las y los j\u00f3venes sigan apostando a la educaci\u00f3n y a la formaci\u00f3n, insistir en la necesidad de mejorar la pol\u00edtica de ingresos y de buscar recursos en las rentas que genera este mercado de trabajo reconvertido, as\u00ed como seguir apostando a la participaci\u00f3n y el protagonismo de las juventudes para revertir esta situaci\u00f3n.<\/p>\n\n\n\n<p>Qu\u00e9 pasa con nuestras juventudes, con sus aspiraciones, anhelos, ideas y adhesiones pol\u00edticas, es una pregunta que atraviesa la \u00e9poca. Comenzar por elaborar un diagn\u00f3stico con datos precisos e interpretaciones acordes sobre sus condiciones de vida y existencia, y sobre todo generar espacios de participaci\u00f3n que los hagan parte de estas reflexiones y sus posibles soluciones, puede ser un buen punto de partida para elaborar colectivamente una respuesta.<\/p>\n\n\n\n<p>Por Yosleidy Mendoza &#8211; Fundaci\u00f3n SES \/ Juan Pablo Costa &#8211; Centro de Econom\u00eda Pol\u00edtica<\/p>\n\n\n\n<p>Para Infogremiales<\/p>\n","protected":false},"excerpt":{"rendered":"<p>La desocupaci\u00f3n juvenil en Argentina triplica la media general y afecta especialmente a mujeres y trabajadores informales. Organizaciones sociales y centros de estudio presentaron un nuevo Monitor de Juventudes para visibilizar la precariedad laboral que atraviesan las y los j\u00f3venes y abrir el debate sobre pol\u00edticas p\u00fablicas inclusivas. La cuesti\u00f3n del empleo es una problem\u00e1tica&#8230;<\/p>\n","protected":false},"author":5,"featured_media":6566,"comment_status":"open","ping_status":"open","sticky":false,"template":"","format":"standard","meta":{"_monsterinsights_skip_tracking":false,"_monsterinsights_sitenote_active":false,"_monsterinsights_sitenote_note":"","_monsterinsights_sitenote_category":0,"footnotes":"","jetpack_publicize_message":"","jetpack_publicize_feature_enabled":true,"jetpack_social_post_already_shared":true,"jetpack_social_options":{"image_generator_settings":{"template":"highway","default_image_id":0,"font":"","enabled":false},"version":2}},"categories":[3],"tags":[58,43,45],"class_list":["post-6565","post","type-post","status-publish","format-standard","has-post-thumbnail","hentry","category-economia","tag-ajuste","tag-crisis","tag-milei"],"jetpack_publicize_connections":[],"_links":{"self":[{"href":"https:\/\/www.enorsai.com\/noticias\/wp-json\/wp\/v2\/posts\/6565","targetHints":{"allow":["GET"]}}],"collection":[{"href":"https:\/\/www.enorsai.com\/noticias\/wp-json\/wp\/v2\/posts"}],"about":[{"href":"https:\/\/www.enorsai.com\/noticias\/wp-json\/wp\/v2\/types\/post"}],"author":[{"embeddable":true,"href":"https:\/\/www.enorsai.com\/noticias\/wp-json\/wp\/v2\/users\/5"}],"replies":[{"embeddable":true,"href":"https:\/\/www.enorsai.com\/noticias\/wp-json\/wp\/v2\/comments?post=6565"}],"version-history":[{"count":1,"href":"https:\/\/www.enorsai.com\/noticias\/wp-json\/wp\/v2\/posts\/6565\/revisions"}],"predecessor-version":[{"id":6567,"href":"https:\/\/www.enorsai.com\/noticias\/wp-json\/wp\/v2\/posts\/6565\/revisions\/6567"}],"wp:featuredmedia":[{"embeddable":true,"href":"https:\/\/www.enorsai.com\/noticias\/wp-json\/wp\/v2\/media\/6566"}],"wp:attachment":[{"href":"https:\/\/www.enorsai.com\/noticias\/wp-json\/wp\/v2\/media?parent=6565"}],"wp:term":[{"taxonomy":"category","embeddable":true,"href":"https:\/\/www.enorsai.com\/noticias\/wp-json\/wp\/v2\/categories?post=6565"},{"taxonomy":"post_tag","embeddable":true,"href":"https:\/\/www.enorsai.com\/noticias\/wp-json\/wp\/v2\/tags?post=6565"}],"curies":[{"name":"wp","href":"https:\/\/api.w.org\/{rel}","templated":true}]}}