{"id":6554,"date":"2025-07-22T06:01:15","date_gmt":"2025-07-22T09:01:15","guid":{"rendered":"http:\/\/www.enorsai.com\/noticias\/?p=6554"},"modified":"2025-07-22T06:02:08","modified_gmt":"2025-07-22T09:02:08","slug":"casacion-anula-beneficio-de-libertad-condicional-a-genocida-condenado-por-la-masacre-de-margarita-belen","status":"publish","type":"post","link":"https:\/\/www.enorsai.com\/noticias\/derechos-humanos\/casacion-anula-beneficio-de-libertad-condicional-a-genocida-condenado-por-la-masacre-de-margarita-belen\/","title":{"rendered":"Anulan el beneficio de libertad condicional a genocida condenado por la Masacre de Margarita Bel\u00e9n"},"content":{"rendered":"\n<p><strong><em>El caso Losito revela las fisuras en la administraci\u00f3n de justicia cuando se trata de cr\u00edmenes de lesa humanidad. La decisi\u00f3n de revocar su libertad condicional no es solo un acto jur\u00eddico: es una declaraci\u00f3n pol\u00edtica y \u00e9tica frente a los horrores del terrorismo de Estado.<\/em><\/strong><\/p>\n\n\n\n<p>Horacio Losito, ex coronel del Ej\u00e9rcito Argentino, condenado a prisi\u00f3n perpetua por su participaci\u00f3n directa en la Masacre de Margarita Bel\u00e9n y otros cr\u00edmenes de lesa humanidad, ya no gozar\u00e1 del beneficio de la libertad condicional que le hab\u00eda sido otorgado en diciembre de 2024. La Sala II de la C\u00e1mara Federal de Casaci\u00f3n Penal decidi\u00f3, por mayor\u00eda, revocar esa resoluci\u00f3n escandalosa por carecer de sustento jur\u00eddico y \u00e9tico. No fue un simple rev\u00e9s t\u00e9cnico. Fue una correcci\u00f3n urgente frente al intento de rehabilitar a un verdugo.<\/p>\n\n\n\n<p>Losito no es un nombre m\u00e1s en la n\u00f3mina del horror. Es uno de los responsables de uno de los cr\u00edmenes m\u00e1s siniestros de la dictadura: el fusilamiento encubierto de 15 militantes pol\u00edticos detenidos el 13 de diciembre de 1976, en un operativo conjunto entre el Ej\u00e9rcito Argentino y la Polic\u00eda del Chaco. Aquella matanza \u2014disfrazada burdamente de \u201cintento de fuga\u201d\u2014 fue en realidad una ejecuci\u00f3n planificada. A m\u00e1s de cuatro d\u00e9cadas de ese hecho, la Justicia \u2014lenta, s\u00ed, pero a\u00fan viva\u2014 vuelve a alzar la voz: no hay lugar para indulgencias en delitos que ensangrentaron la historia del pa\u00eds.<\/p>\n\n\n\n<p>El juez de Ejecuci\u00f3n Juan Manuel Iglesias hab\u00eda decidido otorgarle la libertad condicional al considerar que Losito hab\u00eda cumplido dos tercios de su condena, e interpretando de forma ben\u00e9vola un informe del Equipo Interdisciplinario de la C\u00e1mara de Casaci\u00f3n. En otras palabras: se le concedi\u00f3 una puerta de salida a quien jam\u00e1s mostr\u00f3 arrepentimiento, a quien ni siquiera reconoce que sus actos constituyeron delitos de lesa humanidad. No fue un error de c\u00e1lculo, fue una afrenta.<\/p>\n\n\n\n<p>Y fue tambi\u00e9n una bofetada para las v\u00edctimas, para sus familias, y para toda una sociedad que todav\u00eda carga con las cicatrices del terrorismo de Estado. El fiscal general Ra\u00fal Ple\u00e9, junto con los auxiliares Horacio Rodr\u00edguez y Diego Vigay, apelaron la medida con argumentos tan s\u00f3lidos como inapelables: la supuesta rehabilitaci\u00f3n de Losito no contaba con un pron\u00f3stico certero ni con una mirada introspectiva de sus cr\u00edmenes. Pero lo m\u00e1s grave, quiz\u00e1s, fue el desprecio por las voces de las v\u00edctimas, una omisi\u00f3n intolerable en cualquier sociedad que se precie de democr\u00e1tica.<\/p>\n\n\n\n<p>El juez Alejandro Slokar, en su voto para revocar la libertad condicional, fue contundente: el fallo original incurri\u00f3 en \u201cdeficiencias de fundamentaci\u00f3n\u201d y exhibi\u00f3 una visi\u00f3n arbitraria que rozaba la impunidad. Subray\u00f3, con raz\u00f3n, que Losito no ha mostrado ni un atisbo de comprensi\u00f3n del da\u00f1o causado ni respeto por el orden legal. Y como si esto fuera poco, dej\u00f3 claro que la concesi\u00f3n anticipada de beneficios penitenciarios en estos casos puede convertirse en un atajo directo hacia la impunidad.<\/p>\n\n\n\n<p>Los delitos por los que fue condenado Losito \u2014incluyendo torturas, asesinatos y desapariciones\u2014 est\u00e1n tipificados como cr\u00edmenes de lesa humanidad. No prescriben, no se olvidan y no se perdonan. Esa es la vara con la que debe medirse cada decisi\u00f3n judicial que los involucra. La C\u00e1mara entendi\u00f3 que el fallo que benefici\u00f3 a Losito, lejos de cumplir con la normativa, ignor\u00f3 incluso los principios establecidos por la Corte Interamericana de Derechos Humanos, que exige que toda flexibilizaci\u00f3n en la ejecuci\u00f3n de penas por violaciones graves a los derechos humanos tenga fundamentos s\u00f3lidos, verificables y compatibles con la Convenci\u00f3n Americana.<\/p>\n\n\n\n<p>La camarista \u00c1ngela Ledesma tambi\u00e9n dej\u00f3 su firma en esta reparaci\u00f3n judicial. Apunt\u00f3 que el juez de Ejecuci\u00f3n resolvi\u00f3 sin contar con la informaci\u00f3n adecuada, y que el informe t\u00e9cnico que se us\u00f3 como sustento no pronosticaba de manera clara una reinserci\u00f3n positiva. Al contrario: Losito segu\u00eda negando la gravedad de sus actos, rechazaba la calificaci\u00f3n de lesa humanidad y no asum\u00eda responsabilidad por sus cr\u00edmenes. As\u00ed, el represor segu\u00eda siendo fiel a su pasado de silencio y arrogancia.<\/p>\n\n\n\n<p>Recordemos: Losito fue condenado en 2008 a 25 a\u00f1os de prisi\u00f3n por cr\u00edmenes cometidos en el Regimiento N.\u00ba 9 de Corrientes, y en 2011 recibi\u00f3 prisi\u00f3n perpetua por su rol en la Masacre de Margarita Bel\u00e9n. Ambas condenas fueron unificadas, y durante a\u00f1os cumpli\u00f3 prisi\u00f3n domiciliaria. Fue dado de baja del Ej\u00e9rcito por el ministro de Defensa Luis Petri reci\u00e9n en 2025, cuando la sentencia qued\u00f3 firme en la Corte Suprema. \u00bfReci\u00e9n entonces el Estado decidi\u00f3 cortar v\u00ednculos con un asesino serial de uniforme?<\/p>\n\n\n\n<p>El juicio por la Masacre de Margarita Bel\u00e9n no fue un mero tr\u00e1mite judicial. Se desarroll\u00f3 durante once meses, con casi 60 audiencias y m\u00e1s de 100 testigos. Fue un ejercicio de memoria activa. Los imputados \u2014a diferencia de sus v\u00edctimas\u2014 contaron con todas las garant\u00edas procesales. No hubo torturas, no hubo fusilamientos. Lo que hubo fue justicia. Y esa justicia dict\u00f3 prisi\u00f3n perpetua por \u201chomicidio agravado por alevos\u00eda y por el n\u00famero de part\u00edcipes\u201d en 11 casos, adem\u00e1s de privaci\u00f3n ileg\u00edtima de la libertad en otros cuatro. Ocho militares fueron condenados; un polic\u00eda fue absuelto. La verdad judicial finalmente alcanz\u00f3 a los asesinos, y con ello vino la confirmaci\u00f3n de lo que la historia ya sab\u00eda: el supuesto \u201cenfrentamiento\u201d fue un fusilamiento planificado, un crimen de Estado en toda regla.<\/p>\n\n\n\n<p>En la audiencia final, los familiares de las v\u00edctimas \u2014aquellos que caminaron d\u00e9cadas exigiendo justicia\u2014 celebraron cantando, llorando y levantando los brazos en alto. Frente a los gritos nacionalistas de los familiares de los represores, ellos respondieron con el Himno. Fue una escena de profunda carga simb\u00f3lica: la memoria venciendo al olvido, la verdad desarmando el cinismo.<\/p>\n\n\n\n<p>Revocar la libertad condicional de Horacio Losito no borra el dolor, ni devuelve a las v\u00edctimas. Pero reafirma que, incluso en tiempos oscuros, hay instituciones que siguen sosteniendo el pacto democr\u00e1tico b\u00e1sico: los cr\u00edmenes de lesa humanidad no pueden ser negociados. No hay espacio para los grises cuando se trata del terrorismo de Estado. Ni ayer, ni hoy, ni nunca.<\/p>\n\n\n\n<p><strong>Fuente:<\/strong><br><a class=\"\" href=\"https:\/\/www.fiscales.gob.ar\/lesa-humanidad\/resistencia-revocaron-la-libertad-condicional-del-coronel-losito-condenado-por-la-masacre-de-margarita-belen-y-otros-crimenes-de-lesa-humanidad\/\">https:\/\/www.fiscales.gob.ar\/lesa-humanidad\/resistencia-revocaron-la-libertad-condicional-del-coronel-losito-condenado-por-la-masacre-de-margarita-belen-y-otros-crimenes-de-lesa-humanidad\/<\/a><br><a class=\"\" href=\"https:\/\/cpm.chaco.gov.ar\/sitio\/juicio-por-la-masacre-de-margarita-belen\/\">https:\/\/cpm.chaco.gov.ar\/sitio\/juicio-por-la-masacre-de-margarita-belen\/<\/a><\/p>\n","protected":false},"excerpt":{"rendered":"<p>La C\u00e1mara de Casaci\u00f3n revoc\u00f3 la libertad condicional de Horacio Losito, ex coronel condenado por la Masacre de Margarita Bel\u00e9n. El fallo original fue criticado por ignorar la opini\u00f3n de las v\u00edctimas y carecer de fundamentos reales sobre su reinserci\u00f3n. La decisi\u00f3n reafirma el compromiso contra la impunidad en cr\u00edmenes de lesa humanidad.<\/p>\n","protected":false},"author":12,"featured_media":6555,"comment_status":"open","ping_status":"open","sticky":false,"template":"","format":"standard","meta":{"_monsterinsights_skip_tracking":false,"_monsterinsights_sitenote_active":false,"_monsterinsights_sitenote_note":"","_monsterinsights_sitenote_category":0,"footnotes":"","jetpack_publicize_message":"","jetpack_publicize_feature_enabled":true,"jetpack_social_post_already_shared":true,"jetpack_social_options":{"image_generator_settings":{"template":"highway","default_image_id":0,"font":"","enabled":false},"version":2}},"categories":[1908],"tags":[93,1555,78,207,1441,98,70,992,97,365],"class_list":["post-6554","post","type-post","status-publish","format-standard","has-post-thumbnail","hentry","category-derechos-humanos","tag-argentina","tag-casacion","tag-derechos-humanos","tag-dictadura","tag-ejercito","tag-impunidad","tag-justicia","tag-lesa-humanidad","tag-memoria","tag-represion"],"jetpack_publicize_connections":[],"_links":{"self":[{"href":"https:\/\/www.enorsai.com\/noticias\/wp-json\/wp\/v2\/posts\/6554","targetHints":{"allow":["GET"]}}],"collection":[{"href":"https:\/\/www.enorsai.com\/noticias\/wp-json\/wp\/v2\/posts"}],"about":[{"href":"https:\/\/www.enorsai.com\/noticias\/wp-json\/wp\/v2\/types\/post"}],"author":[{"embeddable":true,"href":"https:\/\/www.enorsai.com\/noticias\/wp-json\/wp\/v2\/users\/12"}],"replies":[{"embeddable":true,"href":"https:\/\/www.enorsai.com\/noticias\/wp-json\/wp\/v2\/comments?post=6554"}],"version-history":[{"count":3,"href":"https:\/\/www.enorsai.com\/noticias\/wp-json\/wp\/v2\/posts\/6554\/revisions"}],"predecessor-version":[{"id":6558,"href":"https:\/\/www.enorsai.com\/noticias\/wp-json\/wp\/v2\/posts\/6554\/revisions\/6558"}],"wp:featuredmedia":[{"embeddable":true,"href":"https:\/\/www.enorsai.com\/noticias\/wp-json\/wp\/v2\/media\/6555"}],"wp:attachment":[{"href":"https:\/\/www.enorsai.com\/noticias\/wp-json\/wp\/v2\/media?parent=6554"}],"wp:term":[{"taxonomy":"category","embeddable":true,"href":"https:\/\/www.enorsai.com\/noticias\/wp-json\/wp\/v2\/categories?post=6554"},{"taxonomy":"post_tag","embeddable":true,"href":"https:\/\/www.enorsai.com\/noticias\/wp-json\/wp\/v2\/tags?post=6554"}],"curies":[{"name":"wp","href":"https:\/\/api.w.org\/{rel}","templated":true}]}}