{"id":655,"date":"2025-02-04T11:47:10","date_gmt":"2025-02-04T14:47:10","guid":{"rendered":"https:\/\/www.enorsai.com\/noticias\/?p=655"},"modified":"2025-02-04T11:59:35","modified_gmt":"2025-02-04T14:59:35","slug":"lilia-lemoine-la-chilindrina-de-la-politica-fue-abucheada-por-los-vecinos-de-moreno","status":"publish","type":"post","link":"https:\/\/www.enorsai.com\/noticias\/politica\/lilia-lemoine-la-chilindrina-de-la-politica-fue-abucheada-por-los-vecinos-de-moreno\/","title":{"rendered":"Lilia Lemoine: La \u00abChilindrina de la pol\u00edtica\u00bb fue abucheada por los vecinos de Moreno"},"content":{"rendered":"\n<h4 class=\"wp-block-heading\">En un duro editorial, el conductor VHM, de la 750 lanz\u00f3 fuertes cr\u00edticas al Gobierno y conden\u00f3 los ataques del presidente al gobernador Axel Kicillof. Adem\u00e1s, hizo una fuerte caracterizaci\u00f3n de Lilia Lemoine.<\/h4>\n\n\n\n<p><strong>V\u00edctor Hugo Morales lanz\u00f3 duras cr\u00edticas contra&nbsp;<\/strong>Javier Milei y la diputada libertaria Lilia Lemoine: en su editorial de La Ma\u00f1ana por la 750 tach\u00f3 al Presidente de \u00abservil\u00bb y calific\u00f3 a la maquilladora, cosplayer y legisladora como una \u00abchilindrina de la pol\u00edtica\u00bb, al tiempo que conden\u00f3 las declaraciones del mandatario, que atac\u00f3 al gobernador bonaerense Axel Kicillof.&nbsp;<\/p>\n\n\n\n<p><strong>La parte final del operativo fascista de los medios y la ultraderecha es e<\/strong><strong>s tomar la provincia de Buenos Aires<\/strong>. La campa\u00f1a de TN, los dichos de Milei con un&nbsp;<strong>trabuco&nbsp;<\/strong>(en alusi\u00f3n al periodista Esteban Trebuq, que lo entrevist\u00f3 el lunes en LN+), donde apunta a Kicillof, son la peor demostraci\u00f3n (ya puesta en pr\u00e1ctica) de un plan definitivo.<\/p>\n\n\n\n<p><a href=\"https:\/\/radiocut.fm\/audiocut\/editorial-victor-hugo-morales-6214\">El editorial de V\u00edctor Hugo Morales<\/a><\/p>\n\n\n\n<p>Ya les sali\u00f3 bien cuando acusaron a&nbsp;<strong>An\u00edbal Fern\u00e1ndez&nbsp;<\/strong>de ser&nbsp;<strong>\u201cla morsa\u201d<\/strong>&nbsp;para ganar las elecciones, una de las mentiras m\u00e1s absurdas y est\u00fapidas que se conozcan, pero de una enorme eficacia. De los inventores de \u201cla morsa\u201d, sale ahora esta campa\u00f1a.<\/p>\n\n\n\n<p><strong>Lilia Lemoine es una pobre muchacha&nbsp;que no trepida en hacer el rid\u00edculo<\/strong>&nbsp;y es capaz de ir con su bid\u00f3n de nafta a cualquier lado. Pero esta vez le sali\u00f3 mal, como si hubiera tomado las asas y las diera vuelta sobre su propia cabeza. Pol\u00edticamente fue un quemo, pero los que monitorean la infamia, el uso del dolor, son otros.<\/p>\n\n\n\n<figure class=\"wp-block-embed is-type-rich is-provider-twitter wp-block-embed-twitter\"><div class=\"wp-block-embed__wrapper\">\n<blockquote class=\"twitter-tweet\" data-width=\"550\" data-dnt=\"true\"><p lang=\"es\" dir=\"ltr\">&quot;No te colgu\u00e9s de la muerte del pibe&quot; \ud83d\udde3\ufe0f<br><br>Vecinos que reclamaban en Moreno, echaron a Lilia Lemoine, diputada por La Libertad Avanza, al grito de &quot;andate ladrona, tu Presidente est\u00e1 desfinanciando todo&quot; \ud83d\udcac<a href=\"https:\/\/t.co\/UCRpo8I3xJ\">pic.twitter.com\/UCRpo8I3xJ<\/a><\/p>&mdash; El Destape (@eldestapeweb) <a href=\"https:\/\/twitter.com\/eldestapeweb\/status\/1886549598879010940?ref_src=twsrc%5Etfw\">February 3, 2025<\/a><\/blockquote><script async src=\"https:\/\/platform.twitter.com\/widgets.js\" charset=\"utf-8\"><\/script>\n<\/div><\/figure>\n\n\n\n<p>Cuando Milei habla de la violencia de la sociedad y se sabe que esa violencia, como nunca, crece con el neoliberalismo, no solo comete una injusticia, sino que elogia a la estupidez humana.&nbsp;<strong>Hay que animarse a disimular que la provincia es otro pa\u00eds<\/strong>, con el que \u00e9l y sus medidas espantosas y antipueblo no tienen nada que ver.<\/p>\n\n\n\n<p>Grandes empresas defraudan por cientos de millones de d\u00f3lares y en las tapas de hoy la mafia de Clar\u00edn los exculpa con la sequ\u00eda. As\u00ed que, \u00bfpod\u00e9s hacer negocios de esa manera? Dec\u00eds \u00absiempre un mill\u00f3n de hect\u00e1reas y saco tanta ganancia&#8230;\u00bb, y no te pregunt\u00e1s: \u00ab\u00bfY si llueve, c\u00f3mo me cubro?\u00bb<\/p>\n\n\n\n<p><strong>Una banda descontrolada de mafiosos de los medios y&nbsp;un servil como Milei&nbsp;y una chilindrina de la pol\u00edtica apuntan los ca\u00f1ones a la toma final del pa\u00eds.<\/strong><\/p>\n\n\n\n<p>\u00bfSer\u00e1 \u00abla lucidez\u00bb&#8230; la herramienta para entender que&#8230; y qui\u00e9nes lo hacen?<br>Violencia es Vicentin y los ladrones de ahora, a los que Clar\u00edn explica que calcularon mal y no tuvieron en cuenta que, a veces, hay sequ\u00eda o llueve demasiado.<\/p>\n\n\n\n<p><\/p>\n\n\n","protected":false},"excerpt":{"rendered":"<p>En un duro editorial, el conductor VHM, de la 750 lanz\u00f3 fuertes cr\u00edticas al Gobierno y conden\u00f3 los ataques del presidente al gobernador Axel Kicillof. Adem\u00e1s, hizo una fuerte caracterizaci\u00f3n de Lilia Lemoine. V\u00edctor Hugo Morales lanz\u00f3 duras cr\u00edticas contra&nbsp;Javier Milei y la diputada libertaria Lilia Lemoine: en su editorial de La Ma\u00f1ana por la&#8230;<\/p>\n","protected":false},"author":1,"featured_media":656,"comment_status":"open","ping_status":"open","sticky":false,"template":"","format":"standard","meta":{"_monsterinsights_skip_tracking":false,"_monsterinsights_sitenote_active":false,"_monsterinsights_sitenote_note":"","_monsterinsights_sitenote_category":0,"footnotes":"","jetpack_publicize_message":"","jetpack_publicize_feature_enabled":true,"jetpack_social_post_already_shared":true,"jetpack_social_options":{"image_generator_settings":{"template":"highway","default_image_id":0,"font":"","enabled":false},"version":2}},"categories":[2],"tags":[222,45],"class_list":["post-655","post","type-post","status-publish","format-standard","has-post-thumbnail","hentry","category-politica","tag-lemoine","tag-milei"],"jetpack_publicize_connections":[],"_links":{"self":[{"href":"https:\/\/www.enorsai.com\/noticias\/wp-json\/wp\/v2\/posts\/655","targetHints":{"allow":["GET"]}}],"collection":[{"href":"https:\/\/www.enorsai.com\/noticias\/wp-json\/wp\/v2\/posts"}],"about":[{"href":"https:\/\/www.enorsai.com\/noticias\/wp-json\/wp\/v2\/types\/post"}],"author":[{"embeddable":true,"href":"https:\/\/www.enorsai.com\/noticias\/wp-json\/wp\/v2\/users\/1"}],"replies":[{"embeddable":true,"href":"https:\/\/www.enorsai.com\/noticias\/wp-json\/wp\/v2\/comments?post=655"}],"version-history":[{"count":2,"href":"https:\/\/www.enorsai.com\/noticias\/wp-json\/wp\/v2\/posts\/655\/revisions"}],"predecessor-version":[{"id":658,"href":"https:\/\/www.enorsai.com\/noticias\/wp-json\/wp\/v2\/posts\/655\/revisions\/658"}],"wp:featuredmedia":[{"embeddable":true,"href":"https:\/\/www.enorsai.com\/noticias\/wp-json\/wp\/v2\/media\/656"}],"wp:attachment":[{"href":"https:\/\/www.enorsai.com\/noticias\/wp-json\/wp\/v2\/media?parent=655"}],"wp:term":[{"taxonomy":"category","embeddable":true,"href":"https:\/\/www.enorsai.com\/noticias\/wp-json\/wp\/v2\/categories?post=655"},{"taxonomy":"post_tag","embeddable":true,"href":"https:\/\/www.enorsai.com\/noticias\/wp-json\/wp\/v2\/tags?post=655"}],"curies":[{"name":"wp","href":"https:\/\/api.w.org\/{rel}","templated":true}]}}