{"id":6534,"date":"2025-07-21T10:00:00","date_gmt":"2025-07-21T13:00:00","guid":{"rendered":"https:\/\/www.enorsai.com\/noticias\/?p=6534"},"modified":"2025-07-21T17:19:40","modified_gmt":"2025-07-21T20:19:40","slug":"%f0%9f%8e%ad-agenda-teatral-en-caba","status":"publish","type":"post","link":"https:\/\/www.enorsai.com\/noticias\/cultura\/%f0%9f%8e%ad-agenda-teatral-en-caba\/","title":{"rendered":"\ud83c\udfad Agenda Teatral en CABA"},"content":{"rendered":"\n<p><strong>La cartelera porte\u00f1a se enciende con propuestas imperdibles que recorren desde cl\u00e1sicos universales hasta dramaturgias contempor\u00e1neas cargadas de emoci\u00f3n y cr\u00edtica social.<\/strong> En salas independientes y espacios alternativos, el teatro sigue latiendo con fuerza, invitando al p\u00fablico a reflexionar, re\u00edr y conmoverse. Estas cinco obras, que se destacan por su calidad art\u00edstica y compromiso esc\u00e9nico, son una excelente opci\u00f3n para disfrutar en julio y agosto en la Ciudad de Buenos Aires.<\/p>\n\n\n\n<p>Estas son las cinco obras imperdibles que atraviesan el humor, la emoci\u00f3n y el compromiso social.<\/p>\n\n\n\n<p><\/p>\n\n\n\n<h2 class=\"wp-block-heading\">\ud83d\udccc <strong>ESTRENO \u2013 \u00abLucy en el cielo\u2026\u00bb<\/strong><\/h2>\n\n\n<div class=\"wp-block-image\">\n<figure class=\"alignleft is-resized\"><img loading=\"lazy\" decoding=\"async\" width=\"1004\" height=\"765\" src=\"https:\/\/www.enorsai.com\/noticias\/wp-content\/uploads\/2025\/07\/ADKq_NZC0oQHF8cxxR57QOZI8LXa4805E_A4QmUv8LbdfW_u2GmK9zzLvtozd3M8mYxvtz1dUc_lt7h9O8ekcT7hMEBCjCDgvj0PDXqG1Y2nAjT9a-EEfUI8jlTMs0-d-e1-ft.jpg\" alt=\"\" class=\"wp-image-6540\" style=\"width:269px;height:auto\" srcset=\"https:\/\/www.enorsai.com\/noticias\/wp-content\/uploads\/2025\/07\/ADKq_NZC0oQHF8cxxR57QOZI8LXa4805E_A4QmUv8LbdfW_u2GmK9zzLvtozd3M8mYxvtz1dUc_lt7h9O8ekcT7hMEBCjCDgvj0PDXqG1Y2nAjT9a-EEfUI8jlTMs0-d-e1-ft.jpg 1004w, https:\/\/www.enorsai.com\/noticias\/wp-content\/uploads\/2025\/07\/ADKq_NZC0oQHF8cxxR57QOZI8LXa4805E_A4QmUv8LbdfW_u2GmK9zzLvtozd3M8mYxvtz1dUc_lt7h9O8ekcT7hMEBCjCDgvj0PDXqG1Y2nAjT9a-EEfUI8jlTMs0-d-e1-ft-300x229.jpg 300w, https:\/\/www.enorsai.com\/noticias\/wp-content\/uploads\/2025\/07\/ADKq_NZC0oQHF8cxxR57QOZI8LXa4805E_A4QmUv8LbdfW_u2GmK9zzLvtozd3M8mYxvtz1dUc_lt7h9O8ekcT7hMEBCjCDgvj0PDXqG1Y2nAjT9a-EEfUI8jlTMs0-d-e1-ft-768x585.jpg 768w\" sizes=\"auto, (max-width: 1004px) 100vw, 1004px\" \/><\/figure>\n<\/div>\n\n\n<p>\ud83d\uddd3 <strong>Martes \u2013 20 hs<\/strong><br>\ud83d\udccd <em>Teatro Border \u2013 Godoy Cruz 1838 (Palermo, CABA)<\/em><\/p>\n\n\n\n<p>Una comedia dram\u00e1tica con tintes filos\u00f3ficos que parte de una pregunta inquietante: \u00bfy si John Lennon dej\u00f3 un c\u00f3digo oculto en una canci\u00f3n?<br>Bajo texto y direcci\u00f3n de <strong>Gustavo Andr\u00e9s Rocco<\/strong>, la obra se sumerge en la obsesi\u00f3n, los v\u00ednculos y los gui\u00f1os culturales de Los Beatles.<\/p>\n\n\n\n<p><strong>Elenco:<\/strong> Lucas Foresi, Sergio R\u00edos, Merari Flores, Cristian Andreo y Rodrigo Carbone.<br><strong>Asistencia de direcci\u00f3n:<\/strong> Tal\u00eda Baucer.<br><\/p>\n\n\n\n<hr class=\"wp-block-separator has-alpha-channel-opacity\"\/>\n\n\n\n<h2 class=\"wp-block-heading\">\ud83d\uded1 <strong><a href=\"https:\/\/www.enorsai.com\/noticias\/cultura\/el-avaro\/\">\u00daltima funci\u00f3n \u2013 \u00abEl Avaro\u00bb de Moli\u00e8re<\/a><\/strong><\/h2>\n\n\n\n<div class=\"wp-block-group is-nowrap is-layout-flex wp-container-core-group-is-layout-ad2f72ca wp-block-group-is-layout-flex\">\n<figure class=\"wp-block-image is-resized\"><img loading=\"lazy\" decoding=\"async\" width=\"1024\" height=\"682\" src=\"https:\/\/www.enorsai.com\/noticias\/wp-content\/uploads\/2025\/07\/ADKq_Nas1TrB0at5im5_hAA36NX43F70goi7OpHHSGXhOJKEFjz0SMpk97DV0tlXFfS3yfeGcVyh9MNa8mYIx3bsE03zn-frePNhnZq2wws0-d-e1-ft.jpg\" alt=\"\" class=\"wp-image-6543\" style=\"width:270px;height:auto\" srcset=\"https:\/\/www.enorsai.com\/noticias\/wp-content\/uploads\/2025\/07\/ADKq_Nas1TrB0at5im5_hAA36NX43F70goi7OpHHSGXhOJKEFjz0SMpk97DV0tlXFfS3yfeGcVyh9MNa8mYIx3bsE03zn-frePNhnZq2wws0-d-e1-ft.jpg 1024w, https:\/\/www.enorsai.com\/noticias\/wp-content\/uploads\/2025\/07\/ADKq_Nas1TrB0at5im5_hAA36NX43F70goi7OpHHSGXhOJKEFjz0SMpk97DV0tlXFfS3yfeGcVyh9MNa8mYIx3bsE03zn-frePNhnZq2wws0-d-e1-ft-300x200.jpg 300w, https:\/\/www.enorsai.com\/noticias\/wp-content\/uploads\/2025\/07\/ADKq_Nas1TrB0at5im5_hAA36NX43F70goi7OpHHSGXhOJKEFjz0SMpk97DV0tlXFfS3yfeGcVyh9MNa8mYIx3bsE03zn-frePNhnZq2wws0-d-e1-ft-768x512.jpg 768w\" sizes=\"auto, (max-width: 1024px) 100vw, 1024px\" \/><\/figure>\n\n\n\n<p>\ud83d\uddd3 <strong>Domingo 27 de julio \u2013 18 hs<\/strong><br>\ud83d\udccd <em>MUY Teatro \u2013 Humahuaca 4310, Almagro, CABA<\/em> <\/p>\n<\/div>\n\n\n\n<p>Una versi\u00f3n renovada del cl\u00e1sico de Moli\u00e8re sobre la codicia y la soledad, con direcci\u00f3n y puesta de <strong>Alberto Madin<\/strong>. Una producci\u00f3n ambiciosa con un elenco de 10 actores que brilla en el circuito independiente.<\/p>\n\n\n\n<p>\ud83c\udf9f <strong>Entradas:<\/strong> $12.000<br>\ud83d\udd17 <a href=\"https:\/\/www.alternativateatral.com.ar\/obra90870-el-avaro\">Reservas en Alternativa Teatral<\/a><\/p>\n\n\n\n<p><strong>Elenco:<\/strong> Ariel Arroyo, Leandro Caccia, Alberto Alburquerque, Daniel Di Rubba, Lorena Navaridas, Alejandra Figueras, Rub\u00e9n Noceda, Ernesto Ocampo, Rub\u00e9n Otero y Micaela Ventoso.<br><\/p>\n\n\n\n<hr class=\"wp-block-separator has-alpha-channel-opacity\"\/>\n\n\n\n<h2 class=\"wp-block-heading\"><a href=\"https:\/\/www.enorsai.com\/noticias\/cultura\/verona\/\">\ud83d\udca5 <strong>\u00daltima funci\u00f3n \u2013 \u00abVerona\u00bb de Claudia Pi\u00f1eiro<\/strong><\/a><\/h2>\n\n\n\n<div class=\"wp-block-group is-nowrap is-layout-flex wp-container-core-group-is-layout-ad2f72ca wp-block-group-is-layout-flex\">\n<figure class=\"wp-block-image is-resized\"><img loading=\"lazy\" decoding=\"async\" width=\"1024\" height=\"568\" src=\"https:\/\/www.enorsai.com\/noticias\/wp-content\/uploads\/2025\/07\/ADKq_NZCrgQXWaxLDgGLDYDo0ppqKlCDIqXsf10uk37M8j8KcyXCmzRuzB57BWG9M4CQNzJrJJ_HIlhSF2eHMqzWPgUDIXGuKpk285Ys0-d-e1-ft.jpg\" alt=\"\" class=\"wp-image-6542\" style=\"width:268px;height:auto\" srcset=\"https:\/\/www.enorsai.com\/noticias\/wp-content\/uploads\/2025\/07\/ADKq_NZCrgQXWaxLDgGLDYDo0ppqKlCDIqXsf10uk37M8j8KcyXCmzRuzB57BWG9M4CQNzJrJJ_HIlhSF2eHMqzWPgUDIXGuKpk285Ys0-d-e1-ft.jpg 1024w, https:\/\/www.enorsai.com\/noticias\/wp-content\/uploads\/2025\/07\/ADKq_NZCrgQXWaxLDgGLDYDo0ppqKlCDIqXsf10uk37M8j8KcyXCmzRuzB57BWG9M4CQNzJrJJ_HIlhSF2eHMqzWPgUDIXGuKpk285Ys0-d-e1-ft-300x166.jpg 300w, https:\/\/www.enorsai.com\/noticias\/wp-content\/uploads\/2025\/07\/ADKq_NZCrgQXWaxLDgGLDYDo0ppqKlCDIqXsf10uk37M8j8KcyXCmzRuzB57BWG9M4CQNzJrJJ_HIlhSF2eHMqzWPgUDIXGuKpk285Ys0-d-e1-ft-768x426.jpg 768w\" sizes=\"auto, (max-width: 1024px) 100vw, 1024px\" \/><\/figure>\n\n\n\n<p>\ud83d\uddd3 <strong>Domingo 27 de julio \u2013 20:30 hs<\/strong><br>\ud83d\udccd <em>\u00cdTACA Complejo Teatral \u2013 Humahuaca 4027, CABA<\/em><\/p>\n<\/div>\n\n\n\n<p>Durante un cumplea\u00f1os familiar, el ba\u00f1o se convierte en epicentro de una tormenta emocional. Una comedia \u00e1cida que indaga con humor y crudeza en los dilemas de los cuidados parentales.<\/p>\n\n\n\n<p><strong>Direcci\u00f3n:<\/strong> Cristina Osses<br><strong>Elenco:<\/strong> Nico Ancarola, Teresa Japas, Laura L\u00f3pez y Mariana O\u2019Neill<br>\u23f3 <strong>Duraci\u00f3n:<\/strong> 45 minutos<br>\ud83c\udf9f <strong>Entradas:<\/strong> $15.000 \/ Estud. y jub.: $14.000 \u2013 por Alternativa Teatral<br>\ud83d\udcde Info: 7549-3926 \/ WhatsApp: 11 6669 4027<br><\/p>\n\n\n\n<hr class=\"wp-block-separator has-alpha-channel-opacity\"\/>\n\n\n\n<h2 class=\"wp-block-heading\"><a href=\"https:\/\/www.enorsai.com\/noticias\/cultura\/clic-cuando-todo-cambia\/\">\ud83d\udd25 <strong>\u00abCLIC, cuando todo cambia\u00bb<\/strong><\/a><\/h2>\n\n\n\n<div class=\"wp-block-group is-nowrap is-layout-flex wp-container-core-group-is-layout-ad2f72ca wp-block-group-is-layout-flex\">\n<figure class=\"wp-block-image is-resized\"><img loading=\"lazy\" decoding=\"async\" width=\"1024\" height=\"682\" src=\"https:\/\/www.enorsai.com\/noticias\/wp-content\/uploads\/2025\/07\/ADKq_NYsUU40hvh5eS9fjzPuDzQ3kn9-sprEefZPkRS1JDP0IA15KiSOTD1VBuzuCgWBE_65WTPIAII0OVcRfrdkFxXAuy5BM7pte54mMnYxaDdwHVu8wmocwqk7f4ois0-d-e1-ft.jpg\" alt=\"\" class=\"wp-image-6544\" style=\"width:255px;height:auto\" srcset=\"https:\/\/www.enorsai.com\/noticias\/wp-content\/uploads\/2025\/07\/ADKq_NYsUU40hvh5eS9fjzPuDzQ3kn9-sprEefZPkRS1JDP0IA15KiSOTD1VBuzuCgWBE_65WTPIAII0OVcRfrdkFxXAuy5BM7pte54mMnYxaDdwHVu8wmocwqk7f4ois0-d-e1-ft.jpg 1024w, https:\/\/www.enorsai.com\/noticias\/wp-content\/uploads\/2025\/07\/ADKq_NYsUU40hvh5eS9fjzPuDzQ3kn9-sprEefZPkRS1JDP0IA15KiSOTD1VBuzuCgWBE_65WTPIAII0OVcRfrdkFxXAuy5BM7pte54mMnYxaDdwHVu8wmocwqk7f4ois0-d-e1-ft-300x200.jpg 300w, https:\/\/www.enorsai.com\/noticias\/wp-content\/uploads\/2025\/07\/ADKq_NYsUU40hvh5eS9fjzPuDzQ3kn9-sprEefZPkRS1JDP0IA15KiSOTD1VBuzuCgWBE_65WTPIAII0OVcRfrdkFxXAuy5BM7pte54mMnYxaDdwHVu8wmocwqk7f4ois0-d-e1-ft-768x512.jpg 768w\" sizes=\"auto, (max-width: 1024px) 100vw, 1024px\" \/><\/figure>\n\n\n\n<p>\ud83d\uddd3 <strong>Viernes \u2013 20 hs<\/strong><br>\ud83d\udccd <em>Belisario Club de Cultura \u2013 Av. Corrientes 1624, CABA<\/em><\/p>\n<\/div>\n\n\n\n<p>Una obra po\u00e9tica y cruda que aborda la adolescencia, el abuso, el bullying y los trastornos alimenticios con danza, teatro y m\u00fasica en vivo.<\/p>\n\n\n\n<p><strong>Dramaturgia:<\/strong> Amaranta Osorio e Itziar Pascual<br><strong>Direcci\u00f3n:<\/strong> Alejandro Casavalle y Andrea Moneta<br><strong>Coreograf\u00eda:<\/strong> Marina Svartzman<br><strong>Elenco:<\/strong> Agust\u00edn Pruzzo, Tom\u00e1s Cochello, Miranda Peyr\u00fa, Carolina Refusta, Giuliana De Santi<br>\ud83c\udf9f <strong>Entrada general:<\/strong> $14.000 \u2013 Venta online<br><\/p>\n\n\n\n<hr class=\"wp-block-separator has-alpha-channel-opacity\"\/>\n\n\n\n<h2 class=\"wp-block-heading\">\ud83d\udc00 <strong>\u00ab40 segundos de di\u00e1metro\u00bb<\/strong><\/h2>\n\n\n\n<div class=\"wp-block-group is-nowrap is-layout-flex wp-container-core-group-is-layout-ad2f72ca wp-block-group-is-layout-flex\">\n<figure class=\"wp-block-image is-resized\"><img loading=\"lazy\" decoding=\"async\" width=\"1024\" height=\"731\" src=\"https:\/\/www.enorsai.com\/noticias\/wp-content\/uploads\/2025\/07\/ADKq_NYdaThuMN5uC9Ecgmd9Qoj_gvMb-H34RW60sak1kbmXFI1HAWfWl-pSKTN_8Z5C51T3oDH3wHpjbNikS3_geoL0pOj5t6LTz4JaSAEYnLeCY571mKuSeHHkB7d5TzuZ9ws0-d-e1-ft.jpg\" alt=\"\" class=\"wp-image-6541\" style=\"width:260px;height:auto\" srcset=\"https:\/\/www.enorsai.com\/noticias\/wp-content\/uploads\/2025\/07\/ADKq_NYdaThuMN5uC9Ecgmd9Qoj_gvMb-H34RW60sak1kbmXFI1HAWfWl-pSKTN_8Z5C51T3oDH3wHpjbNikS3_geoL0pOj5t6LTz4JaSAEYnLeCY571mKuSeHHkB7d5TzuZ9ws0-d-e1-ft.jpg 1024w, https:\/\/www.enorsai.com\/noticias\/wp-content\/uploads\/2025\/07\/ADKq_NYdaThuMN5uC9Ecgmd9Qoj_gvMb-H34RW60sak1kbmXFI1HAWfWl-pSKTN_8Z5C51T3oDH3wHpjbNikS3_geoL0pOj5t6LTz4JaSAEYnLeCY571mKuSeHHkB7d5TzuZ9ws0-d-e1-ft-300x214.jpg 300w, https:\/\/www.enorsai.com\/noticias\/wp-content\/uploads\/2025\/07\/ADKq_NYdaThuMN5uC9Ecgmd9Qoj_gvMb-H34RW60sak1kbmXFI1HAWfWl-pSKTN_8Z5C51T3oDH3wHpjbNikS3_geoL0pOj5t6LTz4JaSAEYnLeCY571mKuSeHHkB7d5TzuZ9ws0-d-e1-ft-768x548.jpg 768w\" sizes=\"auto, (max-width: 1024px) 100vw, 1024px\" \/><\/figure>\n\n\n\n<p>\ud83d\uddd3 <strong>Domingos \u2013 20 hs<\/strong><br>\ud83d\udccd <em>Espacio Polonia \u2013 Fitz Roy 1475, CABA<\/em><\/p>\n<\/div>\n\n\n\n<p>Tres amigos atrapados en una isla caribe\u00f1a rodeada de ratas gigantes. Lo absurdo hecho comedia, con di\u00e1logos punzantes sobre la amistad y los l\u00edmites del control.<\/p>\n\n\n\n<p><strong>Dramaturgia y direcci\u00f3n:<\/strong> V\u00edctor Chac\u00f3n<br><strong>Elenco:<\/strong> Luis Gritti, Javier Medina e Ignacio Pozzi<br>\ud83d\udcf2 Instagram: <a href=\"https:\/\/instagram.com\/40segundosdediametro\">@40segundosdediametro<\/a><br><\/p>\n\n\n\n<p><\/p>\n","protected":false},"excerpt":{"rendered":"<p>La cartelera porte\u00f1a se enciende con propuestas imperdibles que recorren desde cl\u00e1sicos universales hasta dramaturgias contempor\u00e1neas cargadas de emoci\u00f3n y cr\u00edtica social. En salas independientes y espacios alternativos, el teatro sigue latiendo con fuerza, invitando al p\u00fablico a reflexionar, re\u00edr y conmoverse. Estas cinco obras, que se destacan por su calidad art\u00edstica y compromiso esc\u00e9nico,&#8230;<\/p>\n","protected":false},"author":1,"featured_media":6539,"comment_status":"open","ping_status":"open","sticky":false,"template":"","format":"standard","meta":{"_monsterinsights_skip_tracking":false,"_monsterinsights_sitenote_active":false,"_monsterinsights_sitenote_note":"","_monsterinsights_sitenote_category":0,"footnotes":"","jetpack_publicize_message":"","jetpack_publicize_feature_enabled":true,"jetpack_social_post_already_shared":true,"jetpack_social_options":{"image_generator_settings":{"template":"highway","default_image_id":0,"font":"","enabled":false},"version":2}},"categories":[5,1585],"tags":[2071,2070,1423,663,2074,1422,2073,2072,1482,907],"class_list":["post-6534","post","type-post","status-publish","format-standard","has-post-thumbnail","hentry","category-cultura","category-cultura-teatro","tag-actuacion","tag-cartelera","tag-comedia","tag-cultura","tag-drama","tag-dramaturgia","tag-escena","tag-estrenos","tag-obras","tag-teatro"],"jetpack_publicize_connections":[],"_links":{"self":[{"href":"https:\/\/www.enorsai.com\/noticias\/wp-json\/wp\/v2\/posts\/6534","targetHints":{"allow":["GET"]}}],"collection":[{"href":"https:\/\/www.enorsai.com\/noticias\/wp-json\/wp\/v2\/posts"}],"about":[{"href":"https:\/\/www.enorsai.com\/noticias\/wp-json\/wp\/v2\/types\/post"}],"author":[{"embeddable":true,"href":"https:\/\/www.enorsai.com\/noticias\/wp-json\/wp\/v2\/users\/1"}],"replies":[{"embeddable":true,"href":"https:\/\/www.enorsai.com\/noticias\/wp-json\/wp\/v2\/comments?post=6534"}],"version-history":[{"count":2,"href":"https:\/\/www.enorsai.com\/noticias\/wp-json\/wp\/v2\/posts\/6534\/revisions"}],"predecessor-version":[{"id":6545,"href":"https:\/\/www.enorsai.com\/noticias\/wp-json\/wp\/v2\/posts\/6534\/revisions\/6545"}],"wp:featuredmedia":[{"embeddable":true,"href":"https:\/\/www.enorsai.com\/noticias\/wp-json\/wp\/v2\/media\/6539"}],"wp:attachment":[{"href":"https:\/\/www.enorsai.com\/noticias\/wp-json\/wp\/v2\/media?parent=6534"}],"wp:term":[{"taxonomy":"category","embeddable":true,"href":"https:\/\/www.enorsai.com\/noticias\/wp-json\/wp\/v2\/categories?post=6534"},{"taxonomy":"post_tag","embeddable":true,"href":"https:\/\/www.enorsai.com\/noticias\/wp-json\/wp\/v2\/tags?post=6534"}],"curies":[{"name":"wp","href":"https:\/\/api.w.org\/{rel}","templated":true}]}}