{"id":6523,"date":"2025-07-21T16:23:04","date_gmt":"2025-07-21T19:23:04","guid":{"rendered":"https:\/\/www.enorsai.com\/noticias\/?p=6523"},"modified":"2025-08-12T07:54:55","modified_gmt":"2025-08-12T10:54:55","slug":"el-emporio-millonario-del-hijo-de-bullrich-70-bares-una-denuncia-congelada-y-muchas-sospechas","status":"publish","type":"post","link":"https:\/\/www.enorsai.com\/noticias\/politica\/el-emporio-millonario-del-hijo-de-bullrich-70-bares-una-denuncia-congelada-y-muchas-sospechas\/","title":{"rendered":"El emporio millonario del hijo de Bullrich: 70 bares, una denuncia congelada y muchas sospechas"},"content":{"rendered":"\n<p><strong><em>Una cadena de 70 locales que creci\u00f3 de la noche a la ma\u00f1ana, inversiones millonarias sin respaldo claro, y v\u00ednculos directos con Patricia Bullrich. \u00bfNegocio familiar o una fachada para blanquear dinero?<\/em><\/strong><\/p>\n\n\n\n<p>Mientras la ministra de Seguridad Patricia Bullrich predica orden, legalidad y transparencia, su entorno \u00edntimo levanta sospechas cada vez m\u00e1s graves. Con una cadena de cafeter\u00edas que brot\u00f3 como hongos en todo el pa\u00eds, surge la pregunta inevitable: \u00bfde d\u00f3nde sali\u00f3 el dinero para montar un emporio valuado en decenas de millones de d\u00f3lares? El silencio de la justicia y de los medios tradicionales solo refuerza la sospecha.<\/p>\n\n\n\n<p>La denuncia fue realizada en el programa de investigaci\u00f3n period\u00edstica, \u00abTLN Denuncia\u00bb, conducido por&nbsp;Tom\u00e1s M\u00e9ndez,&nbsp;que se emite por Canal 9. <\/p>\n\n\n\n<p>\u00bfPuede una persona pasar de monotributista a empresario gastron\u00f3mico multimillonario en apenas unos a\u00f1os, sin antecedentes comerciales, sin trayectoria previa, sin capital declarado y sin siquiera levantar una ceja del sistema judicial o los grandes medios? En la Argentina de Javier Milei, s\u00ed. Si adem\u00e1s se tiene como madre a la ministra de Seguridad, Patricia Bullrich, las preguntas no solo se hacen m\u00e1s inc\u00f3modas: se convierten en un riesgo pol\u00edtico.<\/p>\n\n\n<div class=\"wp-block-image\">\n<figure class=\"aligncenter size-large\"><img loading=\"lazy\" decoding=\"async\" width=\"1024\" height=\"406\" src=\"https:\/\/www.enorsai.com\/noticias\/wp-content\/uploads\/2025\/07\/720-9-1024x406.webp\" alt=\"\" class=\"wp-image-6524\" srcset=\"https:\/\/www.enorsai.com\/noticias\/wp-content\/uploads\/2025\/07\/720-9-1024x406.webp 1024w, https:\/\/www.enorsai.com\/noticias\/wp-content\/uploads\/2025\/07\/720-9-300x119.webp 300w, https:\/\/www.enorsai.com\/noticias\/wp-content\/uploads\/2025\/07\/720-9-768x304.webp 768w, https:\/\/www.enorsai.com\/noticias\/wp-content\/uploads\/2025\/07\/720-9.webp 1280w\" sizes=\"auto, (max-width: 1024px) 100vw, 1024px\" \/><\/figure>\n<\/div>\n\n\n<p>La historia que rodea a la cadena de bares <em>Tostado Caf\u00e9 Club<\/em> no es nueva, pero la acumulaci\u00f3n de hechos, documentos y omisiones construye un relato cada vez m\u00e1s dif\u00edcil de justificar. El punto de partida es tan ins\u00f3lito como revelador: en 2015, cuando a\u00fan no se hab\u00eda formalizado ninguna sociedad, Patricia Bullrich promocionaba entusiasta en sus redes sociales a <em>Tostado<\/em>, al que calificaba como \u201cel bar m\u00e1s rico de Buenos Aires, C\u00f3rdoba y Paran\u00e1\u201d. No era una rese\u00f1a desinteresada. Era, sin m\u00e1s, un mensaje publicitario con tono de campa\u00f1a personal.<\/p>\n\n\n\n<p>La sociedad Tostado Franquicia S.A. se crea oficialmente en 2021. \u00bfQui\u00e9n aparece como presidente y titular de la firma? El hijo de la ministra. \u00bfQui\u00e9n aparece como director suplente? Magal\u00ed Oppenheimer, quien un a\u00f1o m\u00e1s tarde cede sus acciones a Fernando Goijman. Resultado: el hijo de Bullrich queda como socio mayoritario con 3.325 cuotas, contra 175 de su nuevo socio.<\/p>\n\n\n<div class=\"wp-block-image\">\n<figure class=\"aligncenter size-large\"><img loading=\"lazy\" decoding=\"async\" width=\"1024\" height=\"439\" src=\"https:\/\/www.enorsai.com\/noticias\/wp-content\/uploads\/2025\/07\/720-8-1024x439.webp\" alt=\"\" class=\"wp-image-6525\" srcset=\"https:\/\/www.enorsai.com\/noticias\/wp-content\/uploads\/2025\/07\/720-8-1024x439.webp 1024w, https:\/\/www.enorsai.com\/noticias\/wp-content\/uploads\/2025\/07\/720-8-300x129.webp 300w, https:\/\/www.enorsai.com\/noticias\/wp-content\/uploads\/2025\/07\/720-8-768x329.webp 768w, https:\/\/www.enorsai.com\/noticias\/wp-content\/uploads\/2025\/07\/720-8.webp 1280w\" sizes=\"auto, (max-width: 1024px) 100vw, 1024px\" \/><\/figure>\n<\/div>\n\n\n<p>En paralelo, se constituye <em>Tostado Branding S.A.<\/em>, otra sociedad con domicilio declarado en Beruti 3822, es decir, la misma direcci\u00f3n de Patricia Bullrich. Los firmantes vuelven a ser los mismos: su hijo como director titular y Goijman como director suplente. Todo queda entre amigos. O entre familia.<\/p>\n\n\n\n<p>Hasta aqu\u00ed, podr\u00eda decirse que se trata de una jugada comercial audaz y bien ejecutada. Pero la historia empieza a crujir cuando se mira con lupa la magnitud del emprendimiento. Hoy la cadena cuenta con 70 locales distribuidos en todo el pa\u00eds: shoppings, aeropuertos, zonas premium de CABA, C\u00f3rdoba, Mendoza y Posadas. Una expansi\u00f3n que, seg\u00fan estimaciones conservadoras, demand\u00f3 al menos 37 millones de d\u00f3lares en inversi\u00f3n. \u00bfDe d\u00f3nde sali\u00f3 semejante flujo de capital?<\/p>\n\n\n<div class=\"wp-block-image\">\n<figure class=\"aligncenter size-large\"><img loading=\"lazy\" decoding=\"async\" width=\"1024\" height=\"504\" src=\"https:\/\/www.enorsai.com\/noticias\/wp-content\/uploads\/2025\/07\/720-7-1024x504.webp\" alt=\"\" class=\"wp-image-6526\" srcset=\"https:\/\/www.enorsai.com\/noticias\/wp-content\/uploads\/2025\/07\/720-7-1024x504.webp 1024w, https:\/\/www.enorsai.com\/noticias\/wp-content\/uploads\/2025\/07\/720-7-300x148.webp 300w, https:\/\/www.enorsai.com\/noticias\/wp-content\/uploads\/2025\/07\/720-7-768x378.webp 768w, https:\/\/www.enorsai.com\/noticias\/wp-content\/uploads\/2025\/07\/720-7.webp 1280w\" sizes=\"auto, (max-width: 1024px) 100vw, 1024px\" \/><\/figure>\n<\/div>\n\n\n<p>El hijo de la ministra, que inici\u00f3 su carrera como monotributista en una dependencia estatal durante el macrismo, no registra ning\u00fan otro emprendimiento comercial que justifique ese nivel de fondos. A menos que uno acepte sin chistar el cuento oficial de las \u201cfranquicias\u201d. Esa figura jur\u00eddica puede servir como pantalla para justificar crecimiento acelerado y desproporcionado. Pero incluso el modelo franquiciado requiere una inversi\u00f3n inicial significativa, una marca consolidada y un respaldo financiero que justifique el desembarco masivo en distintos puntos del pa\u00eds.<\/p>\n\n\n\n<p>M\u00e1s a\u00fan: en 2024, apenas unas semanas despu\u00e9s de que Bullrich consolidara su alianza con el presidente Javier Milei, los titulares de Tostado Franquicia S.A. y Tostado Branding S.A. renuncian a sus cargos y transfieren las empresas a \u201cfamiliares directos\u201d. El movimiento fue fechado el 22 de enero. \u00bfCasualidad o maniobra preventiva ante posibles investigaciones futuras?<\/p>\n\n\n<div class=\"wp-block-image\">\n<figure class=\"aligncenter size-large\"><img loading=\"lazy\" decoding=\"async\" width=\"1024\" height=\"642\" src=\"https:\/\/www.enorsai.com\/noticias\/wp-content\/uploads\/2025\/07\/720-6-1024x642.webp\" alt=\"\" class=\"wp-image-6527\" srcset=\"https:\/\/www.enorsai.com\/noticias\/wp-content\/uploads\/2025\/07\/720-6-1024x642.webp 1024w, https:\/\/www.enorsai.com\/noticias\/wp-content\/uploads\/2025\/07\/720-6-300x188.webp 300w, https:\/\/www.enorsai.com\/noticias\/wp-content\/uploads\/2025\/07\/720-6-768x482.webp 768w, https:\/\/www.enorsai.com\/noticias\/wp-content\/uploads\/2025\/07\/720-6.webp 1148w\" sizes=\"auto, (max-width: 1024px) 100vw, 1024px\" \/><\/figure>\n<\/div>\n\n\n<p>Una escena grabada durante la investigaci\u00f3n del programa <em>TLN Denuncia<\/em> en 2023 es especialmente ilustrativa: un productor entra a uno de los locales Tostado en plena construcci\u00f3n y, al preguntar por la ministra, se encuentra cara a cara con su hijo, dirigiendo las obras. \u00bfQu\u00e9 empresario millonario supervisa la colocaci\u00f3n de mamposter\u00eda en persona? \u00bfO es que estamos ante un emprendimiento tan \u201cfamiliar\u201d que no se puede delegar?<\/p>\n\n\n\n<p>No se trata solo de percepci\u00f3n p\u00fablica o sospechas medi\u00e1ticas. Hay una denuncia penal presentada por un abogado televidente del programa. Sin embargo, como suele pasar cuando el poder est\u00e1 involucrado, la causa duerme en un caj\u00f3n judicial. Est\u00e1 \u201cfreezada\u201d, como si el fr\u00edo procesal sirviera para que las pruebas se desvanezcan. El patr\u00f3n es conocido: justicia selectiva, que reacciona con celeridad ante ciertas figuras pol\u00edticas, pero que se paraliza ante otras.<\/p>\n\n\n\n<figure class=\"wp-block-embed is-type-rich is-provider-twitter wp-block-embed-twitter\"><div class=\"wp-block-embed__wrapper\">\n<blockquote class=\"twitter-tweet\" data-width=\"550\" data-dnt=\"true\"><p lang=\"es\" dir=\"ltr\">Fuerte denuncia de Tom\u00e1s M\u00e9ndez: descubri\u00f3 c\u00f3mo Patricia Bullrich podr\u00eda estar lavando millones de d\u00f3lares a trav\u00e9s de la cadena de bares &quot;Tostado&quot;, con testaferros inclu\u00eddos. No encuentran a Loan, sigue pr\u00f3fugo el diputado libertario Kiczka, pero los negocios se mantienen\u2026 <a href=\"https:\/\/t.co\/9KaPaMFvAC\">pic.twitter.com\/9KaPaMFvAC<\/a><\/p>&mdash; C\u00e9sar Biondini (@BiondiniCesar) <a href=\"https:\/\/twitter.com\/BiondiniCesar\/status\/1827872062645657658?ref_src=twsrc%5Etfw\">August 26, 2024<\/a><\/blockquote><script async src=\"https:\/\/platform.twitter.com\/widgets.js\" charset=\"utf-8\"><\/script>\n<\/div><\/figure>\n\n\n\n<p>El caso de la familia Kirchner, con las causas <em>Hotesur<\/em> y <em>Los Sauces<\/em>, sirve como par\u00e1metro. All\u00ed tambi\u00e9n se investig\u00f3 lavado de dinero y admisi\u00f3n de d\u00e1divas a trav\u00e9s de empresas familiares. Pero mientras a Cristina Fern\u00e1ndez y a su hijo M\u00e1ximo los cubrieron con un manto de sospechas judiciales y persecuci\u00f3n medi\u00e1tica sistem\u00e1tica durante a\u00f1os, la historia de los <em>Tostado<\/em> de Bullrich apenas se roz\u00f3 en algunos medios. Y fue r\u00e1pidamente silenciada.<\/p>\n\n\n\n<p>\u00bfSer\u00e1 que el poder real, ese que Javier Milei finge no ver mientras lo cultiva, se protege a s\u00ed mismo? \u00bfSer\u00e1 que no hay voluntad de investigar porque hacerlo ser\u00eda tocar las fibras de una red mucho m\u00e1s grande de blanqueo, retornos y negocios cruzados entre funcionarios, empresarios y lobbistas?<\/p>\n\n\n\n<p>La omisi\u00f3n en las declaraciones juradas de la ministra y de su hijo es otro punto cr\u00edtico. \u00bfC\u00f3mo se explica que un emprendimiento de tal magnitud, con domicilio declarado en la casa de la funcionaria, ni siquiera figure en los documentos oficiales? La respuesta es simple: no se puede explicar. Es una irregularidad flagrante, que en otro pa\u00eds disparar\u00eda una investigaci\u00f3n inmediata.<\/p>\n\n\n\n<p>Pero aqu\u00ed no pasa nada. Los periodistas que se animaron a tocar el tema fueron la excepci\u00f3n. La mayor\u00eda de los grandes medios prefiri\u00f3 mirar para otro lado. No vaya a ser cosa que, al investigar demasiado, terminen afectando intereses de quienes hoy manejan la botonera del poder.<\/p>\n\n\n\n<p>Este caso pone al descubierto una trama que excede a la ministra. Es un s\u00edntoma de algo mucho m\u00e1s profundo: la connivencia entre pol\u00edtica, negocios y estructuras de impunidad. Mientras se ajusta a la sociedad, se achica el Estado y se militariza la protesta, las redes del privilegio siguen operando con absoluta impunidad. Porque <em>Tostado<\/em> no es solo una cafeter\u00eda de moda. Es la postal de un pa\u00eds partido en dos: el de los que pagan con lo justo, y el de los que facturan sin rendir cuentas.<\/p>\n\n\n\n<p><strong>Fuente:<\/strong><br><a>https:\/\/www.cronica.com.ar\/politica\/Tostado-o-lavado-20250707-0079.html<\/a><\/p>\n","protected":false},"excerpt":{"rendered":"<p>La cadena de bares Tostado, vinculada al hijo de Patricia Bullrich, creci\u00f3 exponencialmente sin respaldo financiero claro. Con 70 locales en todo el pa\u00eds y una inversi\u00f3n estimada de 37 millones de d\u00f3lares, surgen fuertes sospechas de lavado de dinero. La justicia calla. El poder real, tambi\u00e9n.<\/p>\n","protected":false},"author":9,"featured_media":6528,"comment_status":"open","ping_status":"open","sticky":false,"template":"","format":"standard","meta":{"_monsterinsights_skip_tracking":false,"_monsterinsights_sitenote_active":false,"_monsterinsights_sitenote_note":"","_monsterinsights_sitenote_category":0,"footnotes":"","jetpack_publicize_message":"","jetpack_publicize_feature_enabled":true,"jetpack_social_post_already_shared":true,"jetpack_social_options":{"image_generator_settings":{"template":"highway","default_image_id":0,"font":"","enabled":false},"version":2}},"categories":[3,2],"tags":[262,75,2062,98,70,127,45,1053,72,2063],"class_list":["post-6523","post","type-post","status-publish","format-standard","has-post-thumbnail","hentry","category-economia","category-politica","tag-bullrich","tag-corrupcion","tag-franquicias","tag-impunidad","tag-justicia","tag-lavado","tag-milei","tag-negocios","tag-politica","tag-tostado"],"jetpack_publicize_connections":[],"_links":{"self":[{"href":"https:\/\/www.enorsai.com\/noticias\/wp-json\/wp\/v2\/posts\/6523","targetHints":{"allow":["GET"]}}],"collection":[{"href":"https:\/\/www.enorsai.com\/noticias\/wp-json\/wp\/v2\/posts"}],"about":[{"href":"https:\/\/www.enorsai.com\/noticias\/wp-json\/wp\/v2\/types\/post"}],"author":[{"embeddable":true,"href":"https:\/\/www.enorsai.com\/noticias\/wp-json\/wp\/v2\/users\/9"}],"replies":[{"embeddable":true,"href":"https:\/\/www.enorsai.com\/noticias\/wp-json\/wp\/v2\/comments?post=6523"}],"version-history":[{"count":2,"href":"https:\/\/www.enorsai.com\/noticias\/wp-json\/wp\/v2\/posts\/6523\/revisions"}],"predecessor-version":[{"id":6533,"href":"https:\/\/www.enorsai.com\/noticias\/wp-json\/wp\/v2\/posts\/6523\/revisions\/6533"}],"wp:featuredmedia":[{"embeddable":true,"href":"https:\/\/www.enorsai.com\/noticias\/wp-json\/wp\/v2\/media\/6528"}],"wp:attachment":[{"href":"https:\/\/www.enorsai.com\/noticias\/wp-json\/wp\/v2\/media?parent=6523"}],"wp:term":[{"taxonomy":"category","embeddable":true,"href":"https:\/\/www.enorsai.com\/noticias\/wp-json\/wp\/v2\/categories?post=6523"},{"taxonomy":"post_tag","embeddable":true,"href":"https:\/\/www.enorsai.com\/noticias\/wp-json\/wp\/v2\/tags?post=6523"}],"curies":[{"name":"wp","href":"https:\/\/api.w.org\/{rel}","templated":true}]}}