{"id":6519,"date":"2025-07-21T14:36:53","date_gmt":"2025-07-21T17:36:53","guid":{"rendered":"https:\/\/www.enorsai.com\/noticias\/?p=6519"},"modified":"2025-07-21T16:29:08","modified_gmt":"2025-07-21T19:29:08","slug":"corrupcion-la-vicejefa-de-la-aduana-escolto-a-laura-arrieta-evitando-controles-en-aeroparque","status":"publish","type":"post","link":"https:\/\/www.enorsai.com\/noticias\/politica\/corrupcion-la-vicejefa-de-la-aduana-escolto-a-laura-arrieta-evitando-controles-en-aeroparque\/","title":{"rendered":"\u00a1Corrupci\u00f3n! La vicejefa de la Aduana escolt\u00f3 a Laura Arrieta evitando controles en Aeroparque"},"content":{"rendered":"\n<h4 class=\"wp-block-heading\"><strong><em>Silvana Abalsamo, vicejefa de la Aduana, recibi\u00f3 y escolt\u00f3 a la ex azafata vinculada al empresario Leonardo Scatturice. Una investigaci\u00f3n judicial y el testimonio de la PSA confirman que Laura Arrieta ingres\u00f3 al pa\u00eds sin controles aduaneros gracias a un operativo irregular montado por autoridades aeroportuarias.<\/em><\/strong><\/h4>\n\n\n\n<p>La trama detr\u00e1s del esc\u00e1ndalo conocido como <em>Valijagate<\/em> sum\u00f3 un nuevo cap\u00edtulo explosivo. La justicia interviniente confirm\u00f3 que <strong>Laura Arrieta, ex azafata y empleada de confianza del empresario Leonardo Scatturice, fue recibida y escoltada personalmente por la vicejefa de la Aduana en Aeroparque, Silvana Abalsamo<\/strong>, el pasado 25 de febrero, tras arribar desde Miami en un vuelo privado.<\/p>\n\n\n\n<p>Seg\u00fan revel\u00f3 la periodista <strong>Luciana Geuna<\/strong>, del canal <strong>Todo Noticias<\/strong>, Arrieta baj\u00f3 del <strong>Bombardier Global 5000<\/strong> \u2014propiedad de la firma COC Global Enterprise\u2014 sin ser sometida a ning\u00fan tipo de control. En la propia pista entreg\u00f3 su celular a una funcionaria menor, <strong>Cintia Cali<\/strong>, en un gesto completamente inusual que fue observado por un agente de la Polic\u00eda de Seguridad Aeroportuaria (PSA), quien <strong>present\u00f3 una denuncia formal<\/strong>.<\/p>\n\n\n\n<p>Ya dentro del edificio de la terminal, las im\u00e1genes de seguridad y los testimonios relevados por la investigaci\u00f3n judicial prueban que <strong>Abalsamo escolt\u00f3 personalmente a Arrieta, le indic\u00f3 ingresar por un canal especial \u2014no habilitado al p\u00fablico\u2014 y cerr\u00f3 ese paso de inmediato<\/strong>, impidiendo su uso por otros pasajeros. De esta forma, <strong>Arrieta evit\u00f3 pasar por todos los controles aduaneros y de seguridad<\/strong>, en lo que podr\u00eda configurarse como una maniobra de encubrimiento.<\/p>\n\n\n\n<figure class=\"wp-block-image size-full\"><img loading=\"lazy\" decoding=\"async\" width=\"1000\" height=\"750\" src=\"https:\/\/www.enorsai.com\/noticias\/wp-content\/uploads\/2025\/07\/image-2.webp\" alt=\"La vice jefa de Aduana en Aeroparque arma un carril especial para Laura Arrieta y sus valijas\" class=\"wp-image-6521\" srcset=\"https:\/\/www.enorsai.com\/noticias\/wp-content\/uploads\/2025\/07\/image-2.webp 1000w, https:\/\/www.enorsai.com\/noticias\/wp-content\/uploads\/2025\/07\/image-2-300x225.webp 300w, https:\/\/www.enorsai.com\/noticias\/wp-content\/uploads\/2025\/07\/image-2-768x576.webp 768w\" sizes=\"auto, (max-width: 1000px) 100vw, 1000px\" \/><figcaption class=\"wp-element-caption\">La vice jefa de Aduana en Aeroparque arma un carril especial para Laura Arrieta y sus valijas<\/figcaption><\/figure>\n\n\n\n<h3 class=\"wp-block-heading\">Una zona liberada en pleno Aeroparque<\/h3>\n\n\n\n<p>La alta funcionaria, vestida de civil, <strong>no respondi\u00f3 preguntas de la prensa<\/strong> y mantiene silencio sobre el operativo irregular. El episodio plantea serias dudas sobre <strong>el uso del poder institucional para facilitar posibles actos il\u00edcitos<\/strong>, ya que Arrieta ingres\u00f3 al pa\u00eds con <strong>10 valijas sin revisi\u00f3n alguna<\/strong>, a bordo de un vuelo privado del que era la \u00fanica pasajera.<\/p>\n\n\n\n<p>La aeronave estuvo <strong>siete d\u00edas alojada en un hangar privado<\/strong>, sin que existiera hasta ahora un registro p\u00fablico de los bienes ingresados ni una fiscalizaci\u00f3n formal por parte de la Aduana ni la PSA. Cabe destacar que Arrieta <strong>forma parte del comit\u00e9 organizador de la Conferencia Pol\u00edtica de Acci\u00f3n Conservadora (CPAC)<\/strong>, evento internacional que ha congregado a figuras de la ultraderecha global y que tuvo su edici\u00f3n argentina semanas antes del esc\u00e1ndalo.<\/p>\n\n\n\n<h3 class=\"wp-block-heading\">El silencio oficial y los interrogantes pol\u00edticos<\/h3>\n\n\n\n<p>La gravedad del hecho radica no solo en el ingreso no controlado de equipaje desde el exterior, sino en <strong>el involucramiento directo de una funcionaria de alto rango en el montaje de una \u201czona liberada\u201d<\/strong> dentro de uno de los aeropuertos m\u00e1s transitados del pa\u00eds. <strong>Silvana Abalsamo<\/strong> contin\u00faa en funciones y <strong>ning\u00fan vocero del gobierno nacional se ha pronunciado al respecto<\/strong>, pese a la evidencia expuesta en medios de comunicaci\u00f3n y en sede judicial.<\/p>\n\n\n\n<p>Este esc\u00e1ndalo golpea de lleno a los organismos de control del Estado y <strong>deja al descubierto una cadena de favores que alcanza hasta las m\u00e1s altas esferas del poder aduanero<\/strong>, en un contexto donde las promesas de \u00abtransparencia y lucha contra la corrupci\u00f3n\u00bb del gobierno de Javier Milei est\u00e1n cada vez m\u00e1s puestas en duda.<\/p>\n\n\n\n<p>La Justicia ya tiene en su poder los registros f\u00edlmicos del operativo, los testimonios de los agentes intervinientes y las comunicaciones entre las partes. Resta saber <strong>si avanzar\u00e1 en imputaciones concretas<\/strong> o si este caso ser\u00e1 parte del archivo de esc\u00e1ndalos que se diluyen con el tiempo.<\/p>\n\n\n\n<p><strong>Fuente:<\/strong><\/p>\n\n\n\n<p><a href=\"https:\/\/www.elancasti.com.ar\/politica-y-economia\/valijagate-laura-arrieta-fue-escoltada-la-vicejefa-aduana-aeroparque-n589136\">https:\/\/www.elancasti.com.ar\/politica-y-economia\/valijagate-laura-arrieta-fue-escoltada-la-vicejefa-aduana-aeroparque-n589136<\/a><\/p>\n","protected":false},"excerpt":{"rendered":"<p>Silvana Abalsamo, vicejefa de la Aduana, recibi\u00f3 y escolt\u00f3 a la ex azafata vinculada al empresario Leonardo Scatturice. Una investigaci\u00f3n judicial y el testimonio de la PSA confirman que Laura Arrieta ingres\u00f3 al pa\u00eds sin controles aduaneros gracias a un operativo irregular montado por autoridades aeroportuarias. La trama detr\u00e1s del esc\u00e1ndalo conocido como Valijagate sum\u00f3&#8230;<\/p>\n","protected":false},"author":13,"featured_media":6520,"comment_status":"open","ping_status":"open","sticky":false,"template":"","format":"standard","meta":{"_monsterinsights_skip_tracking":false,"_monsterinsights_sitenote_active":false,"_monsterinsights_sitenote_note":"","_monsterinsights_sitenote_category":0,"footnotes":"","jetpack_publicize_message":"","jetpack_publicize_feature_enabled":true,"jetpack_social_post_already_shared":true,"jetpack_social_options":{"image_generator_settings":{"template":"highway","default_image_id":0,"font":"","enabled":false},"version":2}},"categories":[2],"tags":[1925,2065,548,75,630,1041,98,70,45,2064],"class_list":["post-6519","post","type-post","status-publish","format-standard","has-post-thumbnail","hentry","category-politica","tag-aduana","tag-aeroparque","tag-contrabando","tag-corrupcion","tag-escandalo","tag-funcionarios","tag-impunidad","tag-justicia","tag-milei","tag-valijagate"],"jetpack_publicize_connections":[],"_links":{"self":[{"href":"https:\/\/www.enorsai.com\/noticias\/wp-json\/wp\/v2\/posts\/6519","targetHints":{"allow":["GET"]}}],"collection":[{"href":"https:\/\/www.enorsai.com\/noticias\/wp-json\/wp\/v2\/posts"}],"about":[{"href":"https:\/\/www.enorsai.com\/noticias\/wp-json\/wp\/v2\/types\/post"}],"author":[{"embeddable":true,"href":"https:\/\/www.enorsai.com\/noticias\/wp-json\/wp\/v2\/users\/13"}],"replies":[{"embeddable":true,"href":"https:\/\/www.enorsai.com\/noticias\/wp-json\/wp\/v2\/comments?post=6519"}],"version-history":[{"count":1,"href":"https:\/\/www.enorsai.com\/noticias\/wp-json\/wp\/v2\/posts\/6519\/revisions"}],"predecessor-version":[{"id":6522,"href":"https:\/\/www.enorsai.com\/noticias\/wp-json\/wp\/v2\/posts\/6519\/revisions\/6522"}],"wp:featuredmedia":[{"embeddable":true,"href":"https:\/\/www.enorsai.com\/noticias\/wp-json\/wp\/v2\/media\/6520"}],"wp:attachment":[{"href":"https:\/\/www.enorsai.com\/noticias\/wp-json\/wp\/v2\/media?parent=6519"}],"wp:term":[{"taxonomy":"category","embeddable":true,"href":"https:\/\/www.enorsai.com\/noticias\/wp-json\/wp\/v2\/categories?post=6519"},{"taxonomy":"post_tag","embeddable":true,"href":"https:\/\/www.enorsai.com\/noticias\/wp-json\/wp\/v2\/tags?post=6519"}],"curies":[{"name":"wp","href":"https:\/\/api.w.org\/{rel}","templated":true}]}}