{"id":6514,"date":"2025-07-21T12:00:16","date_gmt":"2025-07-21T15:00:16","guid":{"rendered":"http:\/\/www.enorsai.com\/noticias\/?p=6514"},"modified":"2025-07-21T16:29:28","modified_gmt":"2025-07-21T19:29:28","slug":"la-jueza-arroyo-salgado-y-su-rol-en-la-persecucion-de-militantes-con-aval-del-gobierno-de-javier-milei","status":"publish","type":"post","link":"https:\/\/www.enorsai.com\/noticias\/politica\/la-jueza-arroyo-salgado-y-su-rol-en-la-persecucion-de-militantes-con-aval-del-gobierno-de-javier-milei\/","title":{"rendered":"La jueza Arroyo Salgado y su rol en la persecuci\u00f3n de militantes con aval del gobierno de Javier Milei"},"content":{"rendered":"\n<p><strong><em>La jueza Sandra Arroyo Salgado protagoniza una avanzada judicial contra militantes pol\u00edticos que reaviva los peores fantasmas del lawfare: detenciones arbitrarias, operativos nocturnos, abusos de poder y una maquinaria institucional al servicio del disciplinamiento ideol\u00f3gico. Todo en el contexto de un gobierno nacional que avala y promueve este tipo de atropellos.<\/em><\/strong><\/p>\n\n\n\n<p>Sandra Arroyo Salgado se lanz\u00f3 de lleno a la caza de militantes pol\u00edticos. No se trata de una met\u00e1fora period\u00edstica ni de una interpretaci\u00f3n caprichosa: estamos ante una avanzada judicial con todos los ingredientes del manual represivo m\u00e1s burdo. Arrestos sin fundamentos s\u00f3lidos, procesamientos por contravenciones menores, uso de la maquinaria del Estado para criminalizar la militancia y, en el trasfondo, una candidatura en ciernes que explica tanto apuro y tanto show.<\/p>\n\n\n\n<p>La escena es de un patetismo feroz. Ciudadanos detenidos por tirar excremento en la vereda \u2014una infracci\u00f3n que en cualquier c\u00f3digo contravencional se resuelve con una multa o tareas comunitarias\u2014 terminan encarcelados, con operativos dignos de pel\u00edculas policiales, esposas en la madrugada y allanamientos por el solo hecho de tener una c\u00e9dula azul del auto de una imputada. \u00bfD\u00f3nde ocurre esto? En la Argentina gobernada por Javier Milei, donde la ministra de Seguridad Patricia Bullrich y Arroyo Salgado parecen coordinar una persecuci\u00f3n con aires de vendetta personal y aroma electoral.<\/p>\n\n\n\n<p>El diputado nacional Rodolfo Tailhade, en una intervenci\u00f3n p\u00fablica tan en\u00e9rgica como documentada, desnud\u00f3 la operaci\u00f3n con precisi\u00f3n quir\u00fargica. Advirti\u00f3 que lo que estamos presenciando no es solo un exceso de poder judicial, sino un episodio grave de degradaci\u00f3n democr\u00e1tica. Lo que Arroyo Salgado est\u00e1 haciendo \u2014dijo\u2014 no solo es una \u201csalvajada jur\u00eddica\u201d, sino tambi\u00e9n motivo suficiente para iniciar un juicio pol\u00edtico. Tiene raz\u00f3n: esto no es justicia, es castigo ideol\u00f3gico.<\/p>\n\n\n\n<figure class=\"wp-block-embed is-type-video is-provider-youtube wp-block-embed-youtube wp-embed-aspect-16-9 wp-has-aspect-ratio\"><div class=\"wp-block-embed__wrapper\">\n<iframe loading=\"lazy\" title=\"Por qu\u00e9 Arroyo Salgado sali\u00f3 a cazar militantes\" width=\"640\" height=\"360\" src=\"https:\/\/www.youtube.com\/embed\/c7OzPf3YHAQ?feature=oembed\" frameborder=\"0\" allow=\"accelerometer; autoplay; clipboard-write; encrypted-media; gyroscope; picture-in-picture; web-share\" referrerpolicy=\"strict-origin-when-cross-origin\" allowfullscreen><\/iframe>\n<\/div><\/figure>\n\n\n\n<p>Tailhade no se qued\u00f3 en lo anecd\u00f3tico. Vaci\u00f3 la caja negra del lawfare argentino y expuso el funcionamiento perverso del entramado que hoy captura la Justicia. Se\u00f1al\u00f3 con nombre y apellido a los responsables del desastre institucional: la Corte Suprema, la C\u00e1mara de Casaci\u00f3n, el fuero federal de Comodoro Py. Ninguno de ellos, dijo, cumple el rol fundamental de \u201cresguardar los derechos y garant\u00edas de los ciudadanos\u201d ni de \u201cdefender el sistema democr\u00e1tico\u201d. Por el contrario, se han convertido en los ejecutores de un poder econ\u00f3mico que marca la cancha, da \u00f3rdenes y exige resultados.<\/p>\n\n\n\n<p>En este marco, el fallo contra la expresidenta Cristina Fern\u00e1ndez de Kirchner \u2014que la Corte apur\u00f3 con torpeza y falta de fundamentos\u2014 se convierte en el caso testigo. Tailhade detall\u00f3 c\u00f3mo el operador judicial y de prensa Silvio Robles, mano derecha del presidente de la Corte, Horacio Rosatti, avisaba con anticipaci\u00f3n a sus periodistas aliados cu\u00e1ndo saldr\u00eda la sentencia. La presi\u00f3n era tan obscena que hasta Carlos Pagni se vio obligado a reconocer p\u00fablicamente que el fallo saldr\u00eda con fecha definida. \u00bfQui\u00e9n manda sobre los jueces? No el derecho, no la Constituci\u00f3n. Manda el poder econ\u00f3mico, la embajada de Estados Unidos, el Grupo Clar\u00edn y sus ap\u00e9ndices medi\u00e1ticos.<\/p>\n\n\n\n<p>En este escenario viciado, Arroyo Salgado no act\u00faa sola. Su ofensiva judicial tiene respaldo pol\u00edtico, cobertura medi\u00e1tica y bendici\u00f3n del Ejecutivo. Quiere ser procuradora, aspira a integrar la Corte Suprema y est\u00e1 haciendo m\u00e9ritos. M\u00e9ritos sin \u00e9tica ni legalidad, claro est\u00e1. La cacer\u00eda de militantes no es un exceso de interpretaci\u00f3n: es una estrategia de campa\u00f1a, es puro estiusismo reciclado en tiempos de Milei. La ministra Bullrich, desde el Ministerio de Seguridad, juega su papel como actriz secundaria de este drama autoritario: operativos espectaculares, discursos sobre el orden y una pol\u00edtica de seguridad que apunta, otra vez, contra el enemigo interno: el militante, el peronista, el troskista que protesta, el que no baja la cabeza.<\/p>\n\n\n\n<p>El caso del denunciante Jos\u00e9 Luis Espert es una paradoja brutal. Este diputado ultraliberal, quien habr\u00eda financiado su campa\u00f1a con fondos del narcotr\u00e1fico seg\u00fan denuncias anteriores, aparece aqu\u00ed como v\u00edctima. Es \u00e9l quien promueve las detenciones por una simple \u201ccaca en la vereda\u201d, mientras su propia relaci\u00f3n con figuras del delito organizado jam\u00e1s fue investigada con la misma intensidad. La doble vara es evidente, obscena y repulsiva.<\/p>\n\n\n\n<p>No se trata solo de militantes del peronismo. Tailhade relat\u00f3 que hasta un activista del trotskismo chaque\u00f1o fue llevado a declarar por publicar un tuit contra el presidente. El mensaje es claro: el que disiente, va preso. El que protesta, es enemigo del orden. Y mientras tanto, los verdaderos esc\u00e1ndalos \u2014como el caso Lago Escondido, donde jueces, fiscales, esp\u00edas y empresarios compartieron un viaje en absoluta impunidad\u2014 siguen enterrados bajo la alfombra del silencio c\u00f3mplice.<\/p>\n\n\n\n<p>La Justicia argentina, lejos de ser un poder independiente, se ha transformado en un brazo ejecutor de los intereses de la casta pol\u00edtica-empresarial-medi\u00e1tica que gobierna a espaldas del pueblo. Las detenciones arbitrarias, los procesamientos sin pruebas, el uso del sistema judicial para castigar a militantes pol\u00edticos y las operaciones medi\u00e1ticas sincronizadas son parte de un mismo engranaje represivo que busca consolidar un nuevo orden: uno donde la democracia sea apenas una fachada y el disciplinamiento ideol\u00f3gico se imponga a trav\u00e9s del miedo.<\/p>\n\n\n\n<p>Estamos ante una deriva autoritaria que no puede naturalizarse. Si no se frena ahora, si la sociedad no reacciona, si los jueces y fiscales decentes no alzan la voz, el futuro que se avecina es sombr\u00edo. Y no habr\u00e1 ley, ni Constituci\u00f3n, ni derecho que valga si se sigue validando el uso de la Justicia como arma de guerra pol\u00edtica.<\/p>\n\n\n\n<p>El gobierno de Javier Milei, lejos de recortar privilegios, est\u00e1 fortaleciendo los peores vicios de la casta judicial: jueces funcionales, fiscales obedientes y una Corte Suprema sometida al poder econ\u00f3mico. La aspiraci\u00f3n de Arroyo Salgado de convertirse en procuradora o jueza de la Corte es una amenaza institucional, no una carrera meritocr\u00e1tica. Representa lo peor del sistema: la impunidad selectiva, el castigo al disidente, la subordinaci\u00f3n del derecho al poder.<\/p>\n\n\n\n<p>La Argentina merece una Justicia que no persiga a quienes militan por una patria justa, libre y soberana. Y merece tambi\u00e9n que quienes usan la toga como escudo para sus ambiciones personales sean expuestos, cuestionados y, si corresponde, removidos. Porque callar ante este atropello es ser c\u00f3mplice del autoritarismo.<\/p>\n\n\n\n<p><strong>Fuente:<\/strong><\/p>\n\n\n\n<p>Por qu\u00e9 Arroyo Salgado sali\u00f3 a cazar militantes: <a href=\"https:\/\/www.youtube.com\/watch?v=c7OzPf3YHAQ\">https:\/\/www.youtube.com\/watch?v=c7OzPf3YHAQ<\/a><\/p>\n","protected":false},"excerpt":{"rendered":"<p>La jueza Sandra Arroyo Salgado protagoniza una ofensiva judicial contra militantes peronistas y de izquierda, en connivencia con el gobierno de Javier Milei. Detenciones arbitrarias, causas ama\u00f1adas y ambiciones personales se combinan en una cacer\u00eda pol\u00edtica que desnuda el uso del Poder Judicial como arma de disciplinamiento ideol\u00f3gico.<\/p>\n","protected":false},"author":11,"featured_media":6515,"comment_status":"open","ping_status":"open","sticky":false,"template":"","format":"standard","meta":{"_monsterinsights_skip_tracking":false,"_monsterinsights_sitenote_active":false,"_monsterinsights_sitenote_note":"","_monsterinsights_sitenote_category":0,"footnotes":"","jetpack_publicize_message":"","jetpack_publicize_feature_enabled":true,"jetpack_social_post_already_shared":true,"jetpack_social_options":{"image_generator_settings":{"template":"highway","default_image_id":0,"font":"","enabled":false},"version":2}},"categories":[2],"tags":[2061,262,646,209,70,234,45,1601,267,365],"class_list":["post-6514","post","type-post","status-publish","format-standard","has-post-thumbnail","hentry","category-politica","tag-arroyosalgado","tag-bullrich","tag-cortesuprema","tag-democracia","tag-justicia","tag-lawfare","tag-milei","tag-militancia","tag-persecucion","tag-represion"],"jetpack_publicize_connections":[],"_links":{"self":[{"href":"https:\/\/www.enorsai.com\/noticias\/wp-json\/wp\/v2\/posts\/6514","targetHints":{"allow":["GET"]}}],"collection":[{"href":"https:\/\/www.enorsai.com\/noticias\/wp-json\/wp\/v2\/posts"}],"about":[{"href":"https:\/\/www.enorsai.com\/noticias\/wp-json\/wp\/v2\/types\/post"}],"author":[{"embeddable":true,"href":"https:\/\/www.enorsai.com\/noticias\/wp-json\/wp\/v2\/users\/11"}],"replies":[{"embeddable":true,"href":"https:\/\/www.enorsai.com\/noticias\/wp-json\/wp\/v2\/comments?post=6514"}],"version-history":[{"count":1,"href":"https:\/\/www.enorsai.com\/noticias\/wp-json\/wp\/v2\/posts\/6514\/revisions"}],"predecessor-version":[{"id":6516,"href":"https:\/\/www.enorsai.com\/noticias\/wp-json\/wp\/v2\/posts\/6514\/revisions\/6516"}],"wp:featuredmedia":[{"embeddable":true,"href":"https:\/\/www.enorsai.com\/noticias\/wp-json\/wp\/v2\/media\/6515"}],"wp:attachment":[{"href":"https:\/\/www.enorsai.com\/noticias\/wp-json\/wp\/v2\/media?parent=6514"}],"wp:term":[{"taxonomy":"category","embeddable":true,"href":"https:\/\/www.enorsai.com\/noticias\/wp-json\/wp\/v2\/categories?post=6514"},{"taxonomy":"post_tag","embeddable":true,"href":"https:\/\/www.enorsai.com\/noticias\/wp-json\/wp\/v2\/tags?post=6514"}],"curies":[{"name":"wp","href":"https:\/\/api.w.org\/{rel}","templated":true}]}}