{"id":6512,"date":"2025-07-21T09:17:03","date_gmt":"2025-07-21T12:17:03","guid":{"rendered":"https:\/\/www.enorsai.com\/noticias\/politica\/juan-pablo-allan-de-operador-de-la-gestapo-macrista-a-candidato-de-milei-en-la-plata\/"},"modified":"2025-07-21T16:31:12","modified_gmt":"2025-07-21T19:31:12","slug":"juan-pablo-allan-de-operador-de-la-gestapo-macrista-a-candidato-de-milei-en-la-plata","status":"publish","type":"post","link":"https:\/\/www.enorsai.com\/noticias\/politica\/juan-pablo-allan-de-operador-de-la-gestapo-macrista-a-candidato-de-milei-en-la-plata\/","title":{"rendered":"Juan Pablo Allan, de operador de la Gestapo macrista a candidato de Milei en La Plata"},"content":{"rendered":"\n<p>Juan Pablo Allan, ex senador y protagonista del esc\u00e1ndalo de persecuci\u00f3n sindical durante el gobierno de Vidal, ahora encabeza la lista de concejales de La Libertad Avanza en La Plata.<p><br>La historia que escandaliz\u00f3 a la democracia argentina sigue escribiendo cap\u00edtulos de impunidad. Juan Pablo Allan, grabado mientras participaba de reuniones ilegales junto a esp\u00edas, funcionarios y empresarios para armar causas judiciales contra sindicalistas, ahora es el primer candidato a concejal de Javier Milei en La Plata. La connivencia entre servicios de inteligencia, poder pol\u00edtico y justicia, lejos de haber sido castigada, se recicla en la era libertaria.<br><br>Hay rostros que nunca desaparecen del todo. Algunos se ocultan, otros se reciclan. Pero en Argentina, los peores nombres del entramado pol\u00edtico-judicial que forj\u00f3 el macrismo para perseguir al movimiento sindical reaparecen una y otra vez, sin rubor, sin consecuencias, y con nuevas oportunidades. Uno de esos rostros es el de Juan Pablo Allan, ex senador provincial, bullrichista ac\u00e9rrimo, y ahora flamante primer candidato a concejal por La Libertad Avanza en La Plata.<br><br>Allan no es cualquier dirigente. Es uno de los protagonistas centrales del esc\u00e1ndalo de la denominada \u201cGestapo macrista\u201d: una trama siniestra de espionaje ilegal, armado de causas, manipulaci\u00f3n judicial y odio visceral contra el sindicalismo. En el video revelado en 2021, grabado en la sede del Banco Provincia el 15 de junio de 2017, se ve a Allan compartiendo mesa con esp\u00edas de la Agencia Federal de Inteligencia (AFI), empresarios de la construcci\u00f3n y funcionarios bonaerenses para orquestar la ca\u00edda del entonces l\u00edder sindical Juan Pablo \u201cPata\u201d Medina.<br><br>No era una charla informal. Era una conspiraci\u00f3n institucionalizada. All\u00ed, sin disimulo, el entonces ministro de Trabajo Marcelo Villegas expres\u00f3 su fantas\u00eda de tener una \u201cGestapo\u201d para acabar con los sindicatos. Nadie en la sala lo refut\u00f3. Todos asent\u00edan, incluido Allan. El objetivo era claro: judicializar la pol\u00edtica gremial, meter presos a los referentes inc\u00f3modos, silenciar las voces organizadas de los trabajadores. Un plan mafioso con estructura de Estado.<br><br>La escena fue tan brutal que la Comisi\u00f3n Bicameral de Inteligencia del Congreso, presidida en aquel entonces por Leopoldo Moreau, abri\u00f3 una investigaci\u00f3n urgente. La intervenci\u00f3n de Cristina Caama\u00f1o en la AFI, bajo el gobierno de Alberto Fern\u00e1ndez, destap\u00f3 m\u00e1s conexiones oscuras. Desde los jerarcas de inteligencia como Gustavo Arribas y Silvia Majdalani, hasta los agentes rasos como los c\u00e9lebres integrantes del grupo \u201cS\u00faper Mario Bros\u201d, todo indicaba que Cambiemos hab\u00eda montado un aparato de espionaje dom\u00e9stico sin precedentes desde el retorno de la democracia.<br><br>Las tareas ilegales incluyeron la instalaci\u00f3n de c\u00e1maras y micr\u00f3fonos en lugares p\u00fablicos y privados, el seguimiento de jueces \u2014como el caso de Luis Carzoglio, castigado por negarse a detener a los Moyano\u2014, y hasta la infiltraci\u00f3n en hospitales como el Alejandro Posadas. Nada estaba fuera del radar. El Pata Medina fue apenas uno de los blancos. La inteligencia pol\u00edtica, esa enfermedad heredada de las dictaduras, volvi\u00f3 a operar con total naturalidad bajo el paraguas macrista.<br><br>Y ahora, sin pudor alguno, uno de sus engranajes clave \u2014Juan Pablo Allan\u2014 vuelve al ruedo electoral de la mano de Javier Milei. Porque si algo ha dejado claro el gobierno libertario es que no vino a desmantelar las estructuras de persecuci\u00f3n heredadas, sino a reactivarlas. Con otro lenguaje, con nuevas excusas, pero con los mismos protagonistas.<br><br>Lo que ocurri\u00f3 en esa reuni\u00f3n de 2017 no fue un episodio aislado, ni un error pol\u00edtico, ni una travesura de funcionarios desbordados. Fue parte de un modelo de control social que desprecia la organizaci\u00f3n de los trabajadores y considera al sindicalismo un enemigo a eliminar. Esa visi\u00f3n, profundamente autoritaria, sigue viva en el coraz\u00f3n ideol\u00f3gico de La Libertad Avanza. Y la inclusi\u00f3n de Allan en sus listas es prueba contundente de ello.<br><br>\u00bfD\u00f3nde qued\u00f3 la indignaci\u00f3n institucional por aquella \u201cGestapo criolla\u201d? \u00bfQu\u00e9 pas\u00f3 con las promesas de democratizar los servicios de inteligencia y erradicar el lawfare? La respuesta es tan elocuente como desalentadora: nada. Lejos de responder por sus actos, los responsables est\u00e1n siendo premiados. Allan, procesado en la causa judicial que investiga el armado de expedientes truchos contra sindicalistas, camina hoy los barrios platenses como si nada hubiera pasado, con el aval del partido que dice venir a \u201ccombatir la casta\u201d.<br><br>Pero su figura representa exactamente lo contrario: es el rostro de una casta pol\u00edtica, judicial y empresarial que usa las instituciones para perseguir, disciplinar y destruir a quienes defienden derechos colectivos. Es un exponente del cinismo institucional, de la impunidad como norma y de la democracia reducida a una formalidad vac\u00eda.<br><br>En cualquier pa\u00eds serio, un personaje as\u00ed estar\u00eda inhabilitado de por vida para ocupar cargos p\u00fablicos. En la Argentina de Milei, en cambio, es catapultado como figura de renovaci\u00f3n. As\u00ed se naturaliza lo intolerable. As\u00ed se degrada la memoria democr\u00e1tica.<br><br>No es casualidad que este reciclaje se d\u00e9 en La Plata, epicentro de aquella conspiraci\u00f3n. Y no es inocente que suceda en medio de un brutal ajuste econ\u00f3mico, donde los sindicatos vuelven a ser estigmatizados, los trabajadores empobrecidos, y las calles militarizadas. El proyecto pol\u00edtico de Milei necesita, como lo necesit\u00f3 el macrismo, eliminar resistencias. Y nada molesta m\u00e1s al poder neoliberal que un gremio de pie.<br><br>Por eso, el regreso de Allan no debe leerse como un hecho aislado ni anecd\u00f3tico. Es parte de una continuidad peligrosa. Una advertencia sobre los rumbos autoritarios que acechan bajo el disfraz de la \u201clibertad\u201d. Un recordatorio de que el verdadero poder no se rinde, simplemente cambia de piel.<br><br>La Argentina merece un debate pol\u00edtico serio sobre el rol de sus servicios de inteligencia, la independencia judicial y la protecci\u00f3n de los derechos colectivos. Pero mientras los operadores del espionaje ilegal ocupen bancas y cargos p\u00fablicos, esa discusi\u00f3n ser\u00e1 una farsa.<br><br>Lo que est\u00e1 en juego no es una interna partidaria, ni una elecci\u00f3n municipal. Lo que se pone en disputa es la calidad de nuestra democracia. Y permitir que los arquitectos de la persecuci\u00f3n retornen por la puerta grande es aceptar que el Estado puede usarse como garrote contra los que luchan.<br><br>Hoy, Allan sonr\u00ede desde un cartel de campa\u00f1a. Pero en su historia reciente no hay m\u00e9rito, ni gesti\u00f3n, ni ideas. Hay un prontuario pol\u00edtico que deber\u00eda avergonzar a cualquiera que crea en el Estado de derecho. Si esa es la \u201cnueva pol\u00edtica\u201d que Milei ofrece, el futuro no es libertad: es revancha.<br><br>Fuente:<br>https:\/\/www.infogremiales.com.ar\/el-candidato-de-milei-en-la-plata-era-parte-de-la-gestapo-macrista-armada-para-perseguir-sindicalistas\/<\/p>\n","protected":false},"excerpt":{"rendered":"<p>Juan Pablo Allan, ex senador y protagonista del esc\u00e1ndalo de persecuci\u00f3n sindical durante el gobierno de Vidal, ahora encabeza la lista de concejales de La Libertad Avanza en La Plata. La historia que escandaliz\u00f3 a la democracia argentina sigue escribiendo cap\u00edtulos de impunidad. Juan Pablo Allan, grabado mientras participaba de reuniones ilegales junto a esp\u00edas,&#8230;<\/p>\n","protected":false},"author":13,"featured_media":6511,"comment_status":"open","ping_status":"open","sticky":false,"template":"","format":"standard","meta":{"_monsterinsights_skip_tracking":false,"_monsterinsights_sitenote_active":false,"_monsterinsights_sitenote_note":"","_monsterinsights_sitenote_category":0,"footnotes":"","jetpack_publicize_message":"","jetpack_publicize_feature_enabled":true,"jetpack_social_post_already_shared":true,"jetpack_social_options":{"image_generator_settings":{"template":"highway","default_image_id":0,"font":"","enabled":false},"version":2}},"categories":[2],"tags":[2066,1383,2067,98,1471,234,1257,45,267,771],"class_list":["post-6512","post","type-post","status-publish","format-standard","has-post-thumbnail","hentry","category-politica","tag-allan","tag-espionaje","tag-gestapo","tag-impunidad","tag-inteligencia","tag-lawfare","tag-macrismo","tag-milei","tag-persecucion","tag-sindicalismo"],"jetpack_publicize_connections":[],"_links":{"self":[{"href":"https:\/\/www.enorsai.com\/noticias\/wp-json\/wp\/v2\/posts\/6512","targetHints":{"allow":["GET"]}}],"collection":[{"href":"https:\/\/www.enorsai.com\/noticias\/wp-json\/wp\/v2\/posts"}],"about":[{"href":"https:\/\/www.enorsai.com\/noticias\/wp-json\/wp\/v2\/types\/post"}],"author":[{"embeddable":true,"href":"https:\/\/www.enorsai.com\/noticias\/wp-json\/wp\/v2\/users\/13"}],"replies":[{"embeddable":true,"href":"https:\/\/www.enorsai.com\/noticias\/wp-json\/wp\/v2\/comments?post=6512"}],"version-history":[{"count":1,"href":"https:\/\/www.enorsai.com\/noticias\/wp-json\/wp\/v2\/posts\/6512\/revisions"}],"predecessor-version":[{"id":6530,"href":"https:\/\/www.enorsai.com\/noticias\/wp-json\/wp\/v2\/posts\/6512\/revisions\/6530"}],"wp:featuredmedia":[{"embeddable":true,"href":"https:\/\/www.enorsai.com\/noticias\/wp-json\/wp\/v2\/media\/6511"}],"wp:attachment":[{"href":"https:\/\/www.enorsai.com\/noticias\/wp-json\/wp\/v2\/media?parent=6512"}],"wp:term":[{"taxonomy":"category","embeddable":true,"href":"https:\/\/www.enorsai.com\/noticias\/wp-json\/wp\/v2\/categories?post=6512"},{"taxonomy":"post_tag","embeddable":true,"href":"https:\/\/www.enorsai.com\/noticias\/wp-json\/wp\/v2\/tags?post=6512"}],"curies":[{"name":"wp","href":"https:\/\/api.w.org\/{rel}","templated":true}]}}