{"id":6496,"date":"2025-07-20T23:01:33","date_gmt":"2025-07-21T02:01:33","guid":{"rendered":"https:\/\/www.enorsai.com\/noticias\/politica\/de-influencer-a-meme-el-gordo-dan-marginado-por-karina-milei-y-ridiculizado-en-redes\/"},"modified":"2025-08-12T07:55:18","modified_gmt":"2025-08-12T10:55:18","slug":"de-influencer-a-meme-el-gordo-dan-marginado-por-karina-milei-y-ridiculizado-en-redes","status":"publish","type":"post","link":"https:\/\/www.enorsai.com\/noticias\/politica\/de-influencer-a-meme-el-gordo-dan-marginado-por-karina-milei-y-ridiculizado-en-redes\/","title":{"rendered":"De influencer a meme: El Gordo Dan, marginado por Karina Milei y ridiculizado en redes"},"content":{"rendered":"\n<p>El operador digital que se jactaba de querer enfrentar a Cristina Kirchner no figura en las listas de La Libertad Avanza. Sin lugar en las boletas, su ca\u00edda se volvi\u00f3 tendencia.<br><br>Daniel Parisini, alias \u201cEl Gordo Dan\u201d, pas\u00f3 de ser vocero furioso del mile\u00edsmo en redes sociales a convertirse en blanco de memes y burlas, tras quedar fuera del armado de listas bonaerenses de La Libertad Avanza. La mano dura de Karina Milei, el pacto con el PRO y las denuncias judiciales por incitaci\u00f3n a la violencia aceleraron su derrumbe.<\/p>\n\n\n\n<p><br>El universo digital de la ultraderecha argentina acaba de perder a uno de sus soldados m\u00e1s ruidosos. Daniel Parisini, m\u00e1s conocido como \u00abEl Gordo Dan\u00bb, autoproclamado l\u00edder de las \u00abFuerzas del Cielo\u00bb y exponente del llamado \u00abbrazo armado digital\u00bb de Javier Milei, fue marginado de las listas de La Libertad Avanza en la provincia de Buenos Aires, y su exclusi\u00f3n se transform\u00f3 en tema de burla en las redes sociales.<br><br>Con ambiciones pol\u00edticas declaradas \u2014lleg\u00f3 a decir que quer\u00eda competir contra Cristina Fern\u00e1ndez de Kirchner\u2014, Parisini no logr\u00f3 siquiera figurar en alguna de las ocho secciones electorales. El cierre de listas del frente oficialista fue encabezado por Karina Milei, secretaria general de la Presidencia, quien viaj\u00f3 personalmente a La Plata para definir la n\u00f3mina junto a Eduardo \u201cLule\u201d Menem, Mart\u00edn Menem y operadores del PRO. El resultado: ni Parisini ni otros referentes del ej\u00e9rcito troll libertario como Agust\u00edn Romo lograron un lugar.<br><br>Sin boleta y con esc\u00e1ndalo<br><br>No fue una semana f\u00e1cil para Parisini. Adem\u00e1s del desplante electoral, fue denunciado por diputados del bloque Uni\u00f3n por la Patria por incitaci\u00f3n a la violencia y expresiones antidemocr\u00e1ticas, luego de que pidiera p\u00fablicamente \u00absacar los tanques a la calle\u00bb y \u00abdinamitar el Congreso\u00bb, en el contexto del debate sobre el aumento a jubilados y la emergencia en discapacidad.<br><br>Como si fuera poco, intent\u00f3 despegarse de uno de los personajes que hab\u00eda respaldado con entusiasmo: el exconcejal libertario salte\u00f1o Pablo Emanuel L\u00f3pez, denunciado por extorsi\u00f3n sexual contra una militante. En un intento de control de da\u00f1os, Parisini se disculp\u00f3 con un tuit plagado de exabruptos: \u201cPido disculpas p\u00fablicas por el endorsment que le di a este hijo de puta\u201d, sostuvo, tratando de justificar el error como parte de la \u201cestad\u00edstica\u201d de cualquier armado pol\u00edtico.<br><br>De influencer a meme<br><br>Lo que sigui\u00f3 fue una catarata de memes, parodias y posteos ir\u00f3nicos. El autodenominado estratega digital del oficialismo qued\u00f3 retratado como el \u00abhazmerre\u00edr de las redes\u00bb, un castigo simb\u00f3lico dentro de la misma arena que lo encumbr\u00f3. La militancia virtual no le perdon\u00f3 su ca\u00edda en desgracia, ni su intento fallido de convertirse en un dirigente pol\u00edtico real.<br><br>El caso de \u00abEl Gordo Dan\u00bb no es anecd\u00f3tico: refleja con nitidez c\u00f3mo el mile\u00edsmo, que en campa\u00f1a supo explotar la furia digital, intenta ahora institucionalizarse bajo nuevas reglas. Y en ese proceso, muchos de los que construyeron el relato violento desde las sombras empiezan a ser descartados como fichas prescindibles. La pol\u00edtica, incluso la que se disfraza de antisistema, tambi\u00e9n tiene sus propias purgas.<br><br>Fuente:<\/p>\n\n\n\n<ul class=\"wp-block-list\">\n<li>https:\/\/www.pagina12.com.ar\/843466-del-brazo-armado-digital-al-hazmerreir-en-redes-el-gordo-dan<\/li>\n<\/ul>\n\n\n\n<p><br><\/p>\n","protected":false},"excerpt":{"rendered":"<p>El operador digital que se jactaba de querer enfrentar a Cristina Kirchner no figura en las listas de La Libertad Avanza. Sin lugar en las boletas, su ca\u00edda se volvi\u00f3 tendencia. Daniel Parisini, alias \u201cEl Gordo Dan\u201d, pas\u00f3 de ser vocero furioso del mile\u00edsmo en redes sociales a convertirse en blanco de memes y burlas,&#8230;<\/p>\n","protected":false},"author":11,"featured_media":6495,"comment_status":"open","ping_status":"open","sticky":false,"template":"","format":"standard","meta":{"_monsterinsights_skip_tracking":false,"_monsterinsights_sitenote_active":false,"_monsterinsights_sitenote_note":"","_monsterinsights_sitenote_category":0,"footnotes":"","jetpack_publicize_message":"","jetpack_publicize_feature_enabled":true,"jetpack_social_post_already_shared":true,"jetpack_social_options":{"image_generator_settings":{"template":"highway","default_image_id":0,"font":"","enabled":false},"version":2}},"categories":[2],"tags":[504,630,635,2069,45,2068,925,924,323,711],"class_list":["post-6496","post","type-post","status-publish","format-standard","has-post-thumbnail","hentry","category-politica","tag-censura","tag-escandalo","tag-karina","tag-memes","tag-milei","tag-parisini","tag-redes","tag-trolls","tag-ultraderecha","tag-violencia"],"jetpack_publicize_connections":[],"_links":{"self":[{"href":"https:\/\/www.enorsai.com\/noticias\/wp-json\/wp\/v2\/posts\/6496","targetHints":{"allow":["GET"]}}],"collection":[{"href":"https:\/\/www.enorsai.com\/noticias\/wp-json\/wp\/v2\/posts"}],"about":[{"href":"https:\/\/www.enorsai.com\/noticias\/wp-json\/wp\/v2\/types\/post"}],"author":[{"embeddable":true,"href":"https:\/\/www.enorsai.com\/noticias\/wp-json\/wp\/v2\/users\/11"}],"replies":[{"embeddable":true,"href":"https:\/\/www.enorsai.com\/noticias\/wp-json\/wp\/v2\/comments?post=6496"}],"version-history":[{"count":1,"href":"https:\/\/www.enorsai.com\/noticias\/wp-json\/wp\/v2\/posts\/6496\/revisions"}],"predecessor-version":[{"id":6531,"href":"https:\/\/www.enorsai.com\/noticias\/wp-json\/wp\/v2\/posts\/6496\/revisions\/6531"}],"wp:featuredmedia":[{"embeddable":true,"href":"https:\/\/www.enorsai.com\/noticias\/wp-json\/wp\/v2\/media\/6495"}],"wp:attachment":[{"href":"https:\/\/www.enorsai.com\/noticias\/wp-json\/wp\/v2\/media?parent=6496"}],"wp:term":[{"taxonomy":"category","embeddable":true,"href":"https:\/\/www.enorsai.com\/noticias\/wp-json\/wp\/v2\/categories?post=6496"},{"taxonomy":"post_tag","embeddable":true,"href":"https:\/\/www.enorsai.com\/noticias\/wp-json\/wp\/v2\/tags?post=6496"}],"curies":[{"name":"wp","href":"https:\/\/api.w.org\/{rel}","templated":true}]}}