{"id":6485,"date":"2025-07-20T19:48:22","date_gmt":"2025-07-20T22:48:22","guid":{"rendered":"https:\/\/www.enorsai.com\/noticias\/politica\/por-los-bajos-salarios-renunciaron-mas-de-2-200-efectivos-de-las-fuerzas-armadas\/"},"modified":"2025-07-20T19:48:22","modified_gmt":"2025-07-20T22:48:22","slug":"por-los-bajos-salarios-renunciaron-mas-de-2-200-efectivos-de-las-fuerzas-armadas","status":"publish","type":"post","link":"https:\/\/www.enorsai.com\/noticias\/politica\/por-los-bajos-salarios-renunciaron-mas-de-2-200-efectivos-de-las-fuerzas-armadas\/","title":{"rendered":"Por los bajos salarios renunciaron m\u00e1s de 2.200 efectivos de las Fuerzas Armadas"},"content":{"rendered":"\n<p>La Comisi\u00f3n Bicameral de Seguridad Interior del Congreso investiga el \u00e9xodo de efectivos por sueldos bajos y la cr\u00edtica situaci\u00f3n de la obra social IOSFA, mientras el gobierno intenta reformas estructurales.<br><br>Las Fuerzas Armadas y de Seguridad Federales enfrentan una crisis interna sin precedentes: en s\u00f3lo seis meses se registraron m\u00e1s de 2.200 bajas voluntarias. El detonante es doble: salarios insuficientes y una obra social en colapso. El Senado trabaja en una subcomisi\u00f3n espec\u00edfica, mientras el gobierno nacional impulsa reformas por decreto que agudizan el malestar entre el personal.<br><br>La pol\u00edtica de ajuste tambi\u00e9n pasa factura dentro de las propias filas del aparato estatal encargado de garantizar la seguridad. Seg\u00fan datos publicados por Misiones Online, durante la primera mitad del 2025 m\u00e1s de 2.200 efectivos de las Fuerzas Armadas y de Seguridad Federales presentaron su baja voluntaria. Los motivos son alarmantes: sueldos depreciados y una cobertura m\u00e9dica que deja desprotegidos a quienes arriesgan su vida en servicio del Estado.<br><br>Este \u00e9xodo masivo, sin precedentes en los \u00faltimos a\u00f1os, encendi\u00f3 las alarmas en el Congreso Nacional. El senador por Misiones, Enrique Mart\u00edn Goerling, presidente de la Comisi\u00f3n Bicameral de Fiscalizaci\u00f3n y Seguimiento de los Organismos de Seguridad Interior, reconoci\u00f3 la gravedad de la situaci\u00f3n. \u201cHay muchas quejas, sobre todo vinculadas a la obra social IOSFA, que tiene serios problemas de funcionamiento\u201d, declar\u00f3.<br><br>La IOSFA (Instituto de Obra Social de las Fuerzas Armadas y de Seguridad), que nuclea a personal activo y retirado del Ej\u00e9rcito, la Armada, la Fuerza A\u00e9rea, Gendarmer\u00eda y Prefectura, es apuntada como uno de los focos del malestar. Con m\u00e1s de 600 mil beneficiarios en todo el pa\u00eds, su crisis operativa impacta de lleno en los sectores m\u00e1s vulnerables: quienes viven lejos de los grandes centros urbanos.<br><br>Seg\u00fan denuncias internas, hay prestaciones interrumpidas, estudios m\u00e9dicos demorados, y descuentos en farmacias que no se cumplen. Todo por atrasos en los pagos a m\u00e9dicos y prestadores, especialmente fuera de las capitales provinciales. La paradoja es brutal: efectivos que aportan entre 100 mil y 300 mil pesos mensuales a su obra social, no logran acceder a una atenci\u00f3n digna cuando la necesitan.<br><br>Ante este escenario, el Congreso avanza en la creaci\u00f3n de una subcomisi\u00f3n dentro de la Bicameral que investigue tanto los problemas de la IOSFA como los reclamos salariales y laborales. Goerling confirm\u00f3 que ya se iniciaron auditor\u00edas internas en la obra social, aunque tambi\u00e9n admiti\u00f3 que las dificultades \u201cvienen arrastradas de gestiones anteriores\u201d. Sin embargo, el desfinanciamiento actual se ha profundizado bajo la gesti\u00f3n de Javier Milei, lo que oblig\u00f3 a una intervenci\u00f3n para intentar reordenarla.<br><br>\u201cEl problema se agrava en ciudades como Posadas o m\u00e1s peque\u00f1as, donde la ca\u00edda de un sanatorio puede significar la interrupci\u00f3n total del servicio\u201d, explic\u00f3 el senador, quien tiene relaci\u00f3n directa con la ministra de Seguridad, Patricia Bullrich. La atenci\u00f3n m\u00e9dica, en este sentido, muestra un claro patr\u00f3n de desigualdad geogr\u00e1fica, como ocurre en muchas obras sociales nacionales.<br><br>En paralelo, el gobierno impulsa reformas estructurales en las fuerzas mediante decretos, un mecanismo que ya gener\u00f3 tensi\u00f3n en el Congreso. Cambios en la Polic\u00eda Federal, Gendarmer\u00eda, Prefectura y la Polic\u00eda de Seguridad Aeroportuaria est\u00e1n siendo evaluados por la Bicameral. Algunos legisladores cuestionan su legalidad, y el impacto en las condiciones laborales es otra fuente de creciente malestar entre los efectivos.<br><br>Goerling aclar\u00f3 que el Congreso no tiene potestad sobre las decisiones salariales, responsabilidad exclusiva del Poder Ejecutivo, pero s\u00ed puede peticionar, recibir denuncias y ejercer control. En esa l\u00ednea, adelant\u00f3 la intenci\u00f3n de convertir la Bicameral en un \u201cobservatorio de las polic\u00edas provinciales\u201d que canalice conflictos internos y denuncias por abuso, actuando como instancia mediadora antes de que los conflictos escalen.<br><br>\u201cSi no hay un espacio institucional para tratar estas cuestiones, el conflicto est\u00e1 asegurado\u201d, advirti\u00f3 el legislador, dejando entrever la posibilidad de mayores tensiones si no se adoptan medidas urgentes.<br><br>La crisis en las fuerzas federales revela otra arista del ajuste estructural del gobierno nacional. Mientras Milei sostiene un discurso de eficiencia y recorte del gasto p\u00fablico, el colapso de servicios esenciales para sus propias fuerzas de seguridad y la p\u00e9rdida de recursos humanos estrat\u00e9gicos abren interrogantes sobre los costos reales de su modelo.<br><br>Fuente:<\/p>\n\n\n\n<ul class=\"wp-block-list\">\n<li>https:\/\/misionesonline.net\/2025\/07\/19\/fuerzas-armadas-y-de-seguridad-federales\/<\/li>\n<\/ul>\n","protected":false},"excerpt":{"rendered":"<p>La Comisi\u00f3n Bicameral de Seguridad Interior del Congreso investiga el \u00e9xodo de efectivos por sueldos bajos y la cr\u00edtica situaci\u00f3n de la obra social IOSFA, mientras el gobierno intenta reformas estructurales. Las Fuerzas Armadas y de Seguridad Federales enfrentan una crisis interna sin precedentes: en s\u00f3lo seis meses se registraron m\u00e1s de 2.200 bajas voluntarias&#8230;.<\/p>\n","protected":false},"author":9,"featured_media":6484,"comment_status":"open","ping_status":"open","sticky":false,"template":"","format":"standard","meta":{"_monsterinsights_skip_tracking":false,"_monsterinsights_sitenote_active":false,"_monsterinsights_sitenote_note":"","_monsterinsights_sitenote_category":0,"footnotes":"","jetpack_publicize_message":"","jetpack_publicize_feature_enabled":true,"jetpack_social_post_already_shared":true,"jetpack_social_options":{"image_generator_settings":{"template":"highway","default_image_id":0,"font":"","enabled":false},"version":2}},"categories":[2,4],"tags":[],"class_list":["post-6485","post","type-post","status-publish","format-standard","has-post-thumbnail","hentry","category-politica","category-sociedad"],"jetpack_publicize_connections":[],"_links":{"self":[{"href":"https:\/\/www.enorsai.com\/noticias\/wp-json\/wp\/v2\/posts\/6485","targetHints":{"allow":["GET"]}}],"collection":[{"href":"https:\/\/www.enorsai.com\/noticias\/wp-json\/wp\/v2\/posts"}],"about":[{"href":"https:\/\/www.enorsai.com\/noticias\/wp-json\/wp\/v2\/types\/post"}],"author":[{"embeddable":true,"href":"https:\/\/www.enorsai.com\/noticias\/wp-json\/wp\/v2\/users\/9"}],"replies":[{"embeddable":true,"href":"https:\/\/www.enorsai.com\/noticias\/wp-json\/wp\/v2\/comments?post=6485"}],"version-history":[{"count":0,"href":"https:\/\/www.enorsai.com\/noticias\/wp-json\/wp\/v2\/posts\/6485\/revisions"}],"wp:featuredmedia":[{"embeddable":true,"href":"https:\/\/www.enorsai.com\/noticias\/wp-json\/wp\/v2\/media\/6484"}],"wp:attachment":[{"href":"https:\/\/www.enorsai.com\/noticias\/wp-json\/wp\/v2\/media?parent=6485"}],"wp:term":[{"taxonomy":"category","embeddable":true,"href":"https:\/\/www.enorsai.com\/noticias\/wp-json\/wp\/v2\/categories?post=6485"},{"taxonomy":"post_tag","embeddable":true,"href":"https:\/\/www.enorsai.com\/noticias\/wp-json\/wp\/v2\/tags?post=6485"}],"curies":[{"name":"wp","href":"https:\/\/api.w.org\/{rel}","templated":true}]}}