{"id":6477,"date":"2025-07-20T06:59:50","date_gmt":"2025-07-20T09:59:50","guid":{"rendered":"https:\/\/www.enorsai.com\/noticias\/?p=6477"},"modified":"2025-07-20T06:59:50","modified_gmt":"2025-07-20T09:59:50","slug":"karina-milei-purgo-a-los-caputistas-y-margino-al-pro-mientras-javier-se-escapo-a-escuchar-opera","status":"publish","type":"post","link":"https:\/\/www.enorsai.com\/noticias\/politica\/karina-milei-purgo-a-los-caputistas-y-margino-al-pro-mientras-javier-se-escapo-a-escuchar-opera\/","title":{"rendered":"Karina Milei purg\u00f3 a los caputistas y margin\u00f3 al PRO mientras Javier se escap\u00f3 a escuchar \u00f3pera"},"content":{"rendered":"\n<p><strong><em>Mientras Javier Milei se ausentaba en un teatro l\u00edrico, Karina Milei sellaba un cierre de listas marcado por la humillaci\u00f3n del ala Caputo y la marginalizaci\u00f3n del PRO. El verticalismo libertario mostr\u00f3 su verdadero rostro, con purgas, revanchas y un poder cada vez m\u00e1s concentrado en la sombra de la secretaria general.<\/em><\/strong><\/p>\n\n\n\n<p>El cierre de listas para las elecciones bonaerenses dej\u00f3 al descubierto una interna feroz en La Libertad Avanza. La hermana del Presidente ejecut\u00f3 con frialdad quir\u00fargica una purga contra los laderos de Santiago Caputo y margin\u00f3 al PRO, sellando as\u00ed el control absoluto de la maquinaria libertaria. El supuesto le\u00f3n prefiri\u00f3 retirarse a la \u00f3pera antes que intervenir en una crisis que revela qui\u00e9n manda realmente en el gobierno.<\/p>\n\n\n\n<p>Mientras el pa\u00eds herv\u00eda por el esc\u00e1ndalo del Banco Naci\u00f3n y la interna libertaria llegaba a niveles de implosi\u00f3n, Javier Milei opt\u00f3 por una postal decadente: retirarse a escuchar \u00f3pera. Una escena m\u00e1s propia de una caricatura de reyes desquiciados que de un presidente que debe pilotear una crisis pol\u00edtica en ascenso. Mientras tanto, en las sombras del poder, Karina Milei, su omnipresente hermana y secretaria general de la Presidencia, ejecutaba con precisi\u00f3n quir\u00fargica una purga brutal dentro de La Libertad Avanza.<\/p>\n\n\n\n<p>Lo que ocurri\u00f3 en el cierre de listas para las elecciones bonaerenses fue una masacre pol\u00edtica. Santiago Caputo, el asesor que alguna vez fue la usina intelectual detr\u00e1s de la campa\u00f1a que llev\u00f3 a Milei al poder, qued\u00f3 completamente marginado. Sus laderos \u2014los j\u00f3venes influencers libertarios agrupados en \u201cLas Fuerzas del Cielo\u201d\u2014 fueron relegados sin contemplaciones. \u201cDijo que no quiere meterse, lo mismo que hizo en 2023\u201d, fue la explicaci\u00f3n que Caputo recibi\u00f3 del presidente cuando intent\u00f3 mediar en el conflicto con Karina y su socio en el armado bonaerense, Sebasti\u00e1n Pareja.<\/p>\n\n\n\n<p>Pero la historia no se agota ah\u00ed. En un acto de crueldad pol\u00edtica digna de manual, Karina les hizo creer a Caputo y los suyos que habr\u00eda integraci\u00f3n si frenaban las cr\u00edticas por el esc\u00e1ndalo del Banco Naci\u00f3n. Fue un enga\u00f1o. Una vendetta disfrazada de negociaci\u00f3n. Una trampa bien montada. En el momento clave, se las cobr\u00f3 todas. La lapicera no s\u00f3lo fue suya: fue un arma.<\/p>\n\n\n\n<p>El sector de Pareja termin\u00f3 vetando a los candidatos de Caputo y puso en sus lugares a hombres afines, incluso un ex radical que ven\u00eda del entorno de Facundo Manes. El castigo fue completo: los referentes del ala juvenil libertaria fueron degradados a listas de concejales o directamente excluidos. Ni siquiera Nahuel Sotelo, actual secretario de Culto y Civilizaci\u00f3n, pudo obtener m\u00e1s que una promesa vaga para el 2027 en Quilmes. El resto, como Agust\u00edn Romo y Lucas Luna, simplemente desaparecieron de las boletas.<\/p>\n\n\n\n<p>Este no fue un simple reacomodamiento t\u00e1ctico. Fue un escarmiento. Un acto de poder. Un mensaje mafioso al estilo \u201ccon Karina no se jode\u201d. Porque la secretaria general de la Presidencia no solo margin\u00f3 a los caputistas. Tambi\u00e9n redujo a cenizas las expectativas del PRO. Ese acuerdo con Mauricio Macri que alguna vez se present\u00f3 como una estrategia de expansi\u00f3n electoral fue desmantelado por completo. Los amarillos s\u00f3lo encabezar\u00e1n dos de las ocho secciones electorales en juego. Apenas un premio consuelo para quienes supieron ser socios estrat\u00e9gicos.<\/p>\n\n\n\n<p>La excusa formal fue la alianza \u201cLa Libertad Avanza &#8211; PRO\u201d, pero la traducci\u00f3n real fue otra: el PRO, como actor pol\u00edtico, qued\u00f3 completamente subordinado. De hecho, las pocas candidaturas que se les otorgaron est\u00e1n escondidas en lugares de dif\u00edcil ingreso. \u00bfQu\u00e9 tan lejos puede llegar una figura como Cristian Ritondo si su lista es liderada por desconocidos bendecidos por Karina? \u00bfQu\u00e9 chance real tiene Santilli si no controla ninguna lapicera? El verticalismo libertario, lejos de ampliarse, se encierra cada vez m\u00e1s en el n\u00facleo duro de los hermanos Milei.<\/p>\n\n\n\n<p>La escena cumbre de esta tragicomedia fue la reuni\u00f3n en la que Caputo y \u201cel Gordo Dan\u201d le pidieron a Milei 20 lugares en las listas. Lo hicieron a espaldas de Karina. Fue un intento desesperado por puentear el poder real. El Presidente los escuch\u00f3, asinti\u00f3 y luego&#8230; nada. Los dej\u00f3 hablando solos. Como tantas otras veces, Javier Milei opt\u00f3 por el repliegue, la ambig\u00fcedad y la omisi\u00f3n. Eligi\u00f3 no ensuciarse, como si su liderazgo fuese apenas simb\u00f3lico. En palabras de un dirigente caputista: \u201cMilei no le pone l\u00edmites a la hermana. La verdadera presidenta es Karina\u201d.<\/p>\n\n\n\n<p>Ese liderazgo evasivo del Presidente, tan parecido al de un CEO desentendido de los fierros de la pol\u00edtica, ya genera rupturas en su base. Desde adentro, hay bronca, traici\u00f3n y decepci\u00f3n. Las Fuerzas del Cielo, aquellas que lo defend\u00edan con u\u00f1as y dientes en las redes, hoy lo acusan de ser un \u201cgatito mimoso\u201d. Ni la izquierda necesit\u00f3 ser tan filosa: la frase sali\u00f3 de sus propias filas.<\/p>\n\n\n\n<p>No hay espacio en esta historia para la ingenuidad. Lo que se est\u00e1 configurando es un r\u00e9gimen con l\u00f3gica autoritaria interna, donde el poder real no pasa por los votos ni por los consensos, sino por la fidelidad a una casta que dice combatir. Karina Milei, sin cargo electivo alguno, maneja la estructura pol\u00edtica con mano de hierro. Pareja, su socio en el conurbano, ejecuta las \u00f3rdenes. Milei, el \u201cle\u00f3n\u201d, se refugia en la l\u00edrica mientras la pol\u00edtica se cocina con fuego real.<\/p>\n\n\n\n<p>Este cierre de listas es una radiograf\u00eda perfecta del modelo de poder que impulsa el oficialismo. No hay coalici\u00f3n, no hay integraci\u00f3n, no hay diversidad. Hay obediencia. Hay castigo. Hay verticalismo. La purga libertaria marca un punto de inflexi\u00f3n: el mile\u00edsmo ya no es una fuerza emergente en b\u00fasqueda de identidad. Es una maquinaria que empieza a devorarse a s\u00ed misma para consolidar el control absoluto.<\/p>\n\n\n\n<p>Fuentes:<\/p>\n\n\n\n<ul class=\"wp-block-list\">\n<li><a href=\"https:\/\/www.lapoliticaonline.com\/politica\/milei-se-fue-a-escuchar-opera-mientras-karina-marginaba-a-caputo-de-las-listas\/\">https:\/\/www.lapoliticaonline.com\/politica\/milei-se-fue-a-escuchar-opera-mientras-karina-marginaba-a-caputo-de-las-listas\/<\/a><\/li>\n\n\n\n<li><a href=\"https:\/\/noticiasargentinas.com\/politica\/karina-milei-se-adueno-de-la-lapicera-en-el-cierre-de-listas--margino-a-las-fuerzas-del-cielo-y-limito-al-pro_a687c5e7bbb513b10464e9d7d\">https:\/\/noticiasargentinas.com\/politica\/karina-milei-se-adueno-de-la-lapicera-en-el-cierre-de-listas&#8211;margino-a-las-fuerzas-del-cielo-y-limito-al-pro_a687c5e7bbb513b10464e9d7d<\/a><\/li>\n<\/ul>\n","protected":false},"excerpt":{"rendered":"<p>Mientras Javier Milei se ausentaba en un teatro l\u00edrico, Karina Milei sellaba un cierre de listas marcado por la humillaci\u00f3n del ala Caputo y la marginalizaci\u00f3n del PRO. El verticalismo libertario mostr\u00f3 su verdadero rostro, con purgas, revanchas y un poder cada vez m\u00e1s concentrado en la sombra de la secretaria general. El cierre de&#8230;<\/p>\n","protected":false},"author":11,"featured_media":6478,"comment_status":"open","ping_status":"open","sticky":false,"template":"","format":"standard","meta":{"_monsterinsights_skip_tracking":false,"_monsterinsights_sitenote_active":false,"_monsterinsights_sitenote_note":"","_monsterinsights_sitenote_category":0,"footnotes":"","jetpack_publicize_message":"","jetpack_publicize_feature_enabled":true,"jetpack_social_post_already_shared":true,"jetpack_social_options":{"image_generator_settings":{"template":"highway","default_image_id":0,"font":"","enabled":false},"version":2}},"categories":[2],"tags":[],"class_list":["post-6477","post","type-post","status-publish","format-standard","has-post-thumbnail","hentry","category-politica"],"jetpack_publicize_connections":[],"_links":{"self":[{"href":"https:\/\/www.enorsai.com\/noticias\/wp-json\/wp\/v2\/posts\/6477","targetHints":{"allow":["GET"]}}],"collection":[{"href":"https:\/\/www.enorsai.com\/noticias\/wp-json\/wp\/v2\/posts"}],"about":[{"href":"https:\/\/www.enorsai.com\/noticias\/wp-json\/wp\/v2\/types\/post"}],"author":[{"embeddable":true,"href":"https:\/\/www.enorsai.com\/noticias\/wp-json\/wp\/v2\/users\/11"}],"replies":[{"embeddable":true,"href":"https:\/\/www.enorsai.com\/noticias\/wp-json\/wp\/v2\/comments?post=6477"}],"version-history":[{"count":1,"href":"https:\/\/www.enorsai.com\/noticias\/wp-json\/wp\/v2\/posts\/6477\/revisions"}],"predecessor-version":[{"id":6479,"href":"https:\/\/www.enorsai.com\/noticias\/wp-json\/wp\/v2\/posts\/6477\/revisions\/6479"}],"wp:featuredmedia":[{"embeddable":true,"href":"https:\/\/www.enorsai.com\/noticias\/wp-json\/wp\/v2\/media\/6478"}],"wp:attachment":[{"href":"https:\/\/www.enorsai.com\/noticias\/wp-json\/wp\/v2\/media?parent=6477"}],"wp:term":[{"taxonomy":"category","embeddable":true,"href":"https:\/\/www.enorsai.com\/noticias\/wp-json\/wp\/v2\/categories?post=6477"},{"taxonomy":"post_tag","embeddable":true,"href":"https:\/\/www.enorsai.com\/noticias\/wp-json\/wp\/v2\/tags?post=6477"}],"curies":[{"name":"wp","href":"https:\/\/api.w.org\/{rel}","templated":true}]}}