{"id":6467,"date":"2025-07-20T06:10:18","date_gmt":"2025-07-20T09:10:18","guid":{"rendered":"https:\/\/www.enorsai.com\/noticias\/?p=6467"},"modified":"2025-07-20T06:10:18","modified_gmt":"2025-07-20T09:10:18","slug":"por-orden-del-juez-ariel-lijo-un-docente-jubilado-fue-detenido-y-allanado-por-amenazar-a-javier-milei-en-facebook","status":"publish","type":"post","link":"https:\/\/www.enorsai.com\/noticias\/politica\/por-orden-del-juez-ariel-lijo-un-docente-jubilado-fue-detenido-y-allanado-por-amenazar-a-javier-milei-en-facebook\/","title":{"rendered":"Por orden del juez Ariel Lijo un docente jubilado fue detenido y allanado  por \u201camenazar\u201d a Javier Milei en Facebook"},"content":{"rendered":"\n<p>Daniel Vera, exprofesor de m\u00fasica de 64 a\u00f1os, fue allanado en Resistencia por la Polic\u00eda porte\u00f1a tras compartir cr\u00edticas a Javier Milei y Netanyahu; qued\u00f3 con arresto domiciliario tras intervenci\u00f3n del Comit\u00e9 de Tortura del Chaco. El operativo, ordenado por el Juzgado Criminal y Correccional Federal 4, incluy\u00f3 detenciones, incautaciones y condiciones carcelarias indignas; una causa que revela la fragilidad de la democracia ante el uso del delito y la coacci\u00f3n como herramienta pol\u00edtica.<\/p>\n\n\n\n<p>Daniel Vera, docente jubilado de m\u00fasica y empleado de OSPLAD, vivi\u00f3 el 2 de julio una jornada surrealista: mientras ve\u00eda televisi\u00f3n en su casa de Resistencia, irrumpieron cuatro agentes de la Polic\u00eda de la Ciudad y lo detuvieron tras un allanamiento a 1.000 km de distancia. Acusado de \u201camenazas\u201d contra Javier Milei y figuras p\u00fablicas afines, su detenci\u00f3n abre una brecha controversial entre libertad de expresi\u00f3n y creciente autoritarismo estatal.<\/p>\n\n\n\n<p>El drama comenz\u00f3 con una publicaci\u00f3n en Facebook, bajo el alias \u201cElpidio S\u00e1nchez\u201d, en la que Vera comparti\u00f3 un video y una serie de im\u00e1genes cr\u00edticas del presidente, del primer ministro israel\u00ed y de periodistas oficialistas, acompa\u00f1adas de frases como \u201ccomo a ratas hay que cazarlos y eliminarlos\u201d. Una ret\u00f3rica violenta, s\u00ed, pero en el marco de una denuncia por genocidio en Gaza. La mirada vertical del gobierno, sin embargo, no dud\u00f3 en presentar el caso ante el Juzgado Federal N\u00ba\u202f4, que acept\u00f3 acusar al jubilado de amenazas, apolog\u00eda de la violencia y delitos contra una minor\u00eda\u202f\u2014\u2009la incitaci\u00f3n al odio, tipificada en la Ley 23.592 y el art\u00edculo 149 bis del C\u00f3digo Penal.<\/p>\n\n\n\n<p>El operativo contra Vera se prolong\u00f3 durante horas. Los polic\u00edas porte\u00f1os, junto a la Caminera del Chaco, requisaron su vivienda y secuestraron computadoras, discos externos, pendrives, armas de aire comprimido y cuchillos, muchas veces sin orden judicial espec\u00edfica. Adem\u00e1s, revisaron todas las motos de su garaje aunque estaban en regla. Horas despu\u00e9s, lo esposaron y trasladaron a la Comisar\u00eda Tercera de Resistencia, donde pas\u00f3 48 horas en un sill\u00f3n, sin colch\u00f3n, sin abrigo, sin sus medicamentos para la presi\u00f3n y, sobre todo, sin explicaci\u00f3n del porqu\u00e9 de su arresto.<\/p>\n\n\n\n<p>Un accionar delirante e inhumano que contrast\u00f3 con la rapidez del juez Ariel Lijo: tras tomarse no m\u00e1s de unas pocas horas para la declaraci\u00f3n indagatoria, orden\u00f3 la prisi\u00f3n preventiva y el traslado de Vera a una dependencia de la Polic\u00eda Federal chaque\u00f1a. Fue reci\u00e9n la intervenci\u00f3n del Comit\u00e9 para la Prevenci\u00f3n de la Tortura del Chaco lo que permiti\u00f3 recuperar m\u00ednimas condiciones de detenci\u00f3n dignas y\u2014tras un nuevo h\u00e1beas corpus\u2014lograr el arresto domiciliario la semana del 11 de julio. Medidas adicionales impuestas por los camaristas (retenci\u00f3n del pasaporte, sistema de rastreo, prohibici\u00f3n de salir del pa\u00eds) parecen una overkill judicial para un caso donde lo simb\u00f3lico y verbal prima sobre el riesgo real.<\/p>\n\n\n\n<p>El caso Vera pone en evidencia el uso pol\u00edtico y coercitivo de las herramientas judiciales como respuesta para silenciar la disidencia. Un jubilado sin capacidad operativa \u2014sin log\u00edstica, sin preparaci\u00f3n, sin armas letales\u2014 es presentado como un \u201ctemible jubilado\u201d. \u00bfLa intenci\u00f3n? Construir un enemigo interno, infundir temor y limitar voces cr\u00edticas. Gremios docentes, organizaciones sociales y personalidades como Mariano Quir\u00f3s no tardaron en rechazar la criminalizaci\u00f3n y apoyar al docente, repudiando el uso abusivo del sistema penal.<\/p>\n\n\n\n<p>La cuesti\u00f3n no es menor: en una democracia, la cr\u00edtica ac\u00e9rrima al poder no puede confundirse con amenazas reales. El l\u00edmite est\u00e1 en la acci\u00f3n, no en la palabra. En este contexto, se impone preguntarse: \u00bfel Gobierno de Javier Milei se construye as\u00ed, se\u00f1alando y aislando a quienes expresan disenso? Estamos ante un paso autoritario disfrazado de legalidad judicial.<\/p>\n\n\n\n<p>Las condiciones de detenci\u00f3n en Resistencia, la tardanza en informar los cargos, la utilizaci\u00f3n de la ciberpatrulla porte\u00f1a, el gasto de recursos para capturar a un jubilado, y la prisa judicial para dictar prisi\u00f3n preventiva, configuran una triangulaci\u00f3n peligrosa: miedo, espect\u00e1culo y control. Una pinza perfecta para recordarnos que, sin libertad de expresi\u00f3n efectiva, hablar de derechos humanos es una simple utop\u00eda discursiva.<\/p>\n\n\n\n<p>Ahora, frente al arresto domiciliario, Vera sigue con restricciones dignas de un condenado por crimen organizado. Puede salir por urgencias o salud, mientras su hijo asume la rutina familiar. La siguiente batalla ser\u00e1 lograr su excarcelaci\u00f3n definitiva; mientras tanto, Eduardo Feinmann se constituy\u00f3 como querellante particular. La escalada no termina.<\/p>\n\n\n\n<p>Este caso no es una excepci\u00f3n, sino el s\u00edntoma de una nueva etapa pol\u00edtica donde la amenaza de denuncia, la presi\u00f3n judicial y la intervenci\u00f3n de las fuerzas de seguridad se combinan para acallar voces inc\u00f3modas. Como sociedad, debemos decidir si mejorar el sistema o permitir que esta pr\u00e1ctica de represi\u00f3n se naturalice bajo la bandera del \u201corden\u201d.<\/p>\n\n\n\n<p><strong>Fuentes:<\/strong><\/p>\n\n\n\n<ul class=\"wp-block-list\">\n<li><a href=\"https:\/\/www.pagina12.com.ar\/843227-la-historia-del-jubilado-chaqueno-detenido-y-allanado-por-am\">https:\/\/www.pagina12.com.ar\/843227-la-historia-del-jubilado-chaqueno-detenido-y-allanado-por-am<\/a><\/li>\n\n\n\n<li><a href=\"https:\/\/www.eldiariodelaregion.com.ar\/articulo\/presentaron-un-habeas-corpus-para-proteger-al-jubilado-detenido\/\">https:\/\/www.eldiariodelaregion.com.ar\/articulo\/presentaron-un-habeas-corpus-para-proteger-al-jubilado-detenido\/<\/a><\/li>\n\n\n\n<li><a href=\"https:\/\/chacodiapordia.com\/sin-un-colchon-ni-abogado-y-bajo-amenaza-de-trasladarlo-presentan-habeas-corpus-en-favor-del-jubilado-acusado-de-amenazar-a-milei\/\">https:\/\/chacodiapordia.com\/sin-un-colchon-ni-abogado-y-bajo-amenaza-de-trasladarlo-presentan-habeas-corpus-en-favor-del-jubilado-acusado-de-amenazar-a-milei\/<\/a><\/li>\n<\/ul>\n","protected":false},"excerpt":{"rendered":"<p>Daniel Vera, docente jubilado chaque\u00f1o, fue detenido por una publicaci\u00f3n en Facebook contra Javier Milei y Benjamin Netanyahu. Allanan su casa, lo alojan sin condiciones dignas y lo procesan por amenazas e incitaci\u00f3n, antes de otorgarle arresto domiciliario tras la intervenci\u00f3n del Comit\u00e9 de Tortura del Chaco.<\/p>\n","protected":false},"author":9,"featured_media":6469,"comment_status":"open","ping_status":"open","sticky":false,"template":"","format":"standard","meta":{"_monsterinsights_skip_tracking":false,"_monsterinsights_sitenote_active":false,"_monsterinsights_sitenote_note":"","_monsterinsights_sitenote_category":0,"footnotes":"","jetpack_publicize_message":"","jetpack_publicize_feature_enabled":true,"jetpack_social_post_already_shared":true,"jetpack_social_options":{"image_generator_settings":{"template":"highway","default_image_id":0,"font":"","enabled":false},"version":2}},"categories":[2],"tags":[817,2049,804,1361,1853,70,505,45,137,2048],"class_list":["post-6467","post","type-post","status-publish","format-standard","has-post-thumbnail","hentry","category-politica","tag-amenazas","tag-arresto","tag-autoritarismo","tag-chaco","tag-expresion","tag-justicia","tag-libertad","tag-milei","tag-resistencia","tag-vera"],"jetpack_publicize_connections":[],"_links":{"self":[{"href":"https:\/\/www.enorsai.com\/noticias\/wp-json\/wp\/v2\/posts\/6467","targetHints":{"allow":["GET"]}}],"collection":[{"href":"https:\/\/www.enorsai.com\/noticias\/wp-json\/wp\/v2\/posts"}],"about":[{"href":"https:\/\/www.enorsai.com\/noticias\/wp-json\/wp\/v2\/types\/post"}],"author":[{"embeddable":true,"href":"https:\/\/www.enorsai.com\/noticias\/wp-json\/wp\/v2\/users\/9"}],"replies":[{"embeddable":true,"href":"https:\/\/www.enorsai.com\/noticias\/wp-json\/wp\/v2\/comments?post=6467"}],"version-history":[{"count":1,"href":"https:\/\/www.enorsai.com\/noticias\/wp-json\/wp\/v2\/posts\/6467\/revisions"}],"predecessor-version":[{"id":6470,"href":"https:\/\/www.enorsai.com\/noticias\/wp-json\/wp\/v2\/posts\/6467\/revisions\/6470"}],"wp:featuredmedia":[{"embeddable":true,"href":"https:\/\/www.enorsai.com\/noticias\/wp-json\/wp\/v2\/media\/6469"}],"wp:attachment":[{"href":"https:\/\/www.enorsai.com\/noticias\/wp-json\/wp\/v2\/media?parent=6467"}],"wp:term":[{"taxonomy":"category","embeddable":true,"href":"https:\/\/www.enorsai.com\/noticias\/wp-json\/wp\/v2\/categories?post=6467"},{"taxonomy":"post_tag","embeddable":true,"href":"https:\/\/www.enorsai.com\/noticias\/wp-json\/wp\/v2\/tags?post=6467"}],"curies":[{"name":"wp","href":"https:\/\/api.w.org\/{rel}","templated":true}]}}