{"id":6452,"date":"2025-07-19T23:23:10","date_gmt":"2025-07-20T02:23:10","guid":{"rendered":"https:\/\/www.enorsai.com\/noticias\/?p=6452"},"modified":"2025-07-20T05:28:25","modified_gmt":"2025-07-20T08:28:25","slug":"piel-de-encaje-tangos-drag-y-memoria-en-una-poetica-transformacion","status":"publish","type":"post","link":"https:\/\/www.enorsai.com\/noticias\/politica\/piel-de-encaje-tangos-drag-y-memoria-en-una-poetica-transformacion\/","title":{"rendered":"\u201cPiel de Encaje\u201d: tangos, drag y memoria en una po\u00e9tica transformaci\u00f3n"},"content":{"rendered":"\n<p>Despu\u00e9s de una intensa temporada en Mar del Plata, \u201cPiel de Encaje\u201d, el musical drag de tangos escrito y dirigido por Fernando Alegre, llega a la Ciudad de Buenos Aires para sacudir emociones, romper moldes y tender puentes entre la memoria, la identidad y el deseo.<\/p>\n\n\n\n<figure class=\"wp-block-image size-large\"><img loading=\"lazy\" decoding=\"async\" width=\"683\" height=\"1024\" src=\"https:\/\/www.enorsai.com\/noticias\/wp-content\/uploads\/2025\/07\/1000855127-683x1024.jpg\" alt=\"\" class=\"wp-image-6453\" srcset=\"https:\/\/www.enorsai.com\/noticias\/wp-content\/uploads\/2025\/07\/1000855127-683x1024.jpg 683w, https:\/\/www.enorsai.com\/noticias\/wp-content\/uploads\/2025\/07\/1000855127-200x300.jpg 200w, https:\/\/www.enorsai.com\/noticias\/wp-content\/uploads\/2025\/07\/1000855127-768x1152.jpg 768w, https:\/\/www.enorsai.com\/noticias\/wp-content\/uploads\/2025\/07\/1000855127.jpg 960w\" sizes=\"auto, (max-width: 683px) 100vw, 683px\" \/><\/figure>\n\n\n\n<p>Protagonizado por Eduardo \u201cPacha\u201d Paglieri, quien sorprendi\u00f3 al p\u00fablico como el boxeador en \u201cPiaf\u201d, esta vez encarna a una criatura esc\u00e9nica sin g\u00e9nero ni edad, un ser atravesado por recuerdos que se hilvanan con tangos, poes\u00eda y silencios. El personaje revive escenas \u00edntimas, marcas del pasado, dolores y redenciones, en una puesta que combina la potencia del drama con la ternura de lo sensorial.<\/p>\n\n\n\n<figure class=\"wp-block-image size-large\"><img loading=\"lazy\" decoding=\"async\" width=\"683\" height=\"1024\" src=\"https:\/\/www.enorsai.com\/noticias\/wp-content\/uploads\/2025\/07\/1000855121-683x1024.jpg\" alt=\"\" class=\"wp-image-6454\" srcset=\"https:\/\/www.enorsai.com\/noticias\/wp-content\/uploads\/2025\/07\/1000855121-683x1024.jpg 683w, https:\/\/www.enorsai.com\/noticias\/wp-content\/uploads\/2025\/07\/1000855121-200x300.jpg 200w, https:\/\/www.enorsai.com\/noticias\/wp-content\/uploads\/2025\/07\/1000855121-768x1152.jpg 768w, https:\/\/www.enorsai.com\/noticias\/wp-content\/uploads\/2025\/07\/1000855121-1024x1536.jpg 1024w, https:\/\/www.enorsai.com\/noticias\/wp-content\/uploads\/2025\/07\/1000855121-1365x2048.jpg 1365w, https:\/\/www.enorsai.com\/noticias\/wp-content\/uploads\/2025\/07\/1000855121-scaled.jpg 1707w\" sizes=\"auto, (max-width: 683px) 100vw, 683px\" \/><\/figure>\n\n\n\n<p>A trav\u00e9s de seis tangos interpretados en vivo con m\u00fasica original y arreglos de Carlos Ledrag, la obra se convierte en un unipersonal profundamente emocional que interpela c\u00f3mo nos vinculamos, c\u00f3mo amamos y c\u00f3mo las normativas sociales modelan nuestras formas de ser. La est\u00e9tica drag, lejos de lo caricaturesco, funciona aqu\u00ed como veh\u00edculo de resistencia, ternura y belleza.<\/p>\n\n\n\n<figure class=\"wp-block-image size-large\"><img loading=\"lazy\" decoding=\"async\" width=\"1024\" height=\"683\" src=\"https:\/\/www.enorsai.com\/noticias\/wp-content\/uploads\/2025\/07\/1000855124-1024x683.jpg\" alt=\"\" class=\"wp-image-6455\" srcset=\"https:\/\/www.enorsai.com\/noticias\/wp-content\/uploads\/2025\/07\/1000855124-1024x683.jpg 1024w, https:\/\/www.enorsai.com\/noticias\/wp-content\/uploads\/2025\/07\/1000855124-300x200.jpg 300w, https:\/\/www.enorsai.com\/noticias\/wp-content\/uploads\/2025\/07\/1000855124-768x512.jpg 768w, https:\/\/www.enorsai.com\/noticias\/wp-content\/uploads\/2025\/07\/1000855124-1536x1024.jpg 1536w, https:\/\/www.enorsai.com\/noticias\/wp-content\/uploads\/2025\/07\/1000855124-2048x1365.jpg 2048w\" sizes=\"auto, (max-width: 1024px) 100vw, 1024px\" \/><\/figure>\n\n\n\n<p>Con una cuidada iluminaci\u00f3n, vestuario artesanal y un maquillaje que subraya cada gesto, la puesta crea una atm\u00f3sfera \u00edntima, evocadora, donde cada detalle suma al relato.<\/p>\n\n\n\n<figure class=\"wp-block-image size-large\"><img loading=\"lazy\" decoding=\"async\" width=\"683\" height=\"1024\" src=\"https:\/\/www.enorsai.com\/noticias\/wp-content\/uploads\/2025\/07\/1000855126-683x1024.jpg\" alt=\"\" class=\"wp-image-6456\" srcset=\"https:\/\/www.enorsai.com\/noticias\/wp-content\/uploads\/2025\/07\/1000855126-683x1024.jpg 683w, https:\/\/www.enorsai.com\/noticias\/wp-content\/uploads\/2025\/07\/1000855126-200x300.jpg 200w, https:\/\/www.enorsai.com\/noticias\/wp-content\/uploads\/2025\/07\/1000855126-768x1152.jpg 768w, https:\/\/www.enorsai.com\/noticias\/wp-content\/uploads\/2025\/07\/1000855126-1024x1536.jpg 1024w, https:\/\/www.enorsai.com\/noticias\/wp-content\/uploads\/2025\/07\/1000855126-1365x2048.jpg 1365w, https:\/\/www.enorsai.com\/noticias\/wp-content\/uploads\/2025\/07\/1000855126-scaled.jpg 1707w\" sizes=\"auto, (max-width: 683px) 100vw, 683px\" \/><\/figure>\n\n\n\n<p>Fernando Alegre, director con amplia trayectoria en el cruce de lenguajes esc\u00e9nicos y visuales, logra una pieza sensible y pol\u00edtica, que se inscribe en su compromiso con las tem\u00e1ticas LGTBIQ+, reconocidas en festivales nacionales e internacionales. \u201cPiel de Encaje\u201d es, tambi\u00e9n, una apuesta colectiva apoyada por organizaciones como Federaci\u00f3n Argentina LGBT+, Folclore por todes y SIGLA Argentina, que refuerzan el car\u00e1cter militante y po\u00e9tico de la obra.<\/p>\n\n\n\n<figure class=\"wp-block-image size-large\"><img loading=\"lazy\" decoding=\"async\" width=\"768\" height=\"1024\" src=\"https:\/\/www.enorsai.com\/noticias\/wp-content\/uploads\/2025\/07\/1000855142-768x1024.jpg\" alt=\"\" class=\"wp-image-6457\" srcset=\"https:\/\/www.enorsai.com\/noticias\/wp-content\/uploads\/2025\/07\/1000855142-768x1024.jpg 768w, https:\/\/www.enorsai.com\/noticias\/wp-content\/uploads\/2025\/07\/1000855142-225x300.jpg 225w, https:\/\/www.enorsai.com\/noticias\/wp-content\/uploads\/2025\/07\/1000855142-1152x1536.jpg 1152w, https:\/\/www.enorsai.com\/noticias\/wp-content\/uploads\/2025\/07\/1000855142.jpg 1200w\" sizes=\"auto, (max-width: 768px) 100vw, 768px\" \/><\/figure>\n\n\n\n<p><strong>FICHA T\u00c9CNICA<\/strong><\/p>\n\n\n\n<p>Duraci\u00f3n: 60 minutos.<\/p>\n\n\n\n<p>G\u00e9nero: Teatro Musical \u2013 Drama.6 tangos interpretados en vivo.<\/p>\n\n\n\n<p>Autor: Fernando Alegre @orfeoalegre<\/p>\n\n\n\n<p>Int\u00e9rprete: Eduardo \u201cPacha\u201d Paglieri @eduardopaglieri.actor<\/p>\n\n\n\n<p>M\u00fasica original y arreglos: Carlos Ledrag @carlosledrag<\/p>\n\n\n\n<p>Dise\u00f1o de iluminaci\u00f3n: Fernando Alegre<\/p>\n\n\n\n<p>Vestuario: Jhonatan Oviedo, Titi Su\u00e1rez, Roc\u00edo Florella@jonioviedo5 @titi.actriz.costura @rocoflorella<\/p>\n\n\n\n<p>Maquillaje: Gema @gemacreel<\/p>\n\n\n\n<p>Fotograf\u00eda: Alejandro Palacios @alepalaciosfotos<\/p>\n\n\n\n<p>Video: Mat\u00edas Erazo &#8211; Spaguethi <\/p>\n\n\n\n<p>Films @micropio.mov<\/p>\n\n\n\n<p>Direcci\u00f3n: Fernando Alegre<\/p>\n\n\n\n<p>Producci\u00f3n ejecutiva: Cristina Sisca @sisca.cristina<\/p>\n\n\n\n<p>Producci\u00f3n general: Alegre, Paglieri.<\/p>\n\n\n\n<p>\ud83d\udccdFunciones: s\u00e1bados a las 21 h en La Gloria Teatral (Yatay 890, CABA)<\/p>\n\n\n\n<p>\ud83c\udf9f\ufe0f Entradas a trav\u00e9s de Alternativa Teatral<\/p>\n\n\n\n<p>\ud83d\udcde Prensa: Gemina Perrino| +54 9 11 3411 9593 | gp.prensa.activa@gmail.com<\/p>\n\n\n\n<p><\/p>\n\n\n\n<p><\/p>\n","protected":false},"excerpt":{"rendered":"<p>Despu\u00e9s de una intensa temporada en Mar del Plata, \u201cPiel de Encaje\u201d, el musical drag de tangos escrito y dirigido por Fernando Alegre, llega a la Ciudad de Buenos Aires para sacudir emociones, romper moldes y tender puentes entre la memoria, la identidad y el deseo. Protagonizado por Eduardo \u201cPacha\u201d Paglieri, quien sorprendi\u00f3 al p\u00fablico&#8230;<\/p>\n","protected":false},"author":15,"featured_media":6460,"comment_status":"open","ping_status":"open","sticky":false,"template":"","format":"standard","meta":{"_monsterinsights_skip_tracking":false,"_monsterinsights_sitenote_active":false,"_monsterinsights_sitenote_note":"","_monsterinsights_sitenote_category":0,"footnotes":"","jetpack_publicize_message":"","jetpack_publicize_feature_enabled":true,"jetpack_social_post_already_shared":true,"jetpack_social_options":{"image_generator_settings":{"template":"highway","default_image_id":0,"font":"","enabled":false},"version":2}},"categories":[5,2,1585],"tags":[1519,2043,664,2046,97,2047,72,137,2044,907,2045],"class_list":["post-6452","post","type-post","status-publish","format-standard","has-post-thumbnail","hentry","category-cultura","category-politica","category-cultura-teatro","tag-cultura-popular","tag-drag","tag-identidad","tag-lgtbiq","tag-memoria","tag-poesia","tag-politica","tag-resistencia","tag-tango","tag-teatro","tag-unipersonal"],"jetpack_publicize_connections":[],"_links":{"self":[{"href":"https:\/\/www.enorsai.com\/noticias\/wp-json\/wp\/v2\/posts\/6452","targetHints":{"allow":["GET"]}}],"collection":[{"href":"https:\/\/www.enorsai.com\/noticias\/wp-json\/wp\/v2\/posts"}],"about":[{"href":"https:\/\/www.enorsai.com\/noticias\/wp-json\/wp\/v2\/types\/post"}],"author":[{"embeddable":true,"href":"https:\/\/www.enorsai.com\/noticias\/wp-json\/wp\/v2\/users\/15"}],"replies":[{"embeddable":true,"href":"https:\/\/www.enorsai.com\/noticias\/wp-json\/wp\/v2\/comments?post=6452"}],"version-history":[{"count":1,"href":"https:\/\/www.enorsai.com\/noticias\/wp-json\/wp\/v2\/posts\/6452\/revisions"}],"predecessor-version":[{"id":6458,"href":"https:\/\/www.enorsai.com\/noticias\/wp-json\/wp\/v2\/posts\/6452\/revisions\/6458"}],"wp:featuredmedia":[{"embeddable":true,"href":"https:\/\/www.enorsai.com\/noticias\/wp-json\/wp\/v2\/media\/6460"}],"wp:attachment":[{"href":"https:\/\/www.enorsai.com\/noticias\/wp-json\/wp\/v2\/media?parent=6452"}],"wp:term":[{"taxonomy":"category","embeddable":true,"href":"https:\/\/www.enorsai.com\/noticias\/wp-json\/wp\/v2\/categories?post=6452"},{"taxonomy":"post_tag","embeddable":true,"href":"https:\/\/www.enorsai.com\/noticias\/wp-json\/wp\/v2\/tags?post=6452"}],"curies":[{"name":"wp","href":"https:\/\/api.w.org\/{rel}","templated":true}]}}