{"id":6438,"date":"2025-07-19T14:28:56","date_gmt":"2025-07-19T17:28:56","guid":{"rendered":"https:\/\/www.enorsai.com\/noticias\/?p=6438"},"modified":"2025-07-19T14:28:56","modified_gmt":"2025-07-19T17:28:56","slug":"mariano-fazio-el-argentino-numero-dos-del-opus-dei-imputado-por-reducir-a-43-mujeres-a-la-servidumbre-durante-decadas","status":"publish","type":"post","link":"https:\/\/www.enorsai.com\/noticias\/politica\/mariano-fazio-el-argentino-numero-dos-del-opus-dei-imputado-por-reducir-a-43-mujeres-a-la-servidumbre-durante-decadas\/","title":{"rendered":"Mariano Fazio, el argentino n\u00famero dos del Opus Dei, imputado por reducir a 43 mujeres a la servidumbre durante d\u00e9cadas"},"content":{"rendered":"\n<p>El vicario auxiliar del Opus Dei en Roma suma acusaciones por reducci\u00f3n a la servidumbre de menores vulnerables. \u00bfFue enviado a frenar a Francisco\u2026 o a encubrir abusos? La Justicia argentina imput\u00f3 a Mariano Fazio por liderar una red de mujeres menores de edad reducidas a servidumbre durante d\u00e9cadas. Su ascenso en el Opus Dei y su traslado a Roma en 2014 \u2014justo cuando Francisco se perfilaba como reformista\u2014 ahora luce bajo sospecha. Este art\u00edculo, basado en las investigaciones judiciales y testimonios recogidos, analiza c\u00f3mo una instituci\u00f3n religiosa de peso podr\u00eda haber agotado sus maniobras internas antes de enfrentarse a la transparencia p\u00fablica.<\/p>\n\n\n\n<p>Desde su arribo como vicario auxiliar en Roma, Mariano Fazio fue visto como el brazo derecho del prelado central del Opus Dei, Fernando Oc\u00e1riz, y el techo inmediato del poder jer\u00e1rquico de la congregaci\u00f3n. Sin embargo, la resoluci\u00f3n judicial del 11 de junio de 2025 revel\u00f3 un ecosistema oscuro: 43 mujeres, captadas en su adolescencia bajo la promesa de un \u201chogar educativo\u201d, fueron sometidas a trabajos dom\u00e9sticos sin remuneraci\u00f3n, adoctrinamiento coercitivo y aislamiento emocional. \u00bfQu\u00e9 fue primero: el plan eclesi\u00e1stico para \u201ccontrolar a Francisco\u201d o el encubrimiento sistem\u00e1tico de la esclavitud interna?<\/p>\n\n\n\n<p>La causa, iniciada por la Procuradur\u00eda contra la Trata en 2022, combin\u00f3 denuncias de manipulaci\u00f3n y amenazas \u2013\u201cir de la Obra era como salir\u2026 una muerte s\u00fabita\u201d\u2013 con un r\u00e9gimen de tareas impuestas por varones de la prelatura. Trabajan los fiscales Eduardo Taiano, Mar\u00eda Alejandra M\u00e1ngano y Marcelo Colombo en arrojar luz sobre pr\u00e1cticas enquistadas que no son anecd\u00f3ticas: ocurr\u00edan en Argentina y en otros pa\u00edses con v\u00edctimas reducidas a empleadas dom\u00e9sticas de por vida.<\/p>\n\n\n\n<p>Durante los primeros pasos de la investigaci\u00f3n, Fazio estaba relegado, pero en abril de este a\u00f1o el testimonio clave \u2014a trav\u00e9s de c\u00e1mara Gesell\u2014 dej\u00f3 en claro que no se trataba solo de una red local. Una de las v\u00edctimas afirm\u00f3 haber servido \u201cdirectamente a Fazio\u201d, lo que dispar\u00f3 su imputaci\u00f3n. Hasta entonces, su traslado a Roma en 2014 fue interpretado como una jugada interna: Echevarr\u00eda, entonces prelado, lo llev\u00f3 a la capital para blindarse ante la llegada de Francisco, cuyo perfil reformista incomodaba seriamente a las alas m\u00e1s conservadoras del Opus Dei.<\/p>\n\n\n\n<p>\u00bfPor qu\u00e9 esa maniobra? El papado de Francisco recortaba atribuciones, reconfiguraba estatutos y debilitaba el poder fuerte que hab\u00edan obtenido bajo Juan Pablo II. Pero si bien la estrategia pudo haber sido pol\u00edtica, sobrevuela la posibilidad de que Fazio operara como pieza indispensable en una maquinaria que buscaba mantener ocultas pr\u00e1cticas abusivas. Sustituirlo del epicentro porte\u00f1o lo exonera\u2026 p\u00fablicamente, pero tambi\u00e9n lo a\u00edsla del escrutinio inmediato. Y hoy, parad\u00f3jicamente, desde Roma se convierte en una figura a\u00fan m\u00e1s resistente al juicio transparente.<\/p>\n\n\n\n<p>No se trata de un hecho aislado: los otros exvicarios regionales, de distintos per\u00edodos, ya estaban imputados. Ellos compart\u00edan la misma estructura que ahora exhibe fallas estructurales. En ese contexto, suena m\u00e1s que alarmante el silencio institucional y el recurso al traslado geogr\u00e1fico como escudo de impunidad.<\/p>\n\n\n\n<p>La causa es un espejo en el que se refleja la tensi\u00f3n de la Iglesia con Francisco: entre apertura y control, entre cara p\u00fablica de reforma y cara oculta de rigidez doctrinal y encubrimiento. La imputaci\u00f3n formal no solo pone a Fazio en el banquillo penal, sino que destapa la grieta entre su discurso moral y las pr\u00e1cticas encuadradas en un delito que la sociedad no est\u00e1 dispuesta a tolerar: la trata de menores por servidumbre.<\/p>\n\n\n\n<p>El Opus Dei, que niega categ\u00f3ricamente las acusaciones y minimiza las demandas como \u201creclamos por aportes laborales\u201d, se enfrenta ahora a una crisis insoslayable. Su reacci\u00f3n no pudo ser m\u00e1s reveladora: una defensa que se ampara en la presunci\u00f3n de inocencia y en la acusaci\u00f3n de intenciones monetarias. Pero frente al testimonio desgarrador de j\u00f3venes que pensaron en terminar con su vida, esas explicaciones quedan rasgadas por la exposici\u00f3n de una realidad que no admite parches ret\u00f3ricos.<\/p>\n\n\n\n<p>Si la expectativa era ocultarlo \u201ca cargo de la reforma\u201d por fuera del foco vaticano, hoy Fazio se hunde en la contradicci\u00f3n de ser figura de obediencia institucional y a la vez s\u00edmbolo de una estructura criminal. El traslado a Roma no alcanz\u00f3 para tapar grietas que ahora emergen en toda su dimensi\u00f3n: la manipulaci\u00f3n, el adoctrinamiento, la extorsi\u00f3n emocional y la reducci\u00f3n de libertad.<\/p>\n\n\n\n<p>El caso expone una pregunta urgente: \u00bfc\u00f3mo siguen operando las redes internas del Opus Dei cuando est\u00e1n bajo el radar del Vaticano y de la Justicia? La imputaci\u00f3n de Fazio es apenas la punta de un iceberg que evidencia que la cautela no es suficiente; lo que hace falta es transparencia, rendici\u00f3n de cuentas y un cambio profundo m\u00e1s all\u00e1 del maquillaje reformista. Porque mientras sus apellidos, t\u00edtulos y cargos sean blindajes, las v\u00edctimas seguir\u00e1n siendo invisibles.<\/p>\n\n\n\n<p>Fuentes:<\/p>\n\n\n\n<ul class=\"wp-block-list\">\n<li><a href=\"https:\/\/www.tiempoar.com.ar\/ta_article\/el-argentino-mariano-fazio-segundo-del-opus-dei-habia-sido-enviado-a-roma-para-controlar-a-francisco\/\">https:\/\/www.tiempoar.com.ar\/ta_article\/el-argentino-mariano-fazio-segundo-del-opus-dei-habia-sido-enviado-a-roma-para-controlar-a-francisco\/<\/a><\/li>\n\n\n\n<li><a href=\"https:\/\/efeminista.com\/fazio-opus-dei-trata-mujeres\/\">https:\/\/efeminista.com\/fazio-opus-dei-trata-mujeres\/<\/a><\/li>\n\n\n\n<li><a href=\"https:\/\/elpais.com\/argentina\/2025-07-03\/la-justicia-argentina-acusa-al-vicario-auxiliar-del-opus-dei-de-trata-de-personas-y-reduccion-a-la-servidumbre.html\">https:\/\/elpais.com\/argentina\/2025-07-03\/la-justicia-argentina-acusa-al-vicario-auxiliar-del-opus-dei-de-trata-de-personas-y-reduccion-a-la-servidumbre.html<\/a><\/li>\n<\/ul>\n","protected":false},"excerpt":{"rendered":"<p>La Justicia imput\u00f3 a Mariano Fazio, vicario auxiliar del Opus Dei, por tratar de personas y reducci\u00f3n a la servidumbre. 43 j\u00f3venes fueron captadas en su adolescencia, sometidas a trabajo no remunerado y adoctrinamiento psicol\u00f3gico. Su traslado a Roma sugiere maniobras de ocultamiento institucional m\u00e1s que de reforma real.<\/p>\n","protected":false},"author":13,"featured_media":6439,"comment_status":"open","ping_status":"open","sticky":false,"template":"","format":"standard","meta":{"_monsterinsights_skip_tracking":false,"_monsterinsights_sitenote_active":false,"_monsterinsights_sitenote_note":"","_monsterinsights_sitenote_category":0,"footnotes":"","jetpack_publicize_message":"","jetpack_publicize_feature_enabled":true,"jetpack_social_post_already_shared":true,"jetpack_social_options":{"image_generator_settings":{"template":"highway","default_image_id":0,"font":"","enabled":false},"version":2}},"categories":[2],"tags":[836,75,2037,1330,70,2039,2038,2036,1329,993],"class_list":["post-6438","post","type-post","status-publish","format-standard","has-post-thumbnail","hentry","category-politica","tag-abuso","tag-corrupcion","tag-fazio","tag-francisco","tag-justicia","tag-opusdei","tag-servidumbre","tag-trata","tag-vaticano","tag-victimas"],"jetpack_publicize_connections":[],"_links":{"self":[{"href":"https:\/\/www.enorsai.com\/noticias\/wp-json\/wp\/v2\/posts\/6438","targetHints":{"allow":["GET"]}}],"collection":[{"href":"https:\/\/www.enorsai.com\/noticias\/wp-json\/wp\/v2\/posts"}],"about":[{"href":"https:\/\/www.enorsai.com\/noticias\/wp-json\/wp\/v2\/types\/post"}],"author":[{"embeddable":true,"href":"https:\/\/www.enorsai.com\/noticias\/wp-json\/wp\/v2\/users\/13"}],"replies":[{"embeddable":true,"href":"https:\/\/www.enorsai.com\/noticias\/wp-json\/wp\/v2\/comments?post=6438"}],"version-history":[{"count":1,"href":"https:\/\/www.enorsai.com\/noticias\/wp-json\/wp\/v2\/posts\/6438\/revisions"}],"predecessor-version":[{"id":6440,"href":"https:\/\/www.enorsai.com\/noticias\/wp-json\/wp\/v2\/posts\/6438\/revisions\/6440"}],"wp:featuredmedia":[{"embeddable":true,"href":"https:\/\/www.enorsai.com\/noticias\/wp-json\/wp\/v2\/media\/6439"}],"wp:attachment":[{"href":"https:\/\/www.enorsai.com\/noticias\/wp-json\/wp\/v2\/media?parent=6438"}],"wp:term":[{"taxonomy":"category","embeddable":true,"href":"https:\/\/www.enorsai.com\/noticias\/wp-json\/wp\/v2\/categories?post=6438"},{"taxonomy":"post_tag","embeddable":true,"href":"https:\/\/www.enorsai.com\/noticias\/wp-json\/wp\/v2\/tags?post=6438"}],"curies":[{"name":"wp","href":"https:\/\/api.w.org\/{rel}","templated":true}]}}