{"id":6430,"date":"2025-07-19T10:28:56","date_gmt":"2025-07-19T13:28:56","guid":{"rendered":"https:\/\/www.enorsai.com\/noticias\/?p=6430"},"modified":"2025-07-19T10:29:24","modified_gmt":"2025-07-19T13:29:24","slug":"escandalo-el-negocio-de-las-listas-en-la-libertad-avanza-y-la-obscena-venta-de-candidaturas-en-buenos-aires","status":"publish","type":"post","link":"https:\/\/www.enorsai.com\/noticias\/politica\/escandalo-el-negocio-de-las-listas-en-la-libertad-avanza-y-la-obscena-venta-de-candidaturas-en-buenos-aires\/","title":{"rendered":"\u00a1Esc\u00e1ndalo! El negocio de las listas en La Libertad Avanza y la obscena venta de candidaturas en Buenos Aires"},"content":{"rendered":"\n<p><strong><em>Una nueva denuncia sacude al oficialismo libertario: dirigentes de La Libertad Avanza acusan a la c\u00fapula bonaerense de comercializar cargos pol\u00edticos con otros sectores pol\u00edticos, revelando audios comprometedores y pr\u00e1cticas de una obscenidad institucional sin precedentes.<\/em><\/strong><\/p>\n\n\n\n<p>Mientras el presidente Javier Milei se jacta de combatir la casta y promete una regeneraci\u00f3n moral del sistema pol\u00edtico, en la trastienda de su armado partidario se exhibe una podredumbre que nada tiene que envidiarle a los vicios que dec\u00eda venir a destruir. Audios, documentos y testimonios comprometen a dos de sus principales operadores en la provincia de Buenos Aires, acusados de vender candidaturas a exdirigentes a cambio de d\u00f3lares. La l\u00f3gica de mercado aplicada a la pol\u00edtica, sin principios, sin convicciones, sin verg\u00fcenza.<\/p>\n\n\n\n<p>El discurso libertario que promet\u00eda dinamitar la casta se desmorona con cada revelaci\u00f3n, como si las m\u00e1scaras fueran cayendo a medida que se acercan las urnas. Lo que sucede en la provincia de Buenos Aires, epicentro electoral y pol\u00edtico del pa\u00eds, es una radiograf\u00eda perfecta del cinismo libertario: dirigentes de La Libertad Avanza denunciaron ante la Justicia a sus propios referentes por vender candidaturas al mejor postor. \u00bfEl precio de un cargo p\u00fablico? D\u00f3lares. \u00bfLos compradores? Pol\u00edticos \u00bfEl resultado? Un esc\u00e1ndalo que desnuda la hipocres\u00eda estructural del partido de gobierno.<\/p>\n\n\n\n<p>La denuncia fue radicada en sede judicial por Cristian Le\u00f3n, excandidato a intendente de Mar Chiquita, y la concejal Patricia Heltner, ambos parte de La Libertad Avanza hasta que decidieron exponer lo que definen como una \u201cmaniobra sistem\u00e1tica\u201d de cooptaci\u00f3n de las listas por parte de quienes controlan el armado provincial: Sebasti\u00e1n Pareja, hombre de confianza de Milei, y Alejandro Carrancio, diputado provincial y operador clave en la Quinta Secci\u00f3n Electoral.<\/p>\n\n\n\n<p>Los denunciantes afirman tener en su poder documentos, testimonios y audios que probar\u00edan una pr\u00e1ctica ilegal y, a\u00fan m\u00e1s grave, inmoral. En uno de los registros sonoros m\u00e1s comprometedores, el propio Carrancio reconoce la venta de candidaturas a cambio de d\u00f3lares y menciona sin tapujos el uso de fondos p\u00fablicos para financiar campa\u00f1as. \u00bfQu\u00e9 fue de aquella pr\u00e9dica austera que promet\u00eda cortar con la pol\u00edtica de privilegios? \u00bfD\u00f3nde quedaron las promesas de transparencia y meritocracia? La evidencia parece indicar que, en los pasillos libertarios, la billetera pesa m\u00e1s que las ideas.<\/p>\n\n\n\n<p>Cristian Le\u00f3n no titube\u00f3 en se\u00f1alar que la maniobra tiene un objetivo claro: correr a los referentes liberales aut\u00e9nticos para dejar lugar a exdirigentes, con el fin de conservar poder territorial dentro de los concejos deliberantes. Es decir, sostener estructuras de control local, sin importar el color ideol\u00f3gico de los ocupantes, mientras haya dinero de por medio. Esta estrategia, que en cualquier democracia ser\u00eda considerada escandalosa, aqu\u00ed se normaliza como parte del negocio pol\u00edtico bajo el disfraz de libertad.<\/p>\n\n\n\n<p>La gravedad del caso no termina en los audios. Seg\u00fan trascendi\u00f3, otros concejales y militantes de La Libertad Avanza en la provincia ya se est\u00e1n contactando con Le\u00f3n y Heltner para sumarse a la denuncia. La trama se expande, y con ella se profundiza la crisis interna de un espacio que lleg\u00f3 al poder prometiendo pureza ideol\u00f3gica, pero que demuestra, d\u00eda tras d\u00eda, que en su l\u00f3gica de mercado tambi\u00e9n los principios est\u00e1n en oferta.<\/p>\n\n\n\n<p>Este episodio, por s\u00ed solo, bastar\u00eda para encender todas las alarmas institucionales, pero en el contexto del gobierno de Javier Milei, adquiere un significado a\u00fan m\u00e1s preocupante. El presidente construy\u00f3 su capital pol\u00edtico a base de una narrativa que demonizaba a la pol\u00edtica tradicional por corrupta, prebendaria y clientelar. Hoy, esa misma l\u00f3gica es replicada por sus operadores, s\u00f3lo que con una est\u00e9tica m\u00e1s \u201ccool\u201d y un discurso vac\u00edo de contenido. Nada nuevo bajo el sol, salvo que ahora la corrupci\u00f3n se envuelve en papel libertario y se vende con slogan de TikTok.<\/p>\n\n\n\n<p>La venta de cargos, lejos de ser una novedad en la pol\u00edtica argentina, alcanza con La Libertad Avanza una dimensi\u00f3n particularmente insultante. Porque no estamos hablando de un partido tradicional que admite su propia decadencia. Estamos hablando del espacio que lleg\u00f3 al poder prometiendo erradicar esas pr\u00e1cticas. El nivel de cinismo no s\u00f3lo es desconcertante: es corrosivo para cualquier posibilidad de regeneraci\u00f3n democr\u00e1tica. Si los que ven\u00edan a limpiar el sistema resultan ser peores que los que estaban, \u00bfqu\u00e9 nos queda?<\/p>\n\n\n\n<p>Adem\u00e1s, el hecho de que se trate de exdirigentes quienes habr\u00edan comprado su lugar en las listas a\u00f1ade una capa de perversidad pol\u00edtica que revela lo poco que importa la coherencia en este armado. Lo que interesa es ganar, llenar espacios, controlar territorios. Y si para eso hay que pactar con el diablo, se pacta. No por convicci\u00f3n, sino por precio. As\u00ed funciona el nuevo orden libertario: sin ideolog\u00eda, sin lealtades, sin escr\u00fapulos.<\/p>\n\n\n\n<p>El silencio de Javier Milei ante esta denuncia es tan ensordecedor como revelador. El presidente, que suele lanzar improperios a diestra y siniestra ante cualquier cr\u00edtica, guarda ahora un silencio estrat\u00e9gico que no hace m\u00e1s que confirmar la veracidad del esc\u00e1ndalo. Porque si la acusaci\u00f3n fuera falsa, \u00bfno ser\u00eda el primero en salir a desmentirla con su habitual virulencia tuitera? Su mutismo solo puede leerse como complicidad o, peor a\u00fan, como aceptaci\u00f3n.<\/p>\n\n\n\n<p>Resulta imprescindible que la Justicia avance con rapidez y firmeza en la investigaci\u00f3n. No se trata de una interna partidaria m\u00e1s. Estamos ante una posible red de corrupci\u00f3n pol\u00edtica dentro del partido gobernante, con operadores que manejan fondos, influencias y cargos como si se tratara de mercader\u00eda de supermercado. La democracia argentina no puede darse el lujo de mirar para otro lado. La gravedad del caso requiere respuestas institucionales, y tambi\u00e9n una reacci\u00f3n ciudadana que no tolere la impunidad disfrazada de renovaci\u00f3n.<\/p>\n\n\n\n<p>Mientras tanto, la imagen de La Libertad Avanza se resquebraja. Lo que alguna vez fue presentado como un movimiento regenerador, hoy aparece como una empresa electoral al servicio del oportunismo m\u00e1s burdo. La moral libertaria, tan exaltada en discursos y declaraciones, se revela como un cascar\u00f3n vac\u00edo, una etiqueta marketinera que esconde viejas pr\u00e1cticas recicladas. El problema ya no es s\u00f3lo lo que hacen. El problema es que lo hacen creyendo que nadie lo va a notar.<\/p>\n\n\n\n<p><strong>Fuente<\/strong><a href=\"https:\/\/www.lapoliticaonline.com\/politica\/escandalo-en-la-libertad-avanza-denuncian-que-cupula-de-milei-en-provincia-vende-candidaturas-a-kirchneristas\/\">:<\/a><\/p>\n\n\n\n<ul class=\"wp-block-list\">\n<li><a href=\"https:\/\/noticiasargentinas.com\/politica\/escandalo-en-la-libertad-avanza--denuncian-que-cupula-de-milei-en-provincia-vende-candidaturas-a-kirchneristas_a687af5eebb513b1046251eb4\">https:\/\/noticiasargentinas.com\/politica\/escandalo-en-la-libertad-avanza&#8211;denuncian-que-cupula-de-milei-en-provincia-vende-candidaturas-a-kirchneristas_a687af5eebb513b1046251eb4<\/a><\/li>\n<\/ul>\n\n\n<div class=\"wp-block-image\">\n<figure class=\"aligncenter size-full\"><img loading=\"lazy\" decoding=\"async\" width=\"487\" height=\"720\" src=\"https:\/\/www.enorsai.com\/noticias\/wp-content\/uploads\/2025\/07\/720-4.webp\" alt=\"\" class=\"wp-image-6431\" srcset=\"https:\/\/www.enorsai.com\/noticias\/wp-content\/uploads\/2025\/07\/720-4.webp 487w, https:\/\/www.enorsai.com\/noticias\/wp-content\/uploads\/2025\/07\/720-4-203x300.webp 203w\" sizes=\"auto, (max-width: 487px) 100vw, 487px\" \/><\/figure>\n<\/div>\n\n<div class=\"wp-block-image\">\n<figure class=\"aligncenter size-full\"><img loading=\"lazy\" decoding=\"async\" width=\"468\" height=\"720\" src=\"https:\/\/www.enorsai.com\/noticias\/wp-content\/uploads\/2025\/07\/720-5.webp\" alt=\"\" class=\"wp-image-6432\" srcset=\"https:\/\/www.enorsai.com\/noticias\/wp-content\/uploads\/2025\/07\/720-5.webp 468w, https:\/\/www.enorsai.com\/noticias\/wp-content\/uploads\/2025\/07\/720-5-195x300.webp 195w\" sizes=\"auto, (max-width: 468px) 100vw, 468px\" \/><\/figure>\n<\/div>","protected":false},"excerpt":{"rendered":"<p>La Libertad Avanza vuelve a quedar expuesta: dirigentes de su propio espacio denunciaron la venta de candidaturas a exkirchneristas por miles de d\u00f3lares. Con audios comprometedores y un silencio atronador del presidente Milei, el esc\u00e1ndalo revela que la \u201cnueva pol\u00edtica\u201d es solo una careta m\u00e1s del viejo negocio electoral.<\/p>\n","protected":false},"author":1,"featured_media":6433,"comment_status":"open","ping_status":"open","sticky":false,"template":"","format":"standard","meta":{"_monsterinsights_skip_tracking":false,"_monsterinsights_sitenote_active":false,"_monsterinsights_sitenote_note":"","_monsterinsights_sitenote_category":0,"footnotes":"","jetpack_publicize_message":"","jetpack_publicize_feature_enabled":true,"jetpack_social_post_already_shared":true,"jetpack_social_options":{"image_generator_settings":{"template":"highway","default_image_id":0,"font":"","enabled":false},"version":2}},"categories":[2],"tags":[133,1045,75,190,630,70,1228,605,45,72],"class_list":["post-6430","post","type-post","status-publish","format-standard","has-post-thumbnail","hentry","category-politica","tag-buenosaires","tag-candidaturas","tag-corrupcion","tag-elecciones","tag-escandalo","tag-justicia","tag-kirchnerismo","tag-libertarios","tag-milei","tag-politica"],"jetpack_publicize_connections":[],"_links":{"self":[{"href":"https:\/\/www.enorsai.com\/noticias\/wp-json\/wp\/v2\/posts\/6430","targetHints":{"allow":["GET"]}}],"collection":[{"href":"https:\/\/www.enorsai.com\/noticias\/wp-json\/wp\/v2\/posts"}],"about":[{"href":"https:\/\/www.enorsai.com\/noticias\/wp-json\/wp\/v2\/types\/post"}],"author":[{"embeddable":true,"href":"https:\/\/www.enorsai.com\/noticias\/wp-json\/wp\/v2\/users\/1"}],"replies":[{"embeddable":true,"href":"https:\/\/www.enorsai.com\/noticias\/wp-json\/wp\/v2\/comments?post=6430"}],"version-history":[{"count":1,"href":"https:\/\/www.enorsai.com\/noticias\/wp-json\/wp\/v2\/posts\/6430\/revisions"}],"predecessor-version":[{"id":6434,"href":"https:\/\/www.enorsai.com\/noticias\/wp-json\/wp\/v2\/posts\/6430\/revisions\/6434"}],"wp:featuredmedia":[{"embeddable":true,"href":"https:\/\/www.enorsai.com\/noticias\/wp-json\/wp\/v2\/media\/6433"}],"wp:attachment":[{"href":"https:\/\/www.enorsai.com\/noticias\/wp-json\/wp\/v2\/media?parent=6430"}],"wp:term":[{"taxonomy":"category","embeddable":true,"href":"https:\/\/www.enorsai.com\/noticias\/wp-json\/wp\/v2\/categories?post=6430"},{"taxonomy":"post_tag","embeddable":true,"href":"https:\/\/www.enorsai.com\/noticias\/wp-json\/wp\/v2\/tags?post=6430"}],"curies":[{"name":"wp","href":"https:\/\/api.w.org\/{rel}","templated":true}]}}