{"id":6419,"date":"2025-07-18T08:47:16","date_gmt":"2025-07-18T11:47:16","guid":{"rendered":"https:\/\/www.enorsai.com\/noticias\/?p=6419"},"modified":"2025-07-18T08:48:54","modified_gmt":"2025-07-18T11:48:54","slug":"freno-a-la-locura-el-poder-judicial-acepto-una-cautelar-para-evitar-el-cierre-de-vialidad","status":"publish","type":"post","link":"https:\/\/www.enorsai.com\/noticias\/politica\/freno-a-la-locura-el-poder-judicial-acepto-una-cautelar-para-evitar-el-cierre-de-vialidad\/","title":{"rendered":"Freno a la locura: el poder judicial acept\u00f3 una cautelar para evitar el cierre de Vialidad"},"content":{"rendered":"\n<p>Por una medida cautelar, el gobierno nacional no podr\u00e1 avanzar sobre la disoluci\u00f3n de la Direcci\u00f3n Nacional de Vialidad en los pr\u00f3ximos seis meses.<\/p>\n\n\n\n<p>El Juzgado Federal en lo Civil y Comercial y Contencioso Administrativo N\u00b02 de San Mart\u00edn hizo lugar \u2013de forma parcial\u2013 a una medida cautelar y orden\u00f3 al gobierno de Javier Milei que se abstenga de ejecutar cualquier medida para avanzar con la disoluci\u00f3n de la Direcci\u00f3n Nacional de Vialidad.<\/p>\n\n\n\n<p>La decisi\u00f3n tomada por Martina Isabel Forns, obliga al gobierno nacional a no aplicar actos administrativos derivados del Decreto 461\/2025, con el que la gesti\u00f3n libertaria pretende concretar el cierre del organismo.<\/p>\n\n\n\n<p>La disposici\u00f3n tuvo lugar tras un amparo colectivo presentado por el Sindicato de Empleados de Vialidad Nacional Casa Central \u2013 Provincia de Buenos Aires \u2013 (SEVINA), inform\u00f3 el sitio especializado Palabras de Derecho.<\/p>\n\n\n\n<p>El pedido prev\u00e9 que \u201cse disponga la suspensi\u00f3n inmediata de los efectos del Decreto 461\/2025 para los trabajadores de la Direcci\u00f3n Nacional de Vialidad, ordenando al Estado Nacional a abstenerse de ejecutar cualquier acto administrativo, que derive del decreto mencionado, incluyendo reubicaciones, traslados, cesant\u00edas, suspensiones, pases a disponibilidad del personal o supresi\u00f3n de estructuras vinculadas a la Direcci\u00f3n Nacional de Vialidad\u201d.<\/p>\n\n\n\n<p>La magistrada hizo lugar a la medida cautelar por el t\u00e9rmino de 6 meses.<\/p>\n\n\n\n<p>La respuesta del gobierno<\/p>\n\n\n\n<p>Ayer mismo, la administraci\u00f3n libertaria que lidera Milei se hizo eco de la resoluci\u00f3n judicial. A trav\u00e9s de twitter, Manuel Adorni, el vocero presidencial, confirm\u00f3 que van a apelar la medida cautelar para dejarla sin efecto y poder seguir con sus planes.<\/p>\n\n\n\n<p>\u201cEl Gobierno apelar\u00e1 la suspensi\u00f3n del decreto que determina la disoluci\u00f3n de Vialidad Nacional\u201c, inform\u00f3 el portavoz oficial.<\/p>\n\n\n\n<p>Por Redacci\u00f3n infocielo<\/p>\n","protected":false},"excerpt":{"rendered":"<p>Por una medida cautelar, el gobierno nacional no podr\u00e1 avanzar sobre la disoluci\u00f3n de la Direcci\u00f3n Nacional de Vialidad en los pr\u00f3ximos seis meses. El Juzgado Federal en lo Civil y Comercial y Contencioso Administrativo N\u00b02 de San Mart\u00edn hizo lugar \u2013de forma parcial\u2013 a una medida cautelar y orden\u00f3 al gobierno de Javier Milei&#8230;<\/p>\n","protected":false},"author":5,"featured_media":6420,"comment_status":"open","ping_status":"open","sticky":false,"template":"","format":"standard","meta":{"_monsterinsights_skip_tracking":false,"_monsterinsights_sitenote_active":false,"_monsterinsights_sitenote_note":"","_monsterinsights_sitenote_category":0,"footnotes":"","jetpack_publicize_message":"","jetpack_publicize_feature_enabled":true,"jetpack_social_post_already_shared":true,"jetpack_social_options":{"image_generator_settings":{"template":"highway","default_image_id":0,"font":"","enabled":false},"version":2}},"categories":[2],"tags":[58,43,72],"class_list":["post-6419","post","type-post","status-publish","format-standard","has-post-thumbnail","hentry","category-politica","tag-ajuste","tag-crisis","tag-politica"],"jetpack_publicize_connections":[],"_links":{"self":[{"href":"https:\/\/www.enorsai.com\/noticias\/wp-json\/wp\/v2\/posts\/6419","targetHints":{"allow":["GET"]}}],"collection":[{"href":"https:\/\/www.enorsai.com\/noticias\/wp-json\/wp\/v2\/posts"}],"about":[{"href":"https:\/\/www.enorsai.com\/noticias\/wp-json\/wp\/v2\/types\/post"}],"author":[{"embeddable":true,"href":"https:\/\/www.enorsai.com\/noticias\/wp-json\/wp\/v2\/users\/5"}],"replies":[{"embeddable":true,"href":"https:\/\/www.enorsai.com\/noticias\/wp-json\/wp\/v2\/comments?post=6419"}],"version-history":[{"count":1,"href":"https:\/\/www.enorsai.com\/noticias\/wp-json\/wp\/v2\/posts\/6419\/revisions"}],"predecessor-version":[{"id":6421,"href":"https:\/\/www.enorsai.com\/noticias\/wp-json\/wp\/v2\/posts\/6419\/revisions\/6421"}],"wp:featuredmedia":[{"embeddable":true,"href":"https:\/\/www.enorsai.com\/noticias\/wp-json\/wp\/v2\/media\/6420"}],"wp:attachment":[{"href":"https:\/\/www.enorsai.com\/noticias\/wp-json\/wp\/v2\/media?parent=6419"}],"wp:term":[{"taxonomy":"category","embeddable":true,"href":"https:\/\/www.enorsai.com\/noticias\/wp-json\/wp\/v2\/categories?post=6419"},{"taxonomy":"post_tag","embeddable":true,"href":"https:\/\/www.enorsai.com\/noticias\/wp-json\/wp\/v2\/tags?post=6419"}],"curies":[{"name":"wp","href":"https:\/\/api.w.org\/{rel}","templated":true}]}}