{"id":6413,"date":"2025-07-18T02:52:20","date_gmt":"2025-07-18T05:52:20","guid":{"rendered":"https:\/\/www.enorsai.com\/noticias\/politica\/milei-explota-contra-los-menem-por-una-licitacion-millonaria-del-banco-nacion\/"},"modified":"2025-07-18T02:52:20","modified_gmt":"2025-07-18T05:52:20","slug":"milei-explota-contra-los-menem-por-una-licitacion-millonaria-del-banco-nacion","status":"publish","type":"post","link":"https:\/\/www.enorsai.com\/noticias\/politica\/milei-explota-contra-los-menem-por-una-licitacion-millonaria-del-banco-nacion\/","title":{"rendered":"Milei explota contra los Menem por una licitaci\u00f3n millonaria del Banco Naci\u00f3n"},"content":{"rendered":"\n<p>La empresa Tech Security, vinculada a los hermanos Menem, obtuvo un contrato por casi 4.000 millones de pesos con el Banco Naci\u00f3n. La reacci\u00f3n del Presidente fue furiosa y apunt\u00f3 directamente contra su hermana Karina, protectora del clan riojano.<br><br>La licitaci\u00f3n adjudicada a una empresa ligada a Mart\u00edn y Lule Menem provoc\u00f3 un terremoto en la interna del oficialismo. Javier Milei, que se hab\u00eda mostrado reticente a designar a Mart\u00edn al frente de Diputados, ahora eval\u00faa cortar lazos con los Menem tras las legislativas. La pol\u00e9mica golpea el discurso anticasta del Presidente en un momento pol\u00edtico clave.<br><br>El Presidente Javier Milei se encuentra en estado de furia contenida tras estallar un nuevo esc\u00e1ndalo que sacude a su c\u00edrculo m\u00e1s cercano: una millonaria licitaci\u00f3n del Banco Naci\u00f3n, por casi 4.000 millones de pesos, fue adjudicada a la empresa Tech Security, controlada por los hermanos de Mart\u00edn Menem, titular de la C\u00e1mara de Diputados. La empresa, seg\u00fan se revel\u00f3, fue fundada por el propio Mart\u00edn Menem, quien transfiri\u00f3 sus acciones a su hermano Adri\u00e1n al asumir su banca, maniobra que busc\u00f3 evitar incompatibilidades pero que ahora vuelve como bumer\u00e1n.<br><br>La revelaci\u00f3n gener\u00f3 un cimbronazo en Balcarce 50 y termin\u00f3 con un airado reproche de Milei a su hermana y jefa de campa\u00f1a, Karina Milei, principal garante pol\u00edtico de los Menem dentro del gobierno. Karina no s\u00f3lo sostiene a Mart\u00edn en Diputados, sino que tambi\u00e9n ubic\u00f3 a Eduardo \u201cLule\u201d Menem como su segundo en la Secretar\u00eda General de la Presidencia.<br><br>Un diputado libertario grafic\u00f3 la gravedad de la situaci\u00f3n: \u201cEs como el caso de los hoteles de Cristina con Aerol\u00edneas. No se puede predicar anticasta y tener a tus aliados haciendo negocios con el Estado\u201d. El enojo presidencial no solo apunta a la inmoralidad del hecho sino al da\u00f1o irreparable que supone para el relato libertario, especialmente a tan solo dos meses de unas elecciones legislativas que ser\u00e1n clave para el oficialismo.<br><br>Milei ya hab\u00eda demostrado reparos hacia la figura de Mart\u00edn Menem desde el inicio de su mandato. De hecho, su preferido para presidir la C\u00e1mara Baja era el macrista Cristian Ritondo. \u201cLa pr\u00f3xima que se mande, lo echo\u201d, habr\u00eda dicho el Presidente tras el esc\u00e1ndalo de la estafa cripto de Libra, en la que se vincul\u00f3 al entorno Menem y por la cual Marcela Pagano acus\u00f3 p\u00fablicamente al riojano.<br><br>Ahora, el esc\u00e1ndalo del Banco Naci\u00f3n revitaliza esa interna no resuelta. Pagano, enfrentada desde hace tiempo con Mart\u00edn Menem, ironiz\u00f3 sobre la licitaci\u00f3n a trav\u00e9s de sus redes sociales, diciendo que \u201cdebe ser una falsa licitaci\u00f3n creada con Inteligencia Artificial\u201d, aludiendo al cinismo de la operaci\u00f3n.<br><br>Desde el entorno presidencial confirman que, si bien Karina Milei y Santiago Caputo intentan contener la crisis, el Presidente ya tom\u00f3 la decisi\u00f3n de desplazar a los Menem del n\u00facleo de poder, aunque esperar\u00e1 que pasen las elecciones de octubre para ejecutar la purga. \u201cCaputo se equivoc\u00f3 en querer detonarlos ahora, pero despu\u00e9s de octubre deber\u00edan correrlos\u201d, confi\u00f3 un funcionario preocupado por la posibilidad de que estallen nuevos esc\u00e1ndalos vinculados al clan riojano.<br><br>La licitaci\u00f3n de Tech Security no s\u00f3lo revela una posible incompatibilidad \u00e9tica, sino que expone la fragilidad de una coalici\u00f3n armada sobre acuerdos circunstanciales, oportunismo pol\u00edtico y una narrativa cada vez m\u00e1s dif\u00edcil de sostener. Mientras Milei insiste en que vino a terminar con la \u201ccasta\u201d, sus funcionarios m\u00e1s cercanos comienzan a mostrar costumbres id\u00e9nticas a las que juraron erradicar.<br><br>En paralelo, crecen las internas: Karina Milei enfrenta tensiones con Patricia Bullrich por las candidaturas, y los radicales aliados comienzan a mostrar distancia. La alianza entre los Menem y la hermana del Presidente, que alguna vez fue funcional para consolidar el poder interno, hoy se convierte en un dolor de cabeza para Milei, que ve c\u00f3mo sus promesas de pureza libertaria se diluyen entre licitaciones millonarias, billeteras virtuales vaciadas y nombres propios con aroma a la vieja pol\u00edtica.<br><br>Cierre con perspectiva legal y de g\u00e9nero:<br>M\u00e1s all\u00e1 del impacto pol\u00edtico, el caso podr\u00eda implicar tambi\u00e9n responsabilidades legales si se confirma que hubo uso de informaci\u00f3n privilegiada, conflicto de intereses o maniobras de evasi\u00f3n para simular desvinculaciones societarias. Adem\u00e1s, la figura de Karina Milei queda una vez m\u00e1s en el ojo de la tormenta: no solo como ejecutora de decisiones estrat\u00e9gicas sin control institucional, sino como garante de estructuras de poder masculinas que reproducen las l\u00f3gicas m\u00e1s retr\u00f3gradas del sistema pol\u00edtico argentino.<br><br>En nombre de la \u00ablibertad\u00bb, el gobierno de Javier Milei podr\u00eda estar replicando, sin pudor, las peores pr\u00e1cticas de la casta que vino a combatir.<\/p>\n\n\n\n<p>Fuente:<\/p>\n\n\n\n<ul class=\"wp-block-list\">\n<li>https:\/\/www.lapoliticaonline.com\/politica\/milei-furioso-con-los-menem-por-el-impacto-del-escandalo-del-banco-nacion\/<\/li>\n<\/ul>\n","protected":false},"excerpt":{"rendered":"<p>La empresa Tech Security, vinculada a los hermanos Menem, obtuvo un contrato por casi 4.000 millones de pesos con el Banco Naci\u00f3n. La reacci\u00f3n del Presidente fue furiosa y apunt\u00f3 directamente contra su hermana Karina, protectora del clan riojano. La licitaci\u00f3n adjudicada a una empresa ligada a Mart\u00edn y Lule Menem provoc\u00f3 un terremoto en&#8230;<\/p>\n","protected":false},"author":11,"featured_media":6412,"comment_status":"open","ping_status":"open","sticky":false,"template":"","format":"standard","meta":{"_monsterinsights_skip_tracking":false,"_monsterinsights_sitenote_active":false,"_monsterinsights_sitenote_note":"","_monsterinsights_sitenote_category":0,"footnotes":"","jetpack_publicize_message":"","jetpack_publicize_feature_enabled":true,"jetpack_social_post_already_shared":true,"jetpack_social_options":{"image_generator_settings":{"template":"highway","default_image_id":0,"font":"","enabled":false},"version":2}},"categories":[2],"tags":[],"class_list":["post-6413","post","type-post","status-publish","format-standard","has-post-thumbnail","hentry","category-politica"],"jetpack_publicize_connections":[],"_links":{"self":[{"href":"https:\/\/www.enorsai.com\/noticias\/wp-json\/wp\/v2\/posts\/6413","targetHints":{"allow":["GET"]}}],"collection":[{"href":"https:\/\/www.enorsai.com\/noticias\/wp-json\/wp\/v2\/posts"}],"about":[{"href":"https:\/\/www.enorsai.com\/noticias\/wp-json\/wp\/v2\/types\/post"}],"author":[{"embeddable":true,"href":"https:\/\/www.enorsai.com\/noticias\/wp-json\/wp\/v2\/users\/11"}],"replies":[{"embeddable":true,"href":"https:\/\/www.enorsai.com\/noticias\/wp-json\/wp\/v2\/comments?post=6413"}],"version-history":[{"count":0,"href":"https:\/\/www.enorsai.com\/noticias\/wp-json\/wp\/v2\/posts\/6413\/revisions"}],"wp:featuredmedia":[{"embeddable":true,"href":"https:\/\/www.enorsai.com\/noticias\/wp-json\/wp\/v2\/media\/6412"}],"wp:attachment":[{"href":"https:\/\/www.enorsai.com\/noticias\/wp-json\/wp\/v2\/media?parent=6413"}],"wp:term":[{"taxonomy":"category","embeddable":true,"href":"https:\/\/www.enorsai.com\/noticias\/wp-json\/wp\/v2\/categories?post=6413"},{"taxonomy":"post_tag","embeddable":true,"href":"https:\/\/www.enorsai.com\/noticias\/wp-json\/wp\/v2\/tags?post=6413"}],"curies":[{"name":"wp","href":"https:\/\/api.w.org\/{rel}","templated":true}]}}