{"id":6398,"date":"2025-07-17T10:20:48","date_gmt":"2025-07-17T13:20:48","guid":{"rendered":"https:\/\/www.enorsai.com\/noticias\/?p=6398"},"modified":"2025-11-30T10:49:22","modified_gmt":"2025-11-30T13:49:22","slug":"el-estado-de-israel-bombardeo-una-iglesia-catolica-en-gaza","status":"publish","type":"post","link":"https:\/\/www.enorsai.com\/noticias\/mundo\/el-estado-de-israel-bombardeo-una-iglesia-catolica-en-gaza\/","title":{"rendered":"El estado de Israel bombarde\u00f3 una Iglesia Cat\u00f3lica en GazaIsrael,"},"content":{"rendered":"\n<p>La guerra que no perdona ni a los templos: Israel bombardea la \u00fanica iglesia cat\u00f3lica en Gaza y hiere al p\u00e1rroco argentino<br><br>El ataque contra la Iglesia de la Sagrada Familia dej\u00f3 muertos y heridos, incluyendo al sacerdote argentino Gabriel Romanelli, en medio de denuncias internacionales por la ofensiva indiscriminada de Israel sobre la poblaci\u00f3n civil palestina.<br><br>La ofensiva israel\u00ed sobre Gaza sum\u00f3 este jueves un nuevo cap\u00edtulo de horror: un bombardeo alcanz\u00f3 la Iglesia de la Sagrada Familia, \u00fanico templo cat\u00f3lico en el enclave palestino. El ataque, que dej\u00f3 al menos cuatro muertos y varios heridos \u2014entre ellos el cura argentino Gabriel Romanelli\u2014, fue condenado por el Patriarcado Latino de Jerusal\u00e9n y por el propio Papa Le\u00f3n XIV, quien reiter\u00f3 su llamado a un cese inmediato del fuego. La comunidad internacional, incluida la primera ministra italiana Giorgia Meloni, tambi\u00e9n repudi\u00f3 el hecho y cuestion\u00f3 el accionar del gobierno de Benjam\u00edn Netanyahu, que contin\u00faa su ofensiva militar sin atender las advertencias humanitarias.<br><br><br><br>Un ataque contra la fe, la humanidad y los refugios<br><br>El bombardeo de este jueves 17 de julio impact\u00f3 de lleno en uno de los pocos espacios de contenci\u00f3n que a\u00fan subsisten en Gaza. La Iglesia de la Sagrada Familia \u2014\u00fanico templo cat\u00f3lico en el enclave\u2014 funcionaba no solo como lugar de culto, sino tambi\u00e9n como refugio humanitario para unas 500 personas desplazadas por la guerra, seg\u00fan confirm\u00f3 Caritas Jerusal\u00e9n.<br><br>Entre los heridos se encuentra el p\u00e1rroco argentino Gabriel Romanelli, reconocido por su labor pastoral y social, y por haber mantenido una estrecha relaci\u00f3n con el fallecido Papa Francisco en torno al conflicto palestino-israel\u00ed. Romanelli sufri\u00f3 heridas en las piernas y fue trasladado de urgencia. Otros siete heridos, dos de ellos en estado cr\u00edtico, completan el tr\u00e1gico saldo del ataque, que tambi\u00e9n dej\u00f3 al menos cuatro personas muertas.<br><br>El Patriarcado Latino de Jerusal\u00e9n emiti\u00f3 un comunicado urgente donde expres\u00f3 su repudio: \u201cRezamos por el descanso de sus almas y por el fin de esta guerra salvaje. Nada puede justificar los ataques contra civiles inocentes\u201d. En la misma l\u00ednea, el Papa Le\u00f3n XIV sum\u00f3 su voz para exigir un alto el fuego inmediato y reiter\u00f3 su esperanza de que se abra un camino de di\u00e1logo y reconciliaci\u00f3n.<br><br><br><br>Israel: entre el silencio, las excusas y el fuego cruzado<br><br>Mientras las bombas siguen cayendo sobre Gaza, la respuesta de las Fuerzas de Defensa de Israel (FDI) se limit\u00f3 a un comunicado ambiguo: \u201cEstamos al tanto de los informes relativos a los da\u00f1os causados a la Iglesia de la Sagrada Familia y las v\u00edctimas en el lugar. Se est\u00e1n examinando las circunstancias del incidente\u201d. La estrategia de \u201cinvestigaci\u00f3n posterior al ataque\u201d, habitual en otros episodios similares, vuelve a repetirse en un contexto en el que la poblaci\u00f3n civil palestina sufre un asedio sostenido, sin garant\u00edas m\u00ednimas de protecci\u00f3n.<br><br>La primera ministra italiana Giorgia Meloni fue contundente: \u201cLos ataques que Israel lleva meses llevando a cabo contra la poblaci\u00f3n civil son inaceptables. Ninguna acci\u00f3n militar puede justificar semejante actitud\u201d. Su declaraci\u00f3n no solo amplifica el reclamo internacional, sino que expone el aislamiento creciente de Israel frente a las consecuencias humanitarias de su ofensiva.<br><br><br><br>\u00bfObjetivos militares o blancos civiles? Una l\u00ednea cada vez m\u00e1s borrosa<br><br>El hecho de que el ataque haya impactado en una iglesia cat\u00f3lica que brindaba refugio a civiles, incluidos ni\u00f1os, ancianos y mujeres, vuelve a poner en el centro del debate la falta de proporcionalidad y el car\u00e1cter indiscriminado de los bombardeos israel\u00edes. Incluso si se tratara de un \u201cerror militar\u201d, el costo humano es innegable y brutal.<br><br>Israel sostiene que su objetivo es la desmilitarizaci\u00f3n total de Gaza y la seguridad de su territorio. Sin embargo, los hechos desmienten cualquier narrativa que pretenda justificar ataques a lugares de culto, hospitales, escuelas y centros humanitarios. Mientras tanto, la comunidad cristiana en Gaza, ya en peligro de extinci\u00f3n, recibe un golpe devastador que pone en riesgo su mera existencia.<br><br><br>&#8212;<br><br>Una guerra que no respeta ni lo sagrado<br><br>El bombardeo a la Iglesia de la Sagrada Familia marca un punto de inflexi\u00f3n. Si los lugares destinados al auxilio espiritual y humanitario son blanco de ataques, \u00bfqu\u00e9 queda para el resto de la poblaci\u00f3n civil atrapada en Gaza? La figura del padre Gabriel Romanelli, herido pero vivo, se vuelve un s\u00edmbolo de resistencia y compasi\u00f3n en medio de un infierno que parece no tener fin.<br><br>Desde Roma hasta Jerusal\u00e9n, desde Buenos Aires hasta Gaza, el clamor por la paz resuena con m\u00e1s fuerza que nunca. Pero mientras no se respeten las reglas m\u00ednimas del derecho internacional humanitario \u2014como la protecci\u00f3n de los civiles y de los lugares de culto\u2014, la guerra seguir\u00e1 devorando todo a su paso. Hasta lo m\u00e1s sagrado.<br><br>Fuente:<\/p>\n\n\n\n<ul class=\"wp-block-list\">\n<li><\/li>\n<\/ul>\n","protected":false},"excerpt":{"rendered":"<p>La guerra que no perdona ni a los templos: Israel bombardea la \u00fanica iglesia cat\u00f3lica en Gaza y hiere al p\u00e1rroco argentino El ataque contra la Iglesia de la Sagrada Familia dej\u00f3 muertos y heridos, incluyendo al sacerdote argentino Gabriel Romanelli, en medio de denuncias internacionales por la ofensiva indiscriminada de Israel sobre la poblaci\u00f3n&#8230;<\/p>\n","protected":false},"author":9,"featured_media":6399,"comment_status":"open","ping_status":"open","sticky":false,"template":"","format":"standard","meta":{"_monsterinsights_skip_tracking":false,"_monsterinsights_sitenote_active":false,"_monsterinsights_sitenote_note":"","_monsterinsights_sitenote_category":0,"footnotes":"","jetpack_publicize_message":"","jetpack_publicize_feature_enabled":true,"jetpack_social_post_already_shared":true,"jetpack_social_options":{"image_generator_settings":{"template":"highway","default_image_id":0,"font":"","enabled":false},"version":2}},"categories":[7],"tags":[1754],"class_list":["post-6398","post","type-post","status-publish","format-standard","has-post-thumbnail","hentry","category-mundo","tag-israel"],"jetpack_publicize_connections":[],"_links":{"self":[{"href":"https:\/\/www.enorsai.com\/noticias\/wp-json\/wp\/v2\/posts\/6398","targetHints":{"allow":["GET"]}}],"collection":[{"href":"https:\/\/www.enorsai.com\/noticias\/wp-json\/wp\/v2\/posts"}],"about":[{"href":"https:\/\/www.enorsai.com\/noticias\/wp-json\/wp\/v2\/types\/post"}],"author":[{"embeddable":true,"href":"https:\/\/www.enorsai.com\/noticias\/wp-json\/wp\/v2\/users\/9"}],"replies":[{"embeddable":true,"href":"https:\/\/www.enorsai.com\/noticias\/wp-json\/wp\/v2\/comments?post=6398"}],"version-history":[{"count":2,"href":"https:\/\/www.enorsai.com\/noticias\/wp-json\/wp\/v2\/posts\/6398\/revisions"}],"predecessor-version":[{"id":11474,"href":"https:\/\/www.enorsai.com\/noticias\/wp-json\/wp\/v2\/posts\/6398\/revisions\/11474"}],"wp:featuredmedia":[{"embeddable":true,"href":"https:\/\/www.enorsai.com\/noticias\/wp-json\/wp\/v2\/media\/6399"}],"wp:attachment":[{"href":"https:\/\/www.enorsai.com\/noticias\/wp-json\/wp\/v2\/media?parent=6398"}],"wp:term":[{"taxonomy":"category","embeddable":true,"href":"https:\/\/www.enorsai.com\/noticias\/wp-json\/wp\/v2\/categories?post=6398"},{"taxonomy":"post_tag","embeddable":true,"href":"https:\/\/www.enorsai.com\/noticias\/wp-json\/wp\/v2\/tags?post=6398"}],"curies":[{"name":"wp","href":"https:\/\/api.w.org\/{rel}","templated":true}]}}