{"id":6396,"date":"2025-07-17T09:31:38","date_gmt":"2025-07-17T12:31:38","guid":{"rendered":"https:\/\/www.enorsai.com\/noticias\/?p=6396"},"modified":"2025-07-17T09:31:38","modified_gmt":"2025-07-17T12:31:38","slug":"sigue-la-decadencia-del-pro-intendente-rompe-el-acuerdo-con-el-mileismo-y-hay-crisis","status":"publish","type":"post","link":"https:\/\/www.enorsai.com\/noticias\/uncategorized\/sigue-la-decadencia-del-pro-intendente-rompe-el-acuerdo-con-el-mileismo-y-hay-crisis\/","title":{"rendered":"Sigue la decadencia del PRO: intendente rompe el acuerdo con el mileismo y hay crisis"},"content":{"rendered":"\n<p><strong><em>El intendente de Pergamino, Javier Mart\u00ednez (PRO), no ser\u00e1 parte del frente con los libertarios y anunci\u00f3 que se plegar\u00e1 al armado de Hechos, el espacio de los hermanos Passaglia.<\/em><\/strong><\/p>\n\n\n\n<p>El intendente PRO de Pergamino, Javier Mart\u00ednez, ratific\u00f3 este mi\u00e9rcoles su alejamiento del frente electoral con La Libertad Avanza y anunci\u00f3 su incorporaci\u00f3n al nuevo espacio pol\u00edtico \u201cHechos\u201d, liderado por los hermanos Santiago y Manuel Passaglia, el cual competir\u00e1 en la Segunda secci\u00f3n electoral en los comicios del 7 de septiembre.<\/p>\n\n\n\n<p>\u201cPergamino y San Nicol\u00e1s son ejemplos de gesti\u00f3n en la provincia de Buenos Aires. Ahora es momento de unir esfuerzos con quienes comparten nuestra manera de trabajar y mostrar resultados\u201d, manifest\u00f3 Mart\u00ednez, con una cr\u00edtica por elevaci\u00f3n a los libertarios.<\/p>\n\n\n\n<p>A tres d\u00edas para el cierre de listas, el jefe comunal de Pergamino es uno de los 13 intendentes que ostenta el PRO en la Provincia y es un dirigente cercano al jefe de Gobierno porte\u00f1o, Jorge Macri, por lo cual gener\u00f3 un dolor de cabeza en el armado territorial de la alianza La Libertad Avanza en la Segunda Secci\u00f3n electoral.<\/p>\n\n\n\n<p>Es preciso mencionar que, la Segunda secci\u00f3n electoral est\u00e1 conformada por 15 municipios, entre otros, San Nicol\u00e1s, Pergamino, San Pedro, Z\u00e1rate, San Andr\u00e9s de Giles y Arrecifes. En total, el distrito cuenta con m\u00e1s de 660.000 electores habilitados y es clave en la conformaci\u00f3n de Legislatura bonaerense, puesto que la regi\u00f3n renovar\u00e1 once bancas en la C\u00e1mara de Diputados.<\/p>\n\n\n\n<p>Elecciones 2025: el comunicado del intendente del PRO, Javier Mart\u00ednez.<\/p>\n\n\n\n<p>\u201cCon Manuel Passaglia y Paula Bustos vamos a competir desde un lugar claro: al kirchnerismo no se le gana discutiendo, se le gana con hechos. Nuestros vecinos necesitan m\u00e1s de nuestra gesti\u00f3n que de nuestras discusiones. Nuestros municipios han sido l\u00edderes en la reducci\u00f3n del empleo p\u00fablico por habitante y han sostenido sistem\u00e1ticamente el super\u00e1vit fiscal\u201d, grafic\u00f3 Mart\u00ednez.<\/p>\n\n\n\n<p>Otro de los municipios amarillos donde el PRO no competir\u00e1 junto a los libertarios ser\u00e1 en el municipio de Rauch (Quinta secci\u00f3n). A trav\u00e9s de un comunicado, desde el municipio indicaron que el espacio competir\u00e1 junto con los radicales en el frente Somos Buenos Aires.<\/p>\n\n\n\n<p>A tres dias para el cierre de listas, La Libertad Avanza ya muestra sus cartas en el tablero electoral bonaerense. De la mano de Sebasti\u00e1n Pareja, arquitecto del armado y mano derecha de Karina Milei, los libertarios empiezan a copar las cabezas de lista en casi todas las secciones. El PRO, en cambio, debi\u00f3 conformarse con apenas un 25% del reparto, una se\u00f1al clara del dominio libertario en la alianza.<\/p>\n\n\n\n<p>En el caso de la Segunda secci\u00f3n electoral, La Libertad Avanza pone en el radar a Anal\u00eda Corvino de San Pedro, Iv\u00e1n P\u00e9rez Morelli de Salto y Ana Clara Petroccini. A\u00fan no hay nombres definidos del PRO, tras el cimbronazo que signific\u00f3 el alejamiento de Mart\u00ednez al espacio Hechos de los hermanos Passaglia.<\/p>\n\n\n\n<p>Ituzaing\u00f3: un dirigente PRO qued\u00f3 con un pie afuera del acuerdo con LLA por defender a Villarruel<\/p>\n\n\n\n<p>En Ituzaing\u00f3, el excandidato a intendente del PRO en 2019 y 2023, Gast\u00f3n di Castelnuovo, tendr\u00eda un pie afuera del acuerdo electoral con La Libertad Avanza luego de que desde el mile\u00edsmo lo carpetearan con publicaciones en redes sociales en las que defiende a la vicepresidenta de la Naci\u00f3n, Victoria Villarruel.<\/p>\n\n\n\n<p>Pese a ser una cara visible del PRO en Ituzaing\u00f3, dado que es el actual jefe de bancada de Juntos en el Concejo Deliberante, Di Castelnuovo podr\u00eda quedar marginado del pacto electoral con los libertarios luego de que la diputada nacional de La Libertad Avanza, Lilia Lemoine, recuerde un tweet que lo deja mal parado. Todo esto, en medio de la pelea pol\u00edtica entre Villarruel y Javier Milei.<\/p>\n\n\n\n<p>\u201cAplauso, medalla y beso a la VP. A la gilada ni cabida Villarruel\u201d, escribi\u00f3 Di Castelnuovo en julio de 2024 en respaldo a la Vicepresidenta, que en ese momento hab\u00eda tildado a Francia de \u201cpa\u00eds colonialista\u201d, en medio de la pol\u00e9mica suscitada por un c\u00e1ntico xenof\u00f3bico en medio de los festejos de la Selecci\u00f3n Argentina por la obtenci\u00f3n de la Copa Am\u00e9rica del a\u00f1o pasado.<\/p>\n\n\n\n<p>Por Diputados Bonaerenses<\/p>\n","protected":false},"excerpt":{"rendered":"<p>El intendente de Pergamino, Javier Mart\u00ednez (PRO), no ser\u00e1 parte del frente con los libertarios y anunci\u00f3 que se plegar\u00e1 al armado de Hechos, el espacio de los hermanos Passaglia. El intendente PRO de Pergamino, Javier Mart\u00ednez, ratific\u00f3 este mi\u00e9rcoles su alejamiento del frente electoral con La Libertad Avanza y anunci\u00f3 su incorporaci\u00f3n al nuevo&#8230;<\/p>\n","protected":false},"author":5,"featured_media":4305,"comment_status":"open","ping_status":"open","sticky":false,"template":"","format":"standard","meta":{"_monsterinsights_skip_tracking":false,"_monsterinsights_sitenote_active":false,"_monsterinsights_sitenote_note":"","_monsterinsights_sitenote_category":0,"footnotes":"","jetpack_publicize_message":"","jetpack_publicize_feature_enabled":true,"jetpack_social_post_already_shared":true,"jetpack_social_options":{"image_generator_settings":{"template":"highway","default_image_id":0,"font":"","enabled":false},"version":2}},"categories":[1],"tags":[],"class_list":["post-6396","post","type-post","status-publish","format-standard","has-post-thumbnail","hentry","category-uncategorized"],"jetpack_publicize_connections":[],"_links":{"self":[{"href":"https:\/\/www.enorsai.com\/noticias\/wp-json\/wp\/v2\/posts\/6396","targetHints":{"allow":["GET"]}}],"collection":[{"href":"https:\/\/www.enorsai.com\/noticias\/wp-json\/wp\/v2\/posts"}],"about":[{"href":"https:\/\/www.enorsai.com\/noticias\/wp-json\/wp\/v2\/types\/post"}],"author":[{"embeddable":true,"href":"https:\/\/www.enorsai.com\/noticias\/wp-json\/wp\/v2\/users\/5"}],"replies":[{"embeddable":true,"href":"https:\/\/www.enorsai.com\/noticias\/wp-json\/wp\/v2\/comments?post=6396"}],"version-history":[{"count":1,"href":"https:\/\/www.enorsai.com\/noticias\/wp-json\/wp\/v2\/posts\/6396\/revisions"}],"predecessor-version":[{"id":6397,"href":"https:\/\/www.enorsai.com\/noticias\/wp-json\/wp\/v2\/posts\/6396\/revisions\/6397"}],"wp:featuredmedia":[{"embeddable":true,"href":"https:\/\/www.enorsai.com\/noticias\/wp-json\/wp\/v2\/media\/4305"}],"wp:attachment":[{"href":"https:\/\/www.enorsai.com\/noticias\/wp-json\/wp\/v2\/media?parent=6396"}],"wp:term":[{"taxonomy":"category","embeddable":true,"href":"https:\/\/www.enorsai.com\/noticias\/wp-json\/wp\/v2\/categories?post=6396"},{"taxonomy":"post_tag","embeddable":true,"href":"https:\/\/www.enorsai.com\/noticias\/wp-json\/wp\/v2\/tags?post=6396"}],"curies":[{"name":"wp","href":"https:\/\/api.w.org\/{rel}","templated":true}]}}