{"id":6388,"date":"2025-07-17T06:19:14","date_gmt":"2025-07-17T09:19:14","guid":{"rendered":"http:\/\/www.enorsai.com\/noticias\/?p=6388"},"modified":"2025-07-17T06:19:14","modified_gmt":"2025-07-17T09:19:14","slug":"el-pro-porteno-se-parte-en-dos-milei-negocia-con-mauricio-macri-pero-dejan-afuera-a-jorge","status":"publish","type":"post","link":"https:\/\/www.enorsai.com\/noticias\/politica\/el-pro-porteno-se-parte-en-dos-milei-negocia-con-mauricio-macri-pero-dejan-afuera-a-jorge\/","title":{"rendered":"El PRO porte\u00f1o se parte en dos: Milei negocia con Mauricio Macri, pero dejan afuera a Jorge"},"content":{"rendered":"\n<p><strong><em>El acuerdo electoral entre el oficialismo libertario y el partido amarillo avanza en territorio porte\u00f1o, pero con condiciones innegociables: excluir a Jorge Macri y blindar la boleta de cualquier \u201cdesv\u00edo ideol\u00f3gico\u201d dentro del PRO. La decisi\u00f3n, avalada por Mauricio y ejecutada por Caputo, marca un verdadero quiebre interno. El PRO, sin br\u00fajula, da se\u00f1ales de descomposici\u00f3n y pone en evidencia que el experimento Milei no s\u00f3lo est\u00e1 devorando al Estado, sino tambi\u00e9n a sus aliados.<\/em><\/strong><\/p>\n\n\n\n<p>En la Argentina gobernada por Javier Milei, donde el ajuste se maquilla como \u00e9pica y el vaciamiento institucional se disfraza de eficiencia, tambi\u00e9n se reconfiguran las alianzas pol\u00edticas como en un tablero de ajedrez donde cada pieza vale m\u00e1s por su obediencia que por su trayectoria. La Ciudad de Buenos Aires, basti\u00f3n hist\u00f3rico del PRO, hoy se convierte en el escenario de una traici\u00f3n cuidadosamente ejecutada: Jorge Macri, actual jefe de Gobierno porte\u00f1o, fue apartado del di\u00e1logo entre La Libertad Avanza y su partido. \u00bfEl motivo? No calza en los moldes de sumisi\u00f3n exigidos por la nueva arquitectura de poder libertaria.<\/p>\n\n\n\n<p>Santiago Caputo, el \u00abcerebro en las sombras\u00bb del mile\u00edsmo, y Mauricio Macri, el patriarca de una derecha que ya no controla ni su propio legado, reanudaron el contacto. Lo hicieron desde la comodidad del privilegio: uno desde la Rosada, el otro desde Estados Unidos, entre goles y millones del Mundial de Clubes. En ese di\u00e1logo ameno y liviano, como si los \u00faltimos a\u00f1os de tensiones no hubieran existido, se gest\u00f3 una nueva hoja de ruta. Pero a diferencia de las gestas fundacionales del PRO, esta vez la lista de invitados es selectiva y excluyente.<\/p>\n\n\n\n<p>Jorge Macri fue borrado del mapa. No por errores de gesti\u00f3n ni por baja imagen, sino por el pecado imperdonable de pensar con autonom\u00eda. Su desdoblamiento electoral y la contrataci\u00f3n del asesor catal\u00e1n Antoni Guti\u00e9rrez Rub\u00ed para su campa\u00f1a no fueron perdonados en Balcarce 50. El Ejecutivo libertario quiere lealtad total, sin matices ni grises, y el primo rebelde no califica. El mensaje fue claro: si hay pacto, Jorge no est\u00e1 invitado.<\/p>\n\n\n\n<p>A cambio, el oficialismo est\u00e1 dispuesto a ceder los dos primeros lugares en la lista de diputados al PRO, siempre y cuando los nombres sean \u201cpuros\u201d. Eso significa que ni Mar\u00eda Eugenia Vidal ni Silvia Lospennato tienen chances. La pureza, en este contexto, no remite a principios sino a utilidad ideol\u00f3gica: s\u00f3lo quienes profesan sin titubeos la fe libertaria pueden ingresar al santuario electoral. La boleta debe ser un manifiesto de obediencia, no un espacio de discusi\u00f3n.<\/p>\n\n\n\n<p>En el tablero del Senado, el trueque es a\u00fan m\u00e1s evidente. A cambio de ese bot\u00edn simb\u00f3lico y estrat\u00e9gico, La Libertad Avanza exige quedarse con los dos lugares de la C\u00e1mara Alta. La oferta tiene destinatarios concretos y uno de ellos ya se perfila: Patricia Bullrich. La ministra de Seguridad, devenida en figura indispensable del oficialismo, se reuni\u00f3 con Caputo durante dos largas horas en el Sal\u00f3n Mart\u00edn Fierro. Lo que comenz\u00f3 como una charla de gesti\u00f3n termin\u00f3 en el dise\u00f1o de una jugada de mediano plazo: Bullrich candidata al Senado por CABA.<\/p>\n\n\n\n<p>Aunque insiste en que no busca protagonismo electoral, el relato se derrumba apenas uno observa los movimientos que orbitan a su alrededor. Bullrich no s\u00f3lo mantiene di\u00e1logo directo y cotidiano con Milei, sino que se ha convertido en su vocera oficiosa en medio de internas sangrientas. Incluso, como dato menor pero no irrelevante, comparte desayunos dominicales con el presidente, incluyendo sus \u201cgalletitas favoritas\u201d, seg\u00fan relatan con sorna desde su entorno. Hay algo en ese gesto dom\u00e9stico que revela hasta qu\u00e9 punto la ministra ha sido absorbida por el ecosistema libertario.<\/p>\n\n\n\n<p>Para Bullrich, el Senado ser\u00eda apenas una escala. Su entorno ya no oculta que, si todo se alinea, podr\u00eda utilizar esa plataforma para pelear por la jefatura de Gobierno porte\u00f1a en 2027. Lo que alguna vez fue un basti\u00f3n PRO, hoy aparece como un bot\u00edn accesible para la avanzada libertaria. La Ciudad, otrora modelo de gesti\u00f3n amarilla, se desdibuja en los planes de una derecha que abandon\u00f3 toda pretensi\u00f3n de moderaci\u00f3n y abraz\u00f3 el despotismo del Excel.<\/p>\n\n\n\n<p>El gran perdedor de esta partida es Jorge Macri. Excluido, traicionado por su propio primo y sin espacio en la reconfiguraci\u00f3n libertaria, queda a la intemperie. Algunos especulan con que podr\u00eda sumarse al plan B que hornean radicales como Daniel Angelici y figuras desdibujadas como Horacio Rodr\u00edguez Larreta. El objetivo: construir una alternativa anti-kirchnerista pero tambi\u00e9n no-mile\u00edsta. Una avenida del medio que hoy parece una utop\u00eda sin asfalto ni se\u00f1ales.<\/p>\n\n\n\n<p>En esa avenida, a\u00fan en construcci\u00f3n, podr\u00eda renacer la figura de Jorge Macri. Las conversaciones entre \u00e9l y Larreta est\u00e1n rotas, pero no del todo muertas. Intermediarios hay, y los tiempos pol\u00edticos son tan l\u00edquidos que los enemigos de ayer pueden ser los aliados de ma\u00f1ana. Lo que est\u00e1 claro es que el PRO ya no es lo que era. Fragmentado, entregado y subordinado, se volvi\u00f3 reh\u00e9n del experimento libertario al que alguna vez quiso liderar.<\/p>\n\n\n\n<p>Los acuerdos entre Caputo y Macri, la obediencia de Bullrich, el silencio de Vidal, la exclusi\u00f3n de Lospennato, la humillaci\u00f3n de Jorge y la sonrisa de Milei son postales de un partido que perdi\u00f3 el control de su destino. El PRO, que supo marcar agenda y construir poder, hoy se ve reducido a la condici\u00f3n de furg\u00f3n de cola. Una derecha que crey\u00f3 que pod\u00eda domar al le\u00f3n, pero termin\u00f3 devorada por sus fauces.<\/p>\n\n\n\n<p>No es s\u00f3lo una interna. Es un reordenamiento brutal de las reglas del poder en la Ciudad de Buenos Aires. La Libertad Avanza avanza, sin piedad ni nostalgia. Y lo hace dejando cad\u00e1veres pol\u00edticos a su paso. Jorge Macri es el \u00faltimo. No ser\u00e1 el \u00fanico.<\/p>\n\n\n\n<p>Fuente:<\/p>\n\n\n\n<ul class=\"wp-block-list\">\n<li><a href=\"https:\/\/www.tiempoar.com.ar\/ta_article\/gobierno-evaluan-alianza-con-pro-en-ciudad-pero-sin-jorge-macri\/\">https:\/\/www.tiempoar.com.ar\/ta_article\/gobierno-evaluan-alianza-con-pro-en-ciudad-pero-sin-jorge-macri\/<\/a><\/li>\n<\/ul>\n","protected":false},"excerpt":{"rendered":"<p>El acuerdo electoral entre el oficialismo libertario y el partido amarillo avanza en territorio porte\u00f1o, pero con condiciones innegociables: excluir a Jorge Macri y blindar la boleta de cualquier \u201cdesv\u00edo ideol\u00f3gico\u201d dentro del PRO. La decisi\u00f3n, avalada por Mauricio y ejecutada por Caputo, marca un verdadero quiebre interno. El PRO, sin br\u00fajula, da se\u00f1ales de&#8230;<\/p>\n","protected":false},"author":13,"featured_media":6389,"comment_status":"open","ping_status":"open","sticky":false,"template":"","format":"standard","meta":{"_monsterinsights_skip_tracking":false,"_monsterinsights_sitenote_active":false,"_monsterinsights_sitenote_note":"","_monsterinsights_sitenote_category":0,"footnotes":"","jetpack_publicize_message":"","jetpack_publicize_feature_enabled":true,"jetpack_social_post_already_shared":true,"jetpack_social_options":{"image_generator_settings":{"template":"highway","default_image_id":0,"font":"","enabled":false},"version":2}},"categories":[2],"tags":[1468,262,184,1437,190,2030,2029,45,616,939],"class_list":["post-6388","post","type-post","status-publish","format-standard","has-post-thumbnail","hentry","category-politica","tag-alianza","tag-bullrich","tag-caputo","tag-ciudad","tag-elecciones","tag-jorgemacri","tag-mauriciomacri","tag-milei","tag-pro","tag-traicion"],"jetpack_publicize_connections":[],"_links":{"self":[{"href":"https:\/\/www.enorsai.com\/noticias\/wp-json\/wp\/v2\/posts\/6388","targetHints":{"allow":["GET"]}}],"collection":[{"href":"https:\/\/www.enorsai.com\/noticias\/wp-json\/wp\/v2\/posts"}],"about":[{"href":"https:\/\/www.enorsai.com\/noticias\/wp-json\/wp\/v2\/types\/post"}],"author":[{"embeddable":true,"href":"https:\/\/www.enorsai.com\/noticias\/wp-json\/wp\/v2\/users\/13"}],"replies":[{"embeddable":true,"href":"https:\/\/www.enorsai.com\/noticias\/wp-json\/wp\/v2\/comments?post=6388"}],"version-history":[{"count":1,"href":"https:\/\/www.enorsai.com\/noticias\/wp-json\/wp\/v2\/posts\/6388\/revisions"}],"predecessor-version":[{"id":6390,"href":"https:\/\/www.enorsai.com\/noticias\/wp-json\/wp\/v2\/posts\/6388\/revisions\/6390"}],"wp:featuredmedia":[{"embeddable":true,"href":"https:\/\/www.enorsai.com\/noticias\/wp-json\/wp\/v2\/media\/6389"}],"wp:attachment":[{"href":"https:\/\/www.enorsai.com\/noticias\/wp-json\/wp\/v2\/media?parent=6388"}],"wp:term":[{"taxonomy":"category","embeddable":true,"href":"https:\/\/www.enorsai.com\/noticias\/wp-json\/wp\/v2\/categories?post=6388"},{"taxonomy":"post_tag","embeddable":true,"href":"https:\/\/www.enorsai.com\/noticias\/wp-json\/wp\/v2\/tags?post=6388"}],"curies":[{"name":"wp","href":"https:\/\/api.w.org\/{rel}","templated":true}]}}