{"id":6377,"date":"2025-07-17T05:30:37","date_gmt":"2025-07-17T08:30:37","guid":{"rendered":"http:\/\/www.enorsai.com\/noticias\/?p=6377"},"modified":"2025-07-17T05:30:37","modified_gmt":"2025-07-17T08:30:37","slug":"el-presidente-de-la-libertad-avanza-en-punta-indio-reivindico-la-dictadura-y-glorifico-los-falcon-verdes","status":"publish","type":"post","link":"https:\/\/www.enorsai.com\/noticias\/politica\/el-presidente-de-la-libertad-avanza-en-punta-indio-reivindico-la-dictadura-y-glorifico-los-falcon-verdes\/","title":{"rendered":"El presidente de La Libertad Avanza en Punta Indio reivindic\u00f3 la dictadura y glorific\u00f3 los Falcon verdes"},"content":{"rendered":"\n<p>Un exmilitar, hoy referente de La Libertad Avanza en Punta Indio, glorific\u00f3 los cr\u00edmenes de la dictadura desde un streaming local. La reacci\u00f3n de la comunidad, el silencio del oficialismo libertario y el preocupante respaldo ideol\u00f3gico desde el gobierno nacional. Jorge Pablo Cabrera, suboficial retirado y presidente local de La Libertad Avanza, no tuvo reparos en glorificar al terrorismo de Estado al recordar con nostalgia el olor a \u201cjusticia\u201d del ba\u00fal de un Falcon verde. Su frase, lejos de ser un exabrupto aislado, expone un clima pol\u00edtico que habilita discursos negacionistas y apolog\u00edas del genocidio. El repudio social crece, pero el gobierno guarda silencio.<\/p>\n\n\n\n<p>\u201cMi pap\u00e1 tuvo un Falcon verde cuando yo era chico. Abr\u00edas el ba\u00fal y todav\u00eda ol\u00eda a justicia\u201d. La frase retumba, no por su lirismo decadente, sino por su carga simb\u00f3lica cargada de horror. El que la pronunci\u00f3 no es un nost\u00e1lgico cualquiera en una sobremesa de bar. Es Jorge Pablo Cabrera, suboficial retirado de la Armada, actual presidente de La Libertad Avanza en Punta Indio y potencial candidato del partido de Javier Milei en ese distrito bonaerense. El contexto fue un streaming emitido desde FM del Sur 103.7 de Ver\u00f3nica, pero el impacto fue nacional: una apolog\u00eda sin eufemismos del aparato represivo de la \u00faltima dictadura c\u00edvico-militar.<\/p>\n\n\n\n<p>Lo que para Cabrera parece ser un recuerdo familiar, para cualquier argentino con un m\u00ednimo de memoria hist\u00f3rica representa una afrenta. El Ford Falcon verde no es un auto m\u00e1s: es un \u00edcono de la represi\u00f3n ilegal, de los secuestros a plena luz del d\u00eda, de las desapariciones sin rastro. Cabrera lo invoca como s\u00edmbolo de \u201cjusticia\u201d. \u00bfQu\u00e9 clase de justicia cabe en el fondo de un ba\u00fal?<\/p>\n\n\n\n<p>Pero lo dicho por Cabrera no es un caso aislado, ni un desliz verbal sin consecuencias. Ocurre en un contexto donde desde las m\u00e1s altas esferas del gobierno nacional se niega, relativiza o directamente se reivindica la represi\u00f3n ilegal. Las expresiones de Cabrera, m\u00e1s que exabrupto, son s\u00edntoma. Son la verbalizaci\u00f3n brutal de una corriente de pensamiento que encontr\u00f3 en el actual clima pol\u00edtico el permiso para salir a la superficie.<\/p>\n\n\n\n<p>En el pueblo de Ver\u00f3nica, cabecera del partido de Punta Indio, las palabras de Cabrera no pasaron desapercibidas. La comunidad entera fue sacudida. El recorte de video con la frase viraliz\u00f3 como fuego en pasto seco. Las autoridades provinciales fueron alertadas de inmediato: tanto la Comisi\u00f3n Provincial por la Memoria como la Subsecretar\u00eda de Derechos Humanos comenzaron a evaluar acciones legales. Porque s\u00ed, lo dicho por Cabrera podr\u00eda configurar claramente el delito de apolog\u00eda del terrorismo de Estado.<\/p>\n\n\n\n<p>Desde lo institucional, el ex juez de paz Guillermo Fina lo expres\u00f3 con precisi\u00f3n quir\u00fargica: \u201cEstos personajes guardaron silencio durante a\u00f1os y ahora est\u00e1n desatados, porque sienten que el clima impulsado desde el gobierno nacional los favorece\u201d. Cabrera no est\u00e1 solo, y lo sabe. Siente el aliento ideol\u00f3gico de un gobierno que convirti\u00f3 el negacionismo en pol\u00edtica de Estado, que niega la cifra de los 30.000 desaparecidos, que defiende genocidas como si fuesen presos pol\u00edticos, y que relativiza uno de los cap\u00edtulos m\u00e1s oscuros de nuestra historia.<\/p>\n\n\n\n<p>Su esposa, Sandra Cano, no es una figura menor en esta trama. Fue coordinadora del espacio hasta su formalizaci\u00f3n como partido, y hoy es la tesorera de La Libertad Avanza en el distrito. Hace apenas semanas, comparti\u00f3 en redes sociales un video de Karina Milei con la frase: \u201cen la provincia, es kirchnerismo o libertad\u201d. Cuando fue consultada por los dichos de su marido, su respuesta fue tan esquiva como reveladora: \u201cNo tenemos ninguna confrontaci\u00f3n con los comentarios mal habidos de las redes sociales\u201d. Luego, cort\u00f3 la llamada. El silencio como estrategia. La complicidad como m\u00e9todo.<\/p>\n\n\n\n<p>La estructura libertaria local no es un hervidero de improvisados. Es un armado pol\u00edtico concreto, con intenciones electorales y alianzas en tensi\u00f3n. Cabrera o su esposa eran, hasta hace pocos d\u00edas, las principales figuras para encabezar la lista de concejales. Pero ahora todo tambalea. La alianza entre La Libertad Avanza y el PRO local pende de un hilo. La presi\u00f3n sobre el radical Gerardo Landa, impulsor del acuerdo, es creciente. Con una tradici\u00f3n alfonsinista que no tolera gui\u00f1os a la dictadura, Landa podr\u00eda verse forzado a repudiar p\u00fablicamente a Cabrera, dinamitando el precario acuerdo.<\/p>\n\n\n\n<p>Del otro lado del tablero, el PRO eval\u00faa alternativas. El productor agropecuario Juan D\u2019Amico se posiciona como posible cabeza de una f\u00f3rmula bajo el viejo paraguas de Cambiemos, ahora rebautizado como \u201cSomos Buenos Aires\u201d. En esa misma danza de candidaturas aparece Sergio Grabchuk, ex combatiente de Malvinas y ex miembro de la Unidad Popular, quien fue desplazado del armado libertario local por el t\u00e1ndem Cabrera-Cano.<\/p>\n\n\n\n<p>No se trata de una interna de pueblo chico. Se trata de una se\u00f1al de alerta: la reivindicaci\u00f3n del genocidio ya no se camufla, no se disfraza, no se oculta entre l\u00edneas. Se dice con descaro, con nostalgia, con orgullo. Y se sostiene desde estructuras partidarias que tienen representaci\u00f3n legislativa y apoyo presidencial.<\/p>\n\n\n\n<p>El gobierno de Javier Milei, lejos de desmarcarse de estas expresiones, las estimula con su ret\u00f3rica incendiaria. Su discurso binario, violento y revanchista habilita que personajes como Cabrera sientan que tienen permiso para hablar as\u00ed. Y cuando los l\u00edderes pol\u00edticos permiten \u2014o directamente avalan\u2014 este tipo de reivindicaciones, lo que est\u00e1 en juego es el pacto democr\u00e1tico mismo.<\/p>\n\n\n\n<p>La sociedad civil, por su parte, comienza a organizarse. Sindicatos, organizaciones sociales y culturales preparan actos de repudio. El bloque de Uni\u00f3n por la Patria llevar\u00e1 el tema al Concejo Deliberante. Porque si algo qued\u00f3 claro es que no se trata s\u00f3lo de una frase. Se trata de un s\u00edntoma grave. Y frente a eso, el silencio no es neutral: es complicidad.<\/p>\n\n\n\n<p>Argentina construy\u00f3 su democracia sobre la memoria, la verdad y la justicia. La frase de Cabrera, con su tufo a impunidad y su romanticismo perverso, es un insulto a esos pilares. La pregunta, entonces, es si vamos a permitir que desde los m\u00e1rgenes del poder se reescriba la historia con olor a ba\u00fal cerrado y Falcon verde. O si, por el contrario, daremos una respuesta firme, clara y sin ambig\u00fcedades: el terrorismo de Estado no tiene lugar en nuestra democracia. Ni como pol\u00edtica, ni como nostalgia, ni como met\u00e1fora.<\/p>\n\n\n\n<p><strong>Fuentes :<\/strong><\/p>\n\n\n\n<ul class=\"wp-block-list\">\n<li><a href=\"https:\/\/www.pagina12.com.ar\/750451-el-presidente-de-la-libertad-avanza-en-punta-indio-reivindico\">https:\/\/www.pagina12.com.ar\/750451-el-presidente-de-la-libertad-avanza-en-punta-indio-reivindico<\/a><\/li>\n<\/ul>\n","protected":false},"excerpt":{"rendered":"<p>Un exmilitar, hoy referente de La Libertad Avanza en Punta Indio, glorific\u00f3 los cr\u00edmenes de la dictadura desde un streaming local. La reacci\u00f3n de la comunidad, el silencio del oficialismo libertario y el preocupante respaldo ideol\u00f3gico desde el gobierno nacional. Jorge Pablo Cabrera, suboficial retirado y presidente local de La Libertad Avanza, no tuvo reparos&#8230;<\/p>\n","protected":false},"author":12,"featured_media":6378,"comment_status":"open","ping_status":"open","sticky":false,"template":"","format":"standard","meta":{"_monsterinsights_skip_tracking":false,"_monsterinsights_sitenote_active":false,"_monsterinsights_sitenote_note":"","_monsterinsights_sitenote_category":0,"footnotes":"","jetpack_publicize_message":"","jetpack_publicize_feature_enabled":true,"jetpack_social_post_already_shared":true,"jetpack_social_options":{"image_generator_settings":{"template":"highway","default_image_id":0,"font":"","enabled":false},"version":2}},"categories":[1908,2],"tags":[2021,209,69,207,2022,605,97,45,801,800],"class_list":["post-6377","post","type-post","status-publish","format-standard","has-post-thumbnail","hentry","category-derechos-humanos","category-politica","tag-apologia","tag-democracia","tag-derechos","tag-dictadura","tag-falcon","tag-libertarios","tag-memoria","tag-milei","tag-negacionismo","tag-terrorismo"],"jetpack_publicize_connections":[],"_links":{"self":[{"href":"https:\/\/www.enorsai.com\/noticias\/wp-json\/wp\/v2\/posts\/6377","targetHints":{"allow":["GET"]}}],"collection":[{"href":"https:\/\/www.enorsai.com\/noticias\/wp-json\/wp\/v2\/posts"}],"about":[{"href":"https:\/\/www.enorsai.com\/noticias\/wp-json\/wp\/v2\/types\/post"}],"author":[{"embeddable":true,"href":"https:\/\/www.enorsai.com\/noticias\/wp-json\/wp\/v2\/users\/12"}],"replies":[{"embeddable":true,"href":"https:\/\/www.enorsai.com\/noticias\/wp-json\/wp\/v2\/comments?post=6377"}],"version-history":[{"count":1,"href":"https:\/\/www.enorsai.com\/noticias\/wp-json\/wp\/v2\/posts\/6377\/revisions"}],"predecessor-version":[{"id":6379,"href":"https:\/\/www.enorsai.com\/noticias\/wp-json\/wp\/v2\/posts\/6377\/revisions\/6379"}],"wp:featuredmedia":[{"embeddable":true,"href":"https:\/\/www.enorsai.com\/noticias\/wp-json\/wp\/v2\/media\/6378"}],"wp:attachment":[{"href":"https:\/\/www.enorsai.com\/noticias\/wp-json\/wp\/v2\/media?parent=6377"}],"wp:term":[{"taxonomy":"category","embeddable":true,"href":"https:\/\/www.enorsai.com\/noticias\/wp-json\/wp\/v2\/categories?post=6377"},{"taxonomy":"post_tag","embeddable":true,"href":"https:\/\/www.enorsai.com\/noticias\/wp-json\/wp\/v2\/tags?post=6377"}],"curies":[{"name":"wp","href":"https:\/\/api.w.org\/{rel}","templated":true}]}}