{"id":6373,"date":"2025-07-16T20:54:54","date_gmt":"2025-07-16T23:54:54","guid":{"rendered":"https:\/\/www.enorsai.com\/noticias\/politica\/un-exmilitar-libertario-llamo-justicia-a-las-desapariciones-de-la-ultima-dictadura\/"},"modified":"2025-07-16T20:54:54","modified_gmt":"2025-07-16T23:54:54","slug":"un-exmilitar-libertario-llamo-justicia-a-las-desapariciones-de-la-ultima-dictadura","status":"publish","type":"post","link":"https:\/\/www.enorsai.com\/noticias\/politica\/un-exmilitar-libertario-llamo-justicia-a-las-desapariciones-de-la-ultima-dictadura\/","title":{"rendered":"Un exmilitar libertario llam\u00f3 \u201cjusticia\u201d a las desapariciones de la \u00faltima dictadura"},"content":{"rendered":"\n<p>El referente de La Libertad Avanza en Punta Indio celebr\u00f3 en vivo las desapariciones forzadas. \u201cTodav\u00eda ol\u00eda a justicia\u201d, afirm\u00f3 durante un programa radial, en medio del avance de discursos negacionistas.<br><br>Un exmilitar y referente local de La Libertad Avanza (LLA) en Punta Indio provoc\u00f3 repudio tras reivindicar p\u00fablicamente las desapariciones forzadas cometidas durante la \u00faltima dictadura c\u00edvico-militar argentina.<br><br>Se trata de Pablo Cabrera, suboficial retirado de la Armada, quien realiz\u00f3 sus declaraciones el pasado 16 de julio durante un programa partidario de LLA que se emite por FM del Sur 103.7, en Ver\u00f3nica, cabecera del partido bonaerense de Punta Indio.<br><br>Seg\u00fan consign\u00f3 el periodista Fausto Ramos en el portal C\u00f3digo Baires, Cabrera relataba la llegada de un Ford Falcon verde a su familia cuando lanz\u00f3 la frase:<br><br>&gt; \u201cTuve la fortuna de que mi pap\u00e1 tuvo toda la vida Ford Falcon\u2026 el verde aceituna\u2026 y abr\u00edas el ba\u00fal y todav\u00eda ol\u00eda a justicia\u201d.<br><br>El Ford Falcon verde fue uno de los veh\u00edculos m\u00e1s emblem\u00e1ticos utilizados por los grupos de tareas de la dictadura para secuestrar y desaparecer personas, y se convirti\u00f3 en s\u00edmbolo del terrorismo de Estado.<br><br>Las declaraciones de Cabrera se suman a otras expresiones negacionistas surgidas de sectores libertarios en los \u00faltimos meses. El propio gobierno nacional neg\u00f3 el pasado 30 de marzo la cifra de 30.000 desaparecidos, al sostener que \u201chay que contar la historia completa\u201d.<\/p>\n\n\n\n<figure class=\"wp-block-embed is-type-rich is-provider-twitter wp-block-embed-twitter\"><div class=\"wp-block-embed__wrapper\">\n<blockquote class=\"twitter-tweet\" data-width=\"550\" data-dnt=\"true\"><p lang=\"es\" dir=\"ltr\"><a href=\"https:\/\/twitter.com\/hashtag\/CodigoBAIRES?src=hash&amp;ref_src=twsrc%5Etfw\">#CodigoBAIRES<\/a> | El exmilitar y referente de La Libertad Avanza en Punta Indio, Pablo Cabrera celebr\u00f3 en vivo las desapariciones forzadas durante la dictadura. \u201cTodav\u00eda ol\u00eda a justicia\u201d, dijo. <a href=\"https:\/\/t.co\/nhKvxah7wv\">pic.twitter.com\/nhKvxah7wv<\/a><\/p>&mdash; Radio La Plata 90.9 (@radiolaplata909) <a href=\"https:\/\/twitter.com\/radiolaplata909\/status\/1945602024252293129?ref_src=twsrc%5Etfw\">July 16, 2025<\/a><\/blockquote><script async src=\"https:\/\/platform.twitter.com\/widgets.js\" charset=\"utf-8\"><\/script>\n<\/div><\/figure>\n\n\n\n<p><br>En la misma l\u00ednea, la vicepresidenta Victoria Villarruel ha reiterado en varias ocasiones su reclamo de que haya \u201cjusticia\u201d para los represores y ha participado en marchas a favor de su liberaci\u00f3n. Incluso, en 2023, un grupo de diputados oficialistas visit\u00f3 en micro a militares condenados por delitos de lesa humanidad, en un gesto que volvi\u00f3 a exponer la sinton\u00eda de parte del oficialismo con el discurso negacionista.<br><br>Las palabras de Cabrera reavivan el debate sobre el avance de discursos que relativizan o justifican los cr\u00edmenes de la dictadura, y vuelven a encender la alerta sobre el riesgo del negacionismo en la vida democr\u00e1tica argentina.<br><br>Fuente:<\/p>\n\n\n\n<ul class=\"wp-block-list\">\n<li>https:\/\/www.codigobaires.com.ar\/2025-07-16\/un-exmilitar-libertario-llamo-justicia-a-las-desapariciones-de-la-ultima-dictadura-242790\/<\/li>\n<\/ul>\n","protected":false},"excerpt":{"rendered":"<p>El referente de La Libertad Avanza en Punta Indio celebr\u00f3 en vivo las desapariciones forzadas. \u201cTodav\u00eda ol\u00eda a justicia\u201d, afirm\u00f3 durante un programa radial, en medio del avance de discursos negacionistas. Un exmilitar y referente local de La Libertad Avanza (LLA) en Punta Indio provoc\u00f3 repudio tras reivindicar p\u00fablicamente las desapariciones forzadas cometidas durante la&#8230;<\/p>\n","protected":false},"author":13,"featured_media":6372,"comment_status":"open","ping_status":"open","sticky":false,"template":"","format":"standard","meta":{"_monsterinsights_skip_tracking":false,"_monsterinsights_sitenote_active":false,"_monsterinsights_sitenote_note":"","_monsterinsights_sitenote_category":0,"footnotes":"","jetpack_publicize_message":"","jetpack_publicize_feature_enabled":true,"jetpack_social_post_already_shared":true,"jetpack_social_options":{"image_generator_settings":{"template":"highway","default_image_id":0,"font":"","enabled":false},"version":2}},"categories":[2],"tags":[],"class_list":["post-6373","post","type-post","status-publish","format-standard","has-post-thumbnail","hentry","category-politica"],"jetpack_publicize_connections":[],"_links":{"self":[{"href":"https:\/\/www.enorsai.com\/noticias\/wp-json\/wp\/v2\/posts\/6373","targetHints":{"allow":["GET"]}}],"collection":[{"href":"https:\/\/www.enorsai.com\/noticias\/wp-json\/wp\/v2\/posts"}],"about":[{"href":"https:\/\/www.enorsai.com\/noticias\/wp-json\/wp\/v2\/types\/post"}],"author":[{"embeddable":true,"href":"https:\/\/www.enorsai.com\/noticias\/wp-json\/wp\/v2\/users\/13"}],"replies":[{"embeddable":true,"href":"https:\/\/www.enorsai.com\/noticias\/wp-json\/wp\/v2\/comments?post=6373"}],"version-history":[{"count":0,"href":"https:\/\/www.enorsai.com\/noticias\/wp-json\/wp\/v2\/posts\/6373\/revisions"}],"wp:featuredmedia":[{"embeddable":true,"href":"https:\/\/www.enorsai.com\/noticias\/wp-json\/wp\/v2\/media\/6372"}],"wp:attachment":[{"href":"https:\/\/www.enorsai.com\/noticias\/wp-json\/wp\/v2\/media?parent=6373"}],"wp:term":[{"taxonomy":"category","embeddable":true,"href":"https:\/\/www.enorsai.com\/noticias\/wp-json\/wp\/v2\/categories?post=6373"},{"taxonomy":"post_tag","embeddable":true,"href":"https:\/\/www.enorsai.com\/noticias\/wp-json\/wp\/v2\/tags?post=6373"}],"curies":[{"name":"wp","href":"https:\/\/api.w.org\/{rel}","templated":true}]}}