{"id":6369,"date":"2025-07-16T18:56:17","date_gmt":"2025-07-16T21:56:17","guid":{"rendered":"https:\/\/www.enorsai.com\/noticias\/economia\/derrumbe-el-empleo-privado-en-chaco-registra-su-tercer-mes-de-baja-consecutiva\/"},"modified":"2025-07-16T18:56:17","modified_gmt":"2025-07-16T21:56:17","slug":"derrumbe-el-empleo-privado-en-chaco-registra-su-tercer-mes-de-baja-consecutiva","status":"publish","type":"post","link":"https:\/\/www.enorsai.com\/noticias\/economia\/derrumbe-el-empleo-privado-en-chaco-registra-su-tercer-mes-de-baja-consecutiva\/","title":{"rendered":"Derrumbe: El empleo privado en Chaco registra su tercer mes de baja consecutiva"},"content":{"rendered":"\n<p>Chaco pierde m\u00e1s de 4.000 empleos privados desde el inicio del gobierno de Milei y queda rezagado frente al NEA<br><br>Mientras el empleo privado crece a nivel nacional y en provincias vecinas, Chaco registra su tercera baja consecutiva y es el \u00fanico distrito del NEA en retroceso.<br><br>Un informe de Politikon Chaco revela que la provincia perdi\u00f3 5,2% de su empleo privado formal desde noviembre de 2023. En contraste, Misiones, Corrientes y Formosa muestran datos positivos. A nivel pa\u00eds, a\u00fan persisten secuelas laborales del ajuste libertario, con m\u00e1s de 100.000 empleos privados formales perdidos desde el cambio de gobierno.<br><br>La crisis laboral no da tregua en la provincia del Chaco. Seg\u00fan un reciente informe de la consultora Politikon Chaco, elaborado en base a datos de la Secretar\u00eda de Trabajo, Empleo y Seguridad Social de la Naci\u00f3n, la provincia registr\u00f3 en abril de 2025 una nueva ca\u00edda en el empleo privado formal, consolidando tres meses consecutivos en retroceso.<br><br>En n\u00fameros, durante abril se contabilizaron 73.563 trabajadores registrados en el sector privado chaque\u00f1o, lo que implica 258 empleos menos que en marzo, equivalentes a una baja del 0,3% mensual. La tendencia negativa hab\u00eda comenzado en febrero (-0,2%) y continuado en marzo (-0,1%).<br><br>El dato m\u00e1s alarmante surge al comparar la foto actual con la de fines del a\u00f1o pasado: desde noviembre de 2023, Chaco perdi\u00f3 un total de 4.048 empleos privados formales, lo que representa una ca\u00edda acumulada del 5,2% en el per\u00edodo de gobierno de Javier Milei.<\/p>\n\n\n\n<figure class=\"wp-block-image size-large\"><img loading=\"lazy\" decoding=\"async\" width=\"440\" height=\"250\" src=\"https:\/\/www.enorsai.com\/noticias\/wp-content\/uploads\/2025\/07\/419984w440h250c4427317569239209791.jpg\" alt=\"\" class=\"wp-image-6367\" srcset=\"https:\/\/www.enorsai.com\/noticias\/wp-content\/uploads\/2025\/07\/419984w440h250c4427317569239209791.jpg 440w, https:\/\/www.enorsai.com\/noticias\/wp-content\/uploads\/2025\/07\/419984w440h250c4427317569239209791-300x170.jpg 300w\" sizes=\"auto, (max-width: 440px) 100vw, 440px\" \/><\/figure>\n\n\n\n<p><br><br>Rezago frente al NEA<br><br>El derrumbe chaque\u00f1o cobra mayor gravedad al observar lo que ocurre en el resto de la regi\u00f3n. En abril, Chaco fue la \u00fanica provincia del NEA en mostrar una ca\u00edda mensual del empleo privado, mientras que Misiones creci\u00f3 un 0,7%, Corrientes un 0,4% y Formosa un 0,2%. El contraste regional expone el rezago chaque\u00f1o en la recuperaci\u00f3n del empleo.<br><br>Contexto nacional: leve repunte, pero cifras en rojo<br><br>A nivel nacional, el panorama mostr\u00f3 en abril un leve repunte: el empleo privado formal creci\u00f3 un 0,2% mensual, sumando 12.737 nuevos puestos. Sectores como el agro (+1,6%), la construcci\u00f3n (+0,8%) y el comercio (+0,2%) encabezaron la recuperaci\u00f3n.<br><br>Sin embargo, el balance sigue siendo negativo si se observa el acumulado del gobierno libertario: el pa\u00eds est\u00e1 a\u00fan un 1,6% por debajo de los niveles de empleo privado formal previos al cambio de administraci\u00f3n, lo que equivale a 104.603 empleos formales menos en los \u00faltimos 17 meses.<br><br>Entre las provincias, quince distritos registraron aumentos mensuales del empleo privado, destac\u00e1ndose La Rioja (+4,1%) y Tierra del Fuego (+1,4%). En cuatro provincias se mantuvo estable y solo cinco mostraron ca\u00eddas, siendo la m\u00e1s pronunciada la de Santa Cruz, con un retroceso del -1,4%.<br><br>M\u00e1s de 6.700 empleos perdidos en el \u00faltimo a\u00f1o<br><br>La crisis en Chaco tiene una dimensi\u00f3n interanual todav\u00eda m\u00e1s severa. Seg\u00fan datos oficiales, el empleo privado formal descendi\u00f3 en junio un 8,2% respecto al mismo mes del a\u00f1o anterior, lo que significa una p\u00e9rdida de 6.711 puestos laborales en apenas un a\u00f1o.<br><br>Un horizonte incierto<br><br>La realidad chaque\u00f1a refleja las dificultades de una econom\u00eda provincial que no logra revertir la p\u00e9rdida de empleo privado, mientras en otras jurisdicciones aparecen leves se\u00f1ales de recuperaci\u00f3n. Con una ca\u00edda sostenida desde principios de 2024 y cifras interanuales en rojo, el Chaco enfrenta el desaf\u00edo de recomponer su mercado laboral, en un contexto nacional atravesado por pol\u00edticas de ajuste y contracci\u00f3n de la actividad.<br><br>Fuente:<\/p>\n\n\n\n<ul class=\"wp-block-list\">\n<li>https:\/\/www.diarionorte.com\/307671-desde-fines-de-2023-el-chaco-perdio-mas-de-4000-empleos%C2%A0privados<\/li>\n<\/ul>\n","protected":false},"excerpt":{"rendered":"<p>Chaco pierde m\u00e1s de 4.000 empleos privados desde el inicio del gobierno de Milei y queda rezagado frente al NEA Mientras el empleo privado crece a nivel nacional y en provincias vecinas, Chaco registra su tercera baja consecutiva y es el \u00fanico distrito del NEA en retroceso. Un informe de Politikon Chaco revela que la&#8230;<\/p>\n","protected":false},"author":11,"featured_media":6368,"comment_status":"open","ping_status":"open","sticky":false,"template":"","format":"standard","meta":{"_monsterinsights_skip_tracking":false,"_monsterinsights_sitenote_active":false,"_monsterinsights_sitenote_note":"","_monsterinsights_sitenote_category":0,"footnotes":"","jetpack_publicize_message":"","jetpack_publicize_feature_enabled":true,"jetpack_social_post_already_shared":true,"jetpack_social_options":{"image_generator_settings":{"template":"highway","default_image_id":0,"font":"","enabled":false},"version":2}},"categories":[3,4],"tags":[],"class_list":["post-6369","post","type-post","status-publish","format-standard","has-post-thumbnail","hentry","category-economia","category-sociedad"],"jetpack_publicize_connections":[],"_links":{"self":[{"href":"https:\/\/www.enorsai.com\/noticias\/wp-json\/wp\/v2\/posts\/6369","targetHints":{"allow":["GET"]}}],"collection":[{"href":"https:\/\/www.enorsai.com\/noticias\/wp-json\/wp\/v2\/posts"}],"about":[{"href":"https:\/\/www.enorsai.com\/noticias\/wp-json\/wp\/v2\/types\/post"}],"author":[{"embeddable":true,"href":"https:\/\/www.enorsai.com\/noticias\/wp-json\/wp\/v2\/users\/11"}],"replies":[{"embeddable":true,"href":"https:\/\/www.enorsai.com\/noticias\/wp-json\/wp\/v2\/comments?post=6369"}],"version-history":[{"count":0,"href":"https:\/\/www.enorsai.com\/noticias\/wp-json\/wp\/v2\/posts\/6369\/revisions"}],"wp:featuredmedia":[{"embeddable":true,"href":"https:\/\/www.enorsai.com\/noticias\/wp-json\/wp\/v2\/media\/6368"}],"wp:attachment":[{"href":"https:\/\/www.enorsai.com\/noticias\/wp-json\/wp\/v2\/media?parent=6369"}],"wp:term":[{"taxonomy":"category","embeddable":true,"href":"https:\/\/www.enorsai.com\/noticias\/wp-json\/wp\/v2\/categories?post=6369"},{"taxonomy":"post_tag","embeddable":true,"href":"https:\/\/www.enorsai.com\/noticias\/wp-json\/wp\/v2\/tags?post=6369"}],"curies":[{"name":"wp","href":"https:\/\/api.w.org\/{rel}","templated":true}]}}