{"id":6366,"date":"2025-07-16T18:17:48","date_gmt":"2025-07-16T21:17:48","guid":{"rendered":"https:\/\/www.enorsai.com\/noticias\/politica\/martin-gak-milei-es-un-imbecil-practico-que-expone-a-la-argentina-al-colapso-moral-y-geopolitico\/"},"modified":"2025-07-16T18:17:48","modified_gmt":"2025-07-16T21:17:48","slug":"martin-gak-milei-es-un-imbecil-practico-que-expone-a-la-argentina-al-colapso-moral-y-geopolitico","status":"publish","type":"post","link":"https:\/\/www.enorsai.com\/noticias\/politica\/martin-gak-milei-es-un-imbecil-practico-que-expone-a-la-argentina-al-colapso-moral-y-geopolitico\/","title":{"rendered":"Mart\u00edn Gak: \u201cMilei es un imb\u00e9cil pr\u00e1ctico que expone a la Argentina al colapso moral y geopol\u00edtico\u201d"},"content":{"rendered":"\n<p>El fil\u00f3sofo y experto en \u00e9tica internacional cuestion\u00f3 con dureza la alineaci\u00f3n incondicional del presidente con Israel, alertando sobre las consecuencias pol\u00edticas, diplom\u00e1ticas y humanas de esa postura.<br><br>En una entrevista radial, el acad\u00e9mico Mart\u00edn Gak calific\u00f3 como \u201cbochornosa y escalofriante\u201d la intervenci\u00f3n del presidente Javier Milei en pol\u00edtica exterior, advirtiendo que su actitud \u201cpatotera\u201d frente al conflicto en Medio Oriente transforma a la Argentina en un \u201cblanco blando\u201d ante el terrorismo internacional. Adem\u00e1s, denunci\u00f3 el colapso de los valores morales democr\u00e1ticos ante el genocidio en Gaza y apunt\u00f3 contra la maquinaria de desinformaci\u00f3n medi\u00e1tica.<br><br>\u201cMilei es un imb\u00e9cil pr\u00e1ctico\u201d. Con esa frase lapidaria, el periodista, fil\u00f3sofo y experto en \u00e9tica y religi\u00f3n Mart\u00edn Gak describi\u00f3 al presidente argentino en el aire de Radio Noticias 99.5, al referirse a su activa defensa del Estado de Israel en el marco del genocidio al pueblo palestino.<br><br>Gak no ahorr\u00f3 cr\u00edticas a la pol\u00edtica internacional del mandatario libertario, a la que calific\u00f3 como \u201cbochornosa y escalofriante\u201d. Seg\u00fan el especialista, el presidente argentino carece de \u201ccompetencia en las cosas que dice\u201d y act\u00faa de forma irresponsable al involucrarse en un conflicto geopol\u00edtico que podr\u00eda tener grav\u00edsimas consecuencias para el pa\u00eds.<br><br>\u201cArgentina es un blanco blando. Si Milei decide tomar como enemigo a Ir\u00e1n, el pa\u00eds no tiene ni la capacidad de defensa ni de prevenci\u00f3n de ataques como s\u00ed la tienen potencias como Estados Unidos o Israel\u201d, advirti\u00f3, recordando con crudeza que nuestro pa\u00eds ya sufri\u00f3 dos atentados terroristas internacionales: la AMIA y la Embajada de Israel.<br><br>En este sentido, alert\u00f3 que el comportamiento \u201cpatotero\u201d del presidente puede acarrear un \u201ccosto alt\u00edsimo para la Argentina\u201d y que actualmente se vive un \u201ccolapso total de los mecanismos democr\u00e1ticos\u201d.<br><br><br><br>El genocidio y el derrumbe de los valores democr\u00e1ticos<br><br>M\u00e1s all\u00e1 de la perspectiva geopol\u00edtica, Gak abord\u00f3 el conflicto desde una dimensi\u00f3n \u00e9tica y humanitaria. Denunci\u00f3 el genocidio que Israel lleva adelante sobre la poblaci\u00f3n palestina y sostuvo que el drama actual excede las disputas pol\u00edticas tradicionales: \u201cSiempre hubo diferencias por impuestos o pol\u00edticas p\u00fablicas, pero hoy debatimos el colapso de las representaciones morales m\u00e1s fundamentales\u201d.<br><br>El fil\u00f3sofo afirm\u00f3 que la reacci\u00f3n de la sociedad internacional es clara: \u201cEntre un 60 y 80 por ciento de la poblaci\u00f3n europea est\u00e1 a favor de sancionar a Israel. En Am\u00e9rica Latina ocurre algo similar\u201d. Sin embargo, denunci\u00f3 que el sistema de representaci\u00f3n moral ha colapsado: \u201cEstamos en un punto donde ni siquiera podemos representar nuestros valores. No podemos permitir que se maten chicos de un disparo en la cabeza o que bombardeen 36 hospitales en Gaza\u201d.<br><br>Gak acus\u00f3 a Israel de actuar como un \u201cEstado mafioso\u201d, sostenido por una red de \u201ct\u00edteres y agentes que promueven la desinformaci\u00f3n\u201d, y remarc\u00f3 que no hay excusa posible para lo que est\u00e1 ocurriendo. \u201cNo se puede justificar el exterminio de familias enteras. Hoy el aparato medi\u00e1tico hegem\u00f3nico repite que todo es culpa de Hamas, que el conflicto no existe, que no ocurri\u00f3\u201d.<br><br><br><br>Una cr\u00edtica al relato sionista y al negacionismo medi\u00e1tico<br><br>En otro tramo de su exposici\u00f3n, el acad\u00e9mico desarticul\u00f3 el relato que justifica la ocupaci\u00f3n israel\u00ed y el uso desproporcionado de la fuerza: \u201cIsrael no tiene derecho a defenderse de la poblaci\u00f3n que ocupa. Bajo la burbuja del sionismo, el pueblo palestino ha sido reducido a una caricatura. Nadie sabe qu\u00e9 es un palestino. Es un dibujo\u201d.<br><br>Finalmente, Gak cerr\u00f3 su intervenci\u00f3n con una reflexi\u00f3n brutal: \u201cEste horror es una cuesti\u00f3n de valores. Quien no tiene una reacci\u00f3n visceral ante las im\u00e1genes de Gaza no pertenece al g\u00e9nero humano\u201d.<br><br><br>Las declaraciones de Mart\u00edn Gak representan una denuncia demoledora contra el alineamiento acr\u00edtico del gobierno argentino con el r\u00e9gimen israel\u00ed. En un contexto donde las voces disidentes son estigmatizadas o invisibilizadas por el sistema medi\u00e1tico, sus palabras ponen en evidencia el colapso moral de una parte importante de las democracias occidentales y el peligro que implica para un pa\u00eds como Argentina abandonar su hist\u00f3rica pol\u00edtica de no intervenci\u00f3n.<br><br>La pol\u00edtica exterior del gobierno de Javier Milei, guiada por fanatismos ideol\u00f3gicos y desentendida de las consecuencias reales, no solo nos expone a conflictos que no nos pertenecen, sino que socava los cimientos \u00e9ticos de la convivencia democr\u00e1tica. La pregunta que queda flotando tras la intervenci\u00f3n de Gak es clara: \u00bfcu\u00e1nto m\u00e1s est\u00e1 dispuesto el pa\u00eds a sacrificar en nombre de un alineamiento sin matices?<br><br>Fuente:<\/p>\n\n\n\n<ul class=\"wp-block-list\">\n<li>https:\/\/www.laarena.com.ar\/audio\/milei-es-un-imbecil-practico&#8211;202571610140<\/li>\n<\/ul>\n","protected":false},"excerpt":{"rendered":"<p>El fil\u00f3sofo y experto en \u00e9tica internacional cuestion\u00f3 con dureza la alineaci\u00f3n incondicional del presidente con Israel, alertando sobre las consecuencias pol\u00edticas, diplom\u00e1ticas y humanas de esa postura. En una entrevista radial, el acad\u00e9mico Mart\u00edn Gak calific\u00f3 como \u201cbochornosa y escalofriante\u201d la intervenci\u00f3n del presidente Javier Milei en pol\u00edtica exterior, advirtiendo que su actitud \u201cpatotera\u201d&#8230;<\/p>\n","protected":false},"author":11,"featured_media":6365,"comment_status":"open","ping_status":"open","sticky":false,"template":"","format":"standard","meta":{"_monsterinsights_skip_tracking":false,"_monsterinsights_sitenote_active":false,"_monsterinsights_sitenote_note":"","_monsterinsights_sitenote_category":0,"footnotes":"","jetpack_publicize_message":"","jetpack_publicize_feature_enabled":true,"jetpack_social_post_already_shared":true,"jetpack_social_options":{"image_generator_settings":{"template":"highway","default_image_id":0,"font":"","enabled":false},"version":2}},"categories":[2],"tags":[],"class_list":["post-6366","post","type-post","status-publish","format-standard","has-post-thumbnail","hentry","category-politica"],"jetpack_publicize_connections":[],"_links":{"self":[{"href":"https:\/\/www.enorsai.com\/noticias\/wp-json\/wp\/v2\/posts\/6366","targetHints":{"allow":["GET"]}}],"collection":[{"href":"https:\/\/www.enorsai.com\/noticias\/wp-json\/wp\/v2\/posts"}],"about":[{"href":"https:\/\/www.enorsai.com\/noticias\/wp-json\/wp\/v2\/types\/post"}],"author":[{"embeddable":true,"href":"https:\/\/www.enorsai.com\/noticias\/wp-json\/wp\/v2\/users\/11"}],"replies":[{"embeddable":true,"href":"https:\/\/www.enorsai.com\/noticias\/wp-json\/wp\/v2\/comments?post=6366"}],"version-history":[{"count":0,"href":"https:\/\/www.enorsai.com\/noticias\/wp-json\/wp\/v2\/posts\/6366\/revisions"}],"wp:featuredmedia":[{"embeddable":true,"href":"https:\/\/www.enorsai.com\/noticias\/wp-json\/wp\/v2\/media\/6365"}],"wp:attachment":[{"href":"https:\/\/www.enorsai.com\/noticias\/wp-json\/wp\/v2\/media?parent=6366"}],"wp:term":[{"taxonomy":"category","embeddable":true,"href":"https:\/\/www.enorsai.com\/noticias\/wp-json\/wp\/v2\/categories?post=6366"},{"taxonomy":"post_tag","embeddable":true,"href":"https:\/\/www.enorsai.com\/noticias\/wp-json\/wp\/v2\/tags?post=6366"}],"curies":[{"name":"wp","href":"https:\/\/api.w.org\/{rel}","templated":true}]}}