{"id":6364,"date":"2025-07-16T13:30:59","date_gmt":"2025-07-16T16:30:59","guid":{"rendered":"https:\/\/www.enorsai.com\/noticias\/politica\/piden-a-la-corte-reabrir-la-causa-contra-iguacel-y-denuncian-que-se-ignoraron-delitos-mas-graves\/"},"modified":"2025-07-16T13:30:59","modified_gmt":"2025-07-16T16:30:59","slug":"piden-a-la-corte-reabrir-la-causa-contra-iguacel-y-denuncian-que-se-ignoraron-delitos-mas-graves","status":"publish","type":"post","link":"https:\/\/www.enorsai.com\/noticias\/politica\/piden-a-la-corte-reabrir-la-causa-contra-iguacel-y-denuncian-que-se-ignoraron-delitos-mas-graves\/","title":{"rendered":"Piden a la Corte reabrir la causa contra Iguacel y denuncian que se ignoraron delitos m\u00e1s graves"},"content":{"rendered":"\n<p>Piden a la Corte Suprema reabrir la causa contra Javier Iguacel por abuso de autoridadsostiene y que se ignoraron posibles delitos m\u00e1s graves <br><br>Cuestionan el sobreseimiento por prescripci\u00f3n dictado a favor del exdirector de Vialidad Nacional. El Ministerio P\u00fablico Fiscal sostiene que se ignoraron posibles delitos m\u00e1s graves y discute la legitimidad de los fiscales para impulsar la acci\u00f3n penal.<br><br>El fiscal Javier De Luca recurri\u00f3 ante la Corte Suprema para que se revise el fallo que dej\u00f3 sin efecto la investigaci\u00f3n contra el exfuncionario macrista Javier Iguacel, acusado de actos administrativos que habr\u00edan perjudicado a la empresa CPC S.A. De Luca calific\u00f3 de arbitraria la decisi\u00f3n de la C\u00e1mara de Casaci\u00f3n y denunci\u00f3 que se omiti\u00f3 analizar si los hechos pod\u00edan encuadrarse en delitos m\u00e1s graves como fraude a la administraci\u00f3n p\u00fablica o peculado.<br><br>El futuro judicial de Javier Iguacel, exdirector de Vialidad Nacional durante el gobierno de Mauricio Macri, qued\u00f3 nuevamente bajo la lupa. El fiscal Javier Augusto De Luca, titular de la Fiscal\u00eda N\u00b04 ante la C\u00e1mara Federal de Casaci\u00f3n Penal, present\u00f3 un recurso extraordinario ante la Corte Suprema de Justicia para que se revoque el sobreseimiento dictado a favor del exfuncionario en una causa por presunto abuso de autoridad.<br><br>La intervenci\u00f3n de De Luca se produjo tras la decisi\u00f3n de la Sala IV de la C\u00e1mara Federal de Casaci\u00f3n Penal, que el pasado 27 de junio declar\u00f3 mal concedido el recurso interpuesto por el fiscal general Jos\u00e9 Luis Ag\u00fcero Iturbe contra la confirmaci\u00f3n del sobreseimiento de Iguacel, resuelto en primera instancia por el juez federal Daniel Rafecas.<br><br>Iguacel fue denunciado en octubre de 2020 por la firma Comercial del Plata Construcciones S.A. (CPC S.A.), que lo acus\u00f3 de dictar, entre 2016 y 2018, actos administrativos que le habr\u00edan causado perjuicios econ\u00f3micos, como la imposici\u00f3n de sanciones arbitrarias, desfinanciamiento de contratos y acusaciones de incumplimientos.<br><br>Sin embargo, el juez Rafecas consider\u00f3 en noviembre de 2024 que la acci\u00f3n penal estaba prescripta, bas\u00e1ndose en que hab\u00eda transcurrido el plazo m\u00e1ximo previsto para el delito de abuso de autoridad y en que el paso de Iguacel como intendente de Capit\u00e1n Sarmiento entre 2019 y 2023 no constitu\u00eda un cargo lo suficientemente jer\u00e1rquico como para suspender los plazos de prescripci\u00f3n.<br><br>La C\u00e1mara Nacional de Apelaciones confirm\u00f3 esa postura en febrero pasado, rechazando los planteos de la querella, que hab\u00eda sostenido que los hechos denunciados pod\u00edan encuadrarse en delitos m\u00e1s graves, como defraudaci\u00f3n a la administraci\u00f3n p\u00fablica, peculado o asociaci\u00f3n il\u00edcita.<br><br>En su recurso ante la Corte, De Luca cuestion\u00f3 duramente las decisiones judiciales previas por haber limitado el an\u00e1lisis de los hechos a una figura penal menor, lo que permiti\u00f3 cerrar el caso por prescripci\u00f3n. Se\u00f1al\u00f3 que la extinci\u00f3n de la acci\u00f3n penal es una cuesti\u00f3n de orden p\u00fablico y que puede ser revisada en cualquier instancia, independientemente de que el fiscal de primera instancia hubiera coincidido con la prescripci\u00f3n.<br><br>\u201cCarece de relevancia si alguno de los fiscales en las etapas anteriores no mantuvo los agravios en alg\u00fan tramo, porque la extinci\u00f3n de las acciones penales es una cuesti\u00f3n de orden p\u00fablico, discutible de oficio y de prioritario tratamiento en cualquier instancia donde se plantee\u201d, sostuvo De Luca.<br><br>Adem\u00e1s, denunci\u00f3 que tanto el juez Rafecas como la C\u00e1mara de Apelaciones omitieron analizar otras posibles calificaciones penales m\u00e1s graves, que podr\u00edan haber extendido los plazos de prescripci\u00f3n y mantener viva la acci\u00f3n penal. \u201cLo que aparece como antojadizo es la selecci\u00f3n de una calificaci\u00f3n legal m\u00e1s leve sin haber contemplado las m\u00e1s graves, y sin fundamentaci\u00f3n alguna\u201d, advirti\u00f3 el fiscal.<br><br>De Luca tambi\u00e9n cuestion\u00f3 la interpretaci\u00f3n restrictiva sobre el cargo de intendente ocupado por Iguacel tras dejar la gesti\u00f3n nacional, y afirm\u00f3 que lo relevante es si el funcionario, cualquiera sea su cargo, pudo influir en la investigaci\u00f3n o entorpecerla, criterio que a su entender fue ignorado por los tribunales inferiores.<br><br>En su escrito, el fiscal invoc\u00f3 la jurisprudencia de la Corte Suprema sobre arbitrariedad de sentencias, argumentando que se priv\u00f3 al Ministerio P\u00fablico Fiscal de ejercer su rol como titular de la acci\u00f3n penal. \u201cEl tribunal apelado adopt\u00f3 una posici\u00f3n ciega ante los argumentos de las partes, correctamente expuestos en todas las instancias\u201d, asegur\u00f3 De Luca.<br><br>Ahora ser\u00e1 la Corte Suprema la que deba decidir si admite el recurso extraordinario y, en consecuencia, si reabre el expediente que investiga la presunta comisi\u00f3n de delitos contra la administraci\u00f3n p\u00fablica por parte de Iguacel y otros funcionarios de Vialidad Nacional.<br><br>Fuente:<\/p>\n\n\n\n<ul class=\"wp-block-list\">\n<li>https:\/\/www.fiscales.gob.ar\/fiscalias\/solicitan-que-se-anule-el-sobreseimiento-del-exdirector-de-vialidad-nacional-javier-iguacel-frente-a-una-imputacion-por-abuso-de-autoridad\/<\/li>\n<\/ul>\n","protected":false},"excerpt":{"rendered":"<p>Piden a la Corte Suprema reabrir la causa contra Javier Iguacel por abuso de autoridadsostiene y que se ignoraron posibles delitos m\u00e1s graves Cuestionan el sobreseimiento por prescripci\u00f3n dictado a favor del exdirector de Vialidad Nacional. El Ministerio P\u00fablico Fiscal sostiene que se ignoraron posibles delitos m\u00e1s graves y discute la legitimidad de los fiscales&#8230;<\/p>\n","protected":false},"author":9,"featured_media":6363,"comment_status":"open","ping_status":"open","sticky":false,"template":"","format":"standard","meta":{"_monsterinsights_skip_tracking":false,"_monsterinsights_sitenote_active":false,"_monsterinsights_sitenote_note":"","_monsterinsights_sitenote_category":0,"footnotes":"","jetpack_publicize_message":"","jetpack_publicize_feature_enabled":true,"jetpack_social_post_already_shared":true,"jetpack_social_options":{"image_generator_settings":{"template":"highway","default_image_id":0,"font":"","enabled":false},"version":2}},"categories":[2],"tags":[1469,1140],"class_list":["post-6364","post","type-post","status-publish","format-standard","has-post-thumbnail","hentry","category-politica","tag-iguacel","tag-vialidad"],"jetpack_publicize_connections":[],"_links":{"self":[{"href":"https:\/\/www.enorsai.com\/noticias\/wp-json\/wp\/v2\/posts\/6364","targetHints":{"allow":["GET"]}}],"collection":[{"href":"https:\/\/www.enorsai.com\/noticias\/wp-json\/wp\/v2\/posts"}],"about":[{"href":"https:\/\/www.enorsai.com\/noticias\/wp-json\/wp\/v2\/types\/post"}],"author":[{"embeddable":true,"href":"https:\/\/www.enorsai.com\/noticias\/wp-json\/wp\/v2\/users\/9"}],"replies":[{"embeddable":true,"href":"https:\/\/www.enorsai.com\/noticias\/wp-json\/wp\/v2\/comments?post=6364"}],"version-history":[{"count":0,"href":"https:\/\/www.enorsai.com\/noticias\/wp-json\/wp\/v2\/posts\/6364\/revisions"}],"wp:featuredmedia":[{"embeddable":true,"href":"https:\/\/www.enorsai.com\/noticias\/wp-json\/wp\/v2\/media\/6363"}],"wp:attachment":[{"href":"https:\/\/www.enorsai.com\/noticias\/wp-json\/wp\/v2\/media?parent=6364"}],"wp:term":[{"taxonomy":"category","embeddable":true,"href":"https:\/\/www.enorsai.com\/noticias\/wp-json\/wp\/v2\/categories?post=6364"},{"taxonomy":"post_tag","embeddable":true,"href":"https:\/\/www.enorsai.com\/noticias\/wp-json\/wp\/v2\/tags?post=6364"}],"curies":[{"name":"wp","href":"https:\/\/api.w.org\/{rel}","templated":true}]}}