{"id":6358,"date":"2025-07-16T10:08:35","date_gmt":"2025-07-16T13:08:35","guid":{"rendered":"https:\/\/www.enorsai.com\/noticias\/politica\/alianza-reunion-secreta-en-el-oficialismo-entre-villarruel-y-pichetto-para-disputarle-el-poder-a-milei\/"},"modified":"2025-07-16T10:08:35","modified_gmt":"2025-07-16T13:08:35","slug":"alianza-reunion-secreta-en-el-oficialismo-entre-villarruel-y-pichetto-para-disputarle-el-poder-a-milei","status":"publish","type":"post","link":"https:\/\/www.enorsai.com\/noticias\/politica\/alianza-reunion-secreta-en-el-oficialismo-entre-villarruel-y-pichetto-para-disputarle-el-poder-a-milei\/","title":{"rendered":"Alianza: Reuni\u00f3n secreta en el oficialismo entre Villarruel y Pichetto para disputarle el poder a Milei"},"content":{"rendered":"\n<p>La vicepresidenta avanza en conversaciones con el Pichetto y sectores del PRO para construir una alternativa presidencial de cara a 2027, mientras crecen sus tensiones con Javier Milei.<br><br>Victoria Villarruel ha decidido que no permanecer\u00e1 a la sombra de Javier Milei. En medio de crecientes tensiones internas en el gobierno libertario, la vicepresidenta habr\u00eda mantenido una reuni\u00f3n clave con Miguel \u00c1ngel Pichetto para explorar la construcci\u00f3n de un espacio pol\u00edtico alternativo, capaz de disputar el poder en 2027. La versi\u00f3n, que circula con fuerza en el Senado, no ha sido desmentida por ninguno de los involucrados, un silencio que alimenta la especulaci\u00f3n pol\u00edtica sobre el futuro del oficialismo.<br><br>Seg\u00fan pudo confirmar LPO, tres legisladores de peso coinciden en que Villarruel y Pichetto se encontraron recientemente, en el contexto de un profundo desgaste en la relaci\u00f3n entre la vice y el presidente. En ese encuentro, Villarruel le habr\u00eda manifestado a Pichetto su convicci\u00f3n de que ser\u00e1 presidenta en 2027, confirmando una ambici\u00f3n que se insin\u00faa desde el inicio mismo del gobierno libertario, con m\u00faltiples gestos hacia el peronismo conservador y sectores del PRO.<br><br>La vicepresidenta ha construido v\u00ednculos con actores influyentes, desde gobernadores como Maximiliano Pullaro (Santa Fe) y Osvaldo Jaldo (Tucum\u00e1n), hasta figuras del macrismo como Diego Santilli, aunque este \u00faltimo se habr\u00eda alejado ante el agravamiento del conflicto entre Villarruel y la Casa Rosada. No es casual que la vice haya colocado un busto de Isabel Per\u00f3n en el Senado ni que haya tendido lazos con la familia de Jos\u00e9 Ignacio Rucci, s\u00edmbolos fuertes para el peronismo ortodoxo.<br><br>Por su parte, Pichetto \u2014ex candidato a vicepresidente en 2019 y figura central del peronismo federal\u2014 se encuentra en plena ronda de contactos. Viene de reunirse con Juan Schiaretti y Mauricio Macri, a quien no logr\u00f3 convencer de competir contra Patricia Bullrich en la Ciudad de Buenos Aires. Su obsesi\u00f3n es clara: construir una fuerza pol\u00edtica de centro que pueda ocupar el vac\u00edo que, seg\u00fan \u00e9l, dejar\u00e1 el \u201cagotamiento de la experiencia libertaria\u201d.<br><br>Ese diagn\u00f3stico une sus intereses a los de Villarruel. Ambos perciben el creciente hartazgo de los gobernadores y de buena parte del Congreso con la l\u00f3gica confrontativa y personalista de Milei. La vice, lejos de replegarse, se ha mostrado dispuesta a plantar cara al presidente. As\u00ed lo hizo recientemente, exigiendo que Milei \u201csalga del Palacio para ver c\u00f3mo la pasa la gente\u201d, en medio de un clima de descontento social y reclamos por la pol\u00edtica de ajuste.<br><br>Adem\u00e1s, Villarruel estar\u00eda moviendo fichas en el Senado para sumar los dos tercios necesarios que permitan rechazar el veto presidencial al aumento de las jubilaciones, un tema explosivo que podr\u00eda dejar al presidente en minor\u00eda y evidenciar la fractura en el oficialismo.<br><br>Sin embargo, no todo es armon\u00eda entre Pichetto y Villarruel. El veterano dirigente peronista observa con recelo la creciente influencia de militares retirados y ex agentes de inteligencia en el entorno m\u00e1s \u00edntimo de la vicepresidenta, un dato que, seg\u00fan fuentes parlamentarias, le genera desconfianza y podr\u00eda convertirse en un l\u00edmite pol\u00edtico a la eventual alianza.<br><br>Mientras tanto, la vicepresidenta sigue tejiendo contactos. Una reuni\u00f3n reciente con el gobernador de Chubut, Ignacio \u201cNacho\u201d Torres, evidencia su estrategia de ampliar puentes hacia referentes j\u00f3venes de Juntos por el Cambio, una movida que coincide con el inter\u00e9s de Pichetto, quien tiene en alta estima al mandatario patag\u00f3nico, aunque en menor medida a Mart\u00edn Llaryora (C\u00f3rdoba) y Pullaro (Santa Fe).<br><br>La inc\u00f3gnita es si todo este armado responde solo a las presidenciales de 2027 o si se est\u00e1 midiendo, en voz baja, la posibilidad de un escenario mucho m\u00e1s inmediato: una Asamblea Legislativa que, en caso de una crisis pol\u00edtica terminal, deba definir la continuidad presidencial. Algunas voces en el Congreso sostienen que estas conversaciones ya incluyeron c\u00e1lculos sobre los votos que Villarruel podr\u00eda reunir para completar el mandato si Milei no logra sostener la gobernabilidad.<br><br>En definitiva, Villarruel y Pichetto parecen coincidir en algo esencial: el gobierno libertario, en lugar de consolidarse, est\u00e1 abriendo grietas cada vez m\u00e1s profundas. Y en ese terreno inestable, la vicepresidenta se muestra dispuesta a convertirse en la heredera o, quiz\u00e1, en la reemplazante.<br><br>La disputa est\u00e1 en marcha. Y Milei, aunque todav\u00eda es el centro de la escena, empieza a enfrentar el desaf\u00edo m\u00e1s temido por cualquier l\u00edder: el fuego amigo.<br><br>Fuente:<\/p>\n\n\n\n<ul class=\"wp-block-list\">\n<li>explora alianza con Pichetto para disputarle el poder a Milei<\/li>\n<\/ul>\n","protected":false},"excerpt":{"rendered":"<p>La vicepresidenta avanza en conversaciones con el Pichetto y sectores del PRO para construir una alternativa presidencial de cara a 2027, mientras crecen sus tensiones con Javier Milei. Victoria Villarruel ha decidido que no permanecer\u00e1 a la sombra de Javier Milei. En medio de crecientes tensiones internas en el gobierno libertario, la vicepresidenta habr\u00eda mantenido&#8230;<\/p>\n","protected":false},"author":11,"featured_media":6357,"comment_status":"open","ping_status":"open","sticky":false,"template":"","format":"standard","meta":{"_monsterinsights_skip_tracking":false,"_monsterinsights_sitenote_active":false,"_monsterinsights_sitenote_note":"","_monsterinsights_sitenote_category":0,"footnotes":"","jetpack_publicize_message":"","jetpack_publicize_feature_enabled":true,"jetpack_social_post_already_shared":true,"jetpack_social_options":{"image_generator_settings":{"template":"highway","default_image_id":0,"font":"","enabled":false},"version":2}},"categories":[2],"tags":[],"class_list":["post-6358","post","type-post","status-publish","format-standard","has-post-thumbnail","hentry","category-politica"],"jetpack_publicize_connections":[],"_links":{"self":[{"href":"https:\/\/www.enorsai.com\/noticias\/wp-json\/wp\/v2\/posts\/6358","targetHints":{"allow":["GET"]}}],"collection":[{"href":"https:\/\/www.enorsai.com\/noticias\/wp-json\/wp\/v2\/posts"}],"about":[{"href":"https:\/\/www.enorsai.com\/noticias\/wp-json\/wp\/v2\/types\/post"}],"author":[{"embeddable":true,"href":"https:\/\/www.enorsai.com\/noticias\/wp-json\/wp\/v2\/users\/11"}],"replies":[{"embeddable":true,"href":"https:\/\/www.enorsai.com\/noticias\/wp-json\/wp\/v2\/comments?post=6358"}],"version-history":[{"count":0,"href":"https:\/\/www.enorsai.com\/noticias\/wp-json\/wp\/v2\/posts\/6358\/revisions"}],"wp:featuredmedia":[{"embeddable":true,"href":"https:\/\/www.enorsai.com\/noticias\/wp-json\/wp\/v2\/media\/6357"}],"wp:attachment":[{"href":"https:\/\/www.enorsai.com\/noticias\/wp-json\/wp\/v2\/media?parent=6358"}],"wp:term":[{"taxonomy":"category","embeddable":true,"href":"https:\/\/www.enorsai.com\/noticias\/wp-json\/wp\/v2\/categories?post=6358"},{"taxonomy":"post_tag","embeddable":true,"href":"https:\/\/www.enorsai.com\/noticias\/wp-json\/wp\/v2\/tags?post=6358"}],"curies":[{"name":"wp","href":"https:\/\/api.w.org\/{rel}","templated":true}]}}