{"id":6343,"date":"2025-07-16T06:45:05","date_gmt":"2025-07-16T09:45:05","guid":{"rendered":"https:\/\/www.enorsai.com\/noticias\/?p=6343"},"modified":"2025-09-14T17:36:18","modified_gmt":"2025-09-14T20:36:18","slug":"diputados-denuncian-penalmente-a-trolls-mileistas-por-amenazas-de-violencia-contra-el-congreso-durante-debate-legislativo","status":"publish","type":"post","link":"https:\/\/www.enorsai.com\/noticias\/politica\/diputados-denuncian-penalmente-a-trolls-mileistas-por-amenazas-de-violencia-contra-el-congreso-durante-debate-legislativo\/","title":{"rendered":"Diputados denuncian penalmente a trolls mile\u00edstas por amenazas de violencia contra el Congreso durante debate legislativo"},"content":{"rendered":"\n<p><strong><em>Trolls, tanques y dinamita: la grave denuncia que sacude al c\u00edrculo digital de Milei y amenaza con exponer v\u00ednculos explosivos con el poder. Legisladores de Uni\u00f3n por la Patria acusan penalmente a usuarios de X vinculados al oficialismo por instigaci\u00f3n a la violencia y amenazas para atentar contra el Congreso. El caso pone en jaque los l\u00edmites de la libertad de expresi\u00f3n y siembra dudas sobre complicidades en las m\u00e1s altas esferas del gobierno de Javier Milei. <\/em><\/strong><\/p>\n\n\n\n<p>Mientras el Senado debat\u00eda leyes clave, cuentas de redes sociales que orbitan alrededor del Presidente publicaron mensajes que llamaban a meter tanques en el Congreso o a dinamitarlo con legisladores dentro. La denuncia penal expone la frontera entre discurso pol\u00edtico y delito, y aviva el fuego sobre las redes ultra que militan al libertario.<\/p>\n\n\n\n<p>El 10 de julio de 2025, mientras el Senado de la Naci\u00f3n discut\u00eda proyectos que pod\u00edan modificar la vida de millones \u2014jubilaciones, moratoria previsional, discapacidad, fondos a provincias\u2014, un n\u00facleo de cuentas en la red social X, en apariencia ligadas al universo libertario, lanzaba un vendaval de mensajes que rezumaban p\u00f3lvora y olor a golpe. Desde tanques adentro del Congreso hasta explosiones cinematogr\u00e1ficas, el espect\u00e1culo digital no fue solo grotesco: adquiri\u00f3 ribetes de posible delito federal.<\/p>\n\n\n\n<p>Ese mismo d\u00eda, Hugo Yasky, Daniel Goll\u00e1n, Sabrina Selva, Santiago Cafiero, Victoria Tolosa Paz, Juan Marino y Julio Pereyra \u2014diputados de Uni\u00f3n por la Patria\u2014 firmaron una denuncia penal que cay\u00f3 en el Juzgado Criminal y Correccional Federal N\u00b0 9, a cargo de la Dra. Mar\u00eda Eugenia Capuchetti. All\u00ed se plasma lo que, a juicio de los denunciantes, no puede quedar bajo el manto de la \u201clibertad de expresi\u00f3n\u201d: publicaciones que instigan a la violencia, promueven delitos y amenazan de manera directa la integridad del Congreso y sus integrantes. Un cocktail letal para la democracia.<\/p>\n\n\n\n<p>Los denunciados, seg\u00fan las piezas judiciales, no son meros an\u00f3nimos en la jungla de internet. Tras las cuentas @GordoDan_, @ElTrumpista, @FranFijap y @elpittttt estar\u00edan, respectivamente, Daniel Parisini, Luciano Cabrera, Franco Antunes y Pedro Mar\u00eda Lantar\u00f3n. Nombres que, si bien no son figuras p\u00fablicas masivas, aparecen rodeados de rumores sobre v\u00ednculos con sectores del gobierno de Javier Milei, incluso con acceso privilegiado al propio Presidente. La denuncia no se limita a imputarlos por sus tuits incendiarios, sino que sugiere la inquietante posibilidad de que detr\u00e1s de este guion violento haya algo m\u00e1s organizado, quiz\u00e1 incluso apadrinado desde despachos oficiales.<\/p>\n\n\n\n<p>Las pruebas aportadas en el expediente no dejan margen para la tibieza. \u201cJavo pone un F16 a sobrevolar el Congreso ya\u201d, escribi\u00f3 @GordoDan_ a las 15:38. Siete minutos m\u00e1s tarde, en la misma cuenta, se le\u00eda: \u201cLos tanques a la calle ya. Es ahora\u201d. Casi en simult\u00e1neo, @ElTrumpista aportaba su dosis de delirio militarista: \u201cEl Javo deber\u00eda organizar milicias populares, entregando armamento a ciudadanos para facilitar el cierre del Congreso\u201d. Y el remate vino desde @FranFijap: \u201cHay que dinamitar todo el Congreso con diputados y senadores adentro\u201d.<\/p>\n\n\n\n<p>No es casual el lenguaje b\u00e9lico ni las referencias a armamento real. Los denunciantes detallan, con precisi\u00f3n casi obsesiva, que los \u201cstrikers\u201d son veh\u00edculos blindados adquiridos por el Ministerio de Defensa argentino; que los F-16 son cazas comprados a Dinamarca; que \u201cJavo\u201d es el modo familiar con el que algunos simpatizantes se refieren a Javier Milei. No hablamos de simples memes. Hablamos de mensajes que, seg\u00fan los legisladores, superan el umbral de la mera opini\u00f3n pol\u00edtica y se convierten en llamados expl\u00edcitos a la violencia y a la interrupci\u00f3n del orden democr\u00e1tico.<\/p>\n\n\n\n<p>Las im\u00e1genes anexadas a la denuncia no son menos preocupantes: tanques apuntando al Congreso, explosiones en el recinto del Senado, el Presidente dentro de un tanque de guerra. Todo ello difundido entre risas, gifs y frases que, en otro contexto, ser\u00edan una broma de mal gusto. Pero aqu\u00ed, en el calor de una sesi\u00f3n parlamentaria decisiva, tienen sabor a amenaza. El expediente advierte que estos posteos tuvieron un eco inmediato en redes y medios, amplificando su alcance y generando un clima de tensi\u00f3n que no pas\u00f3 inadvertido.<\/p>\n\n\n\n<p>Para los diputados denunciantes, la gravedad radica en que estas expresiones no provienen de cualquier usuario random, sino de perfiles presuntamente vinculados a la misma c\u00fapula del poder. \u201cNo se descarta que las conductas denunciadas hayan sido, adem\u00e1s de un plan com\u00fan, coordinadas por alguna autoridad del Poder Ejecutivo Nacional\u201d, se afirma en la denuncia. Una frase que, de confirmarse, desatar\u00eda un verdadero terremoto pol\u00edtico y judicial.<\/p>\n\n\n\n<p>La discusi\u00f3n sobre libertad de expresi\u00f3n atraviesa toda la denuncia. No se trata de censurar ideas pol\u00edticas o el humor negro. El propio texto reconoce que la libertad de expresi\u00f3n es un pilar democr\u00e1tico, protegido por la Constituci\u00f3n Nacional y los m\u00e1s altos est\u00e1ndares internacionales. Pero tambi\u00e9n subraya que este derecho encuentra l\u00edmites cuando se pasa a la instigaci\u00f3n a delinquir o a la apolog\u00eda de cr\u00edmenes. Citando la jurisprudencia, los legisladores sostienen que un discurso pierde su protecci\u00f3n cuando su contenido se traduce en un da\u00f1o concreto, cuando abandona el terreno de la cr\u00edtica y se sumerge en la violencia como m\u00e9todo pol\u00edtico.<\/p>\n\n\n\n<p>Lo que en otro contexto podr\u00eda parecer el griter\u00edo estrafalario de cuentas libertarias, en este caso se examina bajo la lupa penal, precisamente porque coincide en tiempo y forma con un debate legislativo clave. Para el bloque Uni\u00f3n por la Patria, no es casual que estos mensajes aparecieran mientras el Senado trataba proyectos que afectan intereses econ\u00f3micos y sociales profundos. All\u00ed est\u00e1 el punto neur\u00e1lgico de la sospecha: \u00bfse trat\u00f3 solo de trolls sueltos, o hay hilos invisibles que vinculan esos tuits con estrategias pol\u00edticas m\u00e1s siniestras?<\/p>\n\n\n\n<p>La causa, a\u00fan en etapa inicial, promete encender una mecha inc\u00f3moda para el oficialismo de Milei, que suele coquetear con discursos de confrontaci\u00f3n extrema y cuyos cuadros m\u00e1s fervorosos alimentan, a diario, la m\u00e1quina de indignaci\u00f3n digital. No ser\u00eda la primera vez que desde las filas libertarias se alienta la \u00e9pica del \u201cbarrido institucional\u201d, pero nunca hab\u00eda habido una denuncia penal tan directa, con nombres, capturas de pantalla y pedidos concretos de investigaci\u00f3n a organismos como ANSES, ARCA y compa\u00f1\u00edas telef\u00f3nicas para rastrear a los autores materiales y, acaso, a sus eventuales instigadores pol\u00edticos.<\/p>\n\n\n\n<p>Mientras tanto, en el Congreso y en los pasillos del poder, flota el interrogante que eriza la piel democr\u00e1tica: \u00bfCu\u00e1n delgada es la l\u00ednea que separa un meme pol\u00edtico de un plan golpista? \u00bfY hasta d\u00f3nde est\u00e1 dispuesto a llegar el oficialismo para sostener su relato libertario y \u201canticasta\u201d? Porque si algo demuestran estos mensajes, es que el odio digital, cuando se conjuga con poder pol\u00edtico, puede transformarse en dinamita real.<\/p>\n\n\n\n<p>Nada est\u00e1 cerrado. La investigaci\u00f3n reci\u00e9n comienza, pero el esc\u00e1ndalo ya est\u00e1 sobre la mesa. En un pa\u00eds habituado a crisis pol\u00edticas y ret\u00f3ricas encendidas, la novedad aqu\u00ed es otra: los tanques digitales no solo se mueven con likes y retuits. Podr\u00edan estar aceitando los engranajes de una estrategia para socavar la misma democracia que Milei jura defender. Y en esa encrucijada peligrosa, lo que est\u00e1 en juego es mucho m\u00e1s que una batalla en redes: es el pulso mismo del orden institucional.<\/p>\n\n\n\n<h2 class=\"wp-block-heading\"><\/h2>\n","protected":false},"excerpt":{"rendered":"<p>Diputados de Uni\u00f3n por la Patria denunciaron penalmente a trolls vinculados al entorno de Milei por incitar a la violencia y llamar a meter tanques en el Congreso. La causa investiga posibles v\u00ednculos con el gobierno y reaviva el debate sobre los l\u00edmites de la libertad de expresi\u00f3n frente a amenazas golpistas.<\/p>\n","protected":false},"author":1,"featured_media":6345,"comment_status":"open","ping_status":"open","sticky":false,"template":"","format":"standard","meta":{"_monsterinsights_skip_tracking":false,"_monsterinsights_sitenote_active":false,"_monsterinsights_sitenote_note":"","_monsterinsights_sitenote_category":0,"footnotes":"","jetpack_publicize_message":"","jetpack_publicize_feature_enabled":true,"jetpack_social_post_already_shared":true,"jetpack_social_options":{"image_generator_settings":{"template":"highway","default_image_id":0,"font":"","enabled":false},"version":2}},"categories":[2],"tags":[],"class_list":["post-6343","post","type-post","status-publish","format-standard","has-post-thumbnail","hentry","category-politica"],"jetpack_publicize_connections":[],"_links":{"self":[{"href":"https:\/\/www.enorsai.com\/noticias\/wp-json\/wp\/v2\/posts\/6343","targetHints":{"allow":["GET"]}}],"collection":[{"href":"https:\/\/www.enorsai.com\/noticias\/wp-json\/wp\/v2\/posts"}],"about":[{"href":"https:\/\/www.enorsai.com\/noticias\/wp-json\/wp\/v2\/types\/post"}],"author":[{"embeddable":true,"href":"https:\/\/www.enorsai.com\/noticias\/wp-json\/wp\/v2\/users\/1"}],"replies":[{"embeddable":true,"href":"https:\/\/www.enorsai.com\/noticias\/wp-json\/wp\/v2\/comments?post=6343"}],"version-history":[{"count":2,"href":"https:\/\/www.enorsai.com\/noticias\/wp-json\/wp\/v2\/posts\/6343\/revisions"}],"predecessor-version":[{"id":6346,"href":"https:\/\/www.enorsai.com\/noticias\/wp-json\/wp\/v2\/posts\/6343\/revisions\/6346"}],"wp:featuredmedia":[{"embeddable":true,"href":"https:\/\/www.enorsai.com\/noticias\/wp-json\/wp\/v2\/media\/6345"}],"wp:attachment":[{"href":"https:\/\/www.enorsai.com\/noticias\/wp-json\/wp\/v2\/media?parent=6343"}],"wp:term":[{"taxonomy":"category","embeddable":true,"href":"https:\/\/www.enorsai.com\/noticias\/wp-json\/wp\/v2\/categories?post=6343"},{"taxonomy":"post_tag","embeddable":true,"href":"https:\/\/www.enorsai.com\/noticias\/wp-json\/wp\/v2\/tags?post=6343"}],"curies":[{"name":"wp","href":"https:\/\/api.w.org\/{rel}","templated":true}]}}