{"id":6340,"date":"2025-07-16T06:20:36","date_gmt":"2025-07-16T09:20:36","guid":{"rendered":"https:\/\/www.enorsai.com\/noticias\/?p=6340"},"modified":"2025-07-16T06:49:42","modified_gmt":"2025-07-16T09:49:42","slug":"arde-el-termometro-social-un-53-califica-negativamente-la-gestion-de-javier-milei","status":"publish","type":"post","link":"https:\/\/www.enorsai.com\/noticias\/economia\/arde-el-termometro-social-un-53-califica-negativamente-la-gestion-de-javier-milei\/","title":{"rendered":"\u00a1Arde el term\u00f3metro social! Un 53% califica negativamente la gesti\u00f3n de Javier Milei"},"content":{"rendered":"\n<p>La \u00faltima encuesta D\u2019Alessio IROL \/ Berensztein revela un clima social m\u00e1s oscuro, con ca\u00edda del poder adquisitivo y un creciente rechazo al Gobierno, incluso dentro de su propio electorado. Entre inflaci\u00f3n, salarios licuados y miedo al futuro, Milei enfrenta un escenario electoral cada vez m\u00e1s incierto. El relato oficial de victoria sobre la inflaci\u00f3n choca de frente con la realidad de millones que recortan hasta salidas y ropa para poder pagar luz, gas y comida. Un 53% califica negativamente la gesti\u00f3n de Javier Milei, mientras la sombra de la decepci\u00f3n se filtra, incluso, en los votantes libertarios. El d\u00f3lar, los gobernadores y la grieta social suman tensi\u00f3n a una econom\u00eda que amenaza con dejar sin aire la estrategia pol\u00edtica del Gobierno.<\/p>\n\n\n\n<p>La apuesta pol\u00edtica de Javier Milei, esa \u00e9pica libertaria de redenci\u00f3n v\u00eda motosierra y ajuste brutal, empieza a resquebrajarse. Y no lo dice la oposici\u00f3n ni alg\u00fan think tank sospechado de kirchnerista: lo grita con n\u00fameros la \u00faltima edici\u00f3n del Monitor del Humor Social y Pol\u00edtico que D\u2019Alessio IROL\/Berensztein realiz\u00f3 para El Cronista. Una encuesta que, aunque oficialistas prefieran barrer bajo la alfombra, funciona como espejo inc\u00f3modo de un pa\u00eds que no se traga m\u00e1s slogans mientras el changuito del s\u00faper queda cada vez m\u00e1s vac\u00edo.<\/p>\n\n\n\n<p>Los datos son un mazazo para la Casa Rosada. Por primera vez en lo que va del a\u00f1o, tanto la percepci\u00f3n de la situaci\u00f3n actual como la del futuro econ\u00f3mico registran m\u00e1s respuestas negativas que positivas. No se trata solo de la oposici\u00f3n, que obviamente ve todo negro: el 25% de quienes votaron a Milei en el ballotage tambi\u00e9n empieza a torcer el gesto. Y si algo deber\u00eda encender luces rojas es que el 53% de los encuestados asegura que hoy est\u00e1 peor que hace un a\u00f1o. Un dato que perfora el relato oficial de estar \u201cvenciendo a la inflaci\u00f3n\u201d.<\/p>\n\n\n\n<figure class=\"wp-block-image\"><img decoding=\"async\" src=\"https:\/\/www.cronista.com\/files\/image\/1206\/1206802\/6876dafa510d7_728_333!.webp?s=d38f1cfa081ec8189badf653241348f3&amp;d=1752619771&amp;oe=png\" alt=\"\"\/><\/figure>\n\n\n\n<p>Y s\u00ed, puede que el Gobierno logre frenar la suba de precios, pero la gente siente que el sueldo no alcanza ni para arrancar. Mientras Milei se ufana de bajar la inflaci\u00f3n, los salarios formales, seg\u00fan la Secretar\u00eda de Trabajo, siguen corriendo detr\u00e1s. Entre enero y abril retrocedieron en t\u00e9rminos reales, y la consultora C-P calcula que en mayo ya acumulaban una ca\u00edda del 5,5%. En la calle, la matem\u00e1tica es m\u00e1s simple: gan\u00e1s menos, gast\u00e1s m\u00e1s y viv\u00eds peor. Esa es la cuenta que est\u00e1 hartando incluso a parte del voto libertario.<\/p>\n\n\n\n<p>El impacto es feroz en el bolsillo. Apenas un 22% declara estar conforme con lo que puede comprar hoy con su sueldo. Y el 63%, incluyendo a un 40% de los votantes de La Libertad Avanza, se muestra disconforme. Es decir, ni siquiera quienes le dieron el voto a Milei encuentran consuelo en el relato del super\u00e1vit fiscal o las conferencias econ\u00f3micas en ingl\u00e9s. Porque al final del d\u00eda, cuando la heladera est\u00e1 semivac\u00eda, ning\u00fan discurso alcanza.<\/p>\n\n\n\n<figure class=\"wp-block-image\"><img decoding=\"async\" src=\"https:\/\/www.cronista.com\/files\/image\/1206\/1206803\/6876db46c42aa_728_310!.webp?s=c6b5cb71e839ba728d4b5046a74be423&amp;d=1752619848&amp;oe=png\" alt=\"\"\/><\/figure>\n\n\n\n<p>Ese desencanto se traduce en un ajuste personal. El verdadero ajuste, el m\u00e1s duro, es el de las familias que deben priorizar qu\u00e9 pagar: primero los servicios esenciales \u2014luz, agua, gas, internet\u2014, despu\u00e9s la comida, y m\u00e1s abajo salud, tarjeta de cr\u00e9dito y alquiler. La estad\u00edstica tambi\u00e9n revela que casi todos est\u00e1n recortando salidas, teatro, restaurantes y hasta ropa. No porque se volvieron austeros por convicci\u00f3n libertaria, sino porque no les queda otra. Eduardo D\u2019Alessio lo sintetiza sin anestesia: \u201cEs justo apreciar que hay un corrimiento de consumo de gastos corrientes hacia semi durables. O sea, el pago de cuotas de autos, casas o viajes ha reducido algunos consumos cotidianos\u201d. Traducido: hay quien todav\u00eda sostiene la ilusi\u00f3n de comprar un auto, pero se resigna a quedarse en casa comiendo fideos.<\/p>\n\n\n\n<p>La otra cara de esta pel\u00edcula se ve en el ranking de preocupaciones. Aunque la inflaci\u00f3n sigue pesando (45%), es la incertidumbre econ\u00f3mica la que trepa al segundo lugar (59%), apenas detr\u00e1s de la inseguridad (68%). Es que, en el fondo, el terror ya no es solo lo que cuestan las cosas, sino no saber qu\u00e9 vendr\u00e1 ma\u00f1ana. Y la percepci\u00f3n de que nadie tiene un plan real para sacar al pa\u00eds del pozo, menos todav\u00eda un Gobierno que predica libertad mientras deja librada la vida diaria al s\u00e1lvese quien pueda.<\/p>\n\n\n\n<figure class=\"wp-block-image\"><img decoding=\"async\" src=\"https:\/\/www.cronista.com\/files\/image\/1206\/1206801\/6876dab2b8d2f_728_248!.webp?s=bf53df1b10d0f6262f6c4e2b80065b59&amp;d=1752619700&amp;oe=png\" alt=\"\"\/><\/figure>\n\n\n\n<p>Este humor social erosionado ya le pasa factura a la imagen de Milei. El 53% califica negativamente su gesti\u00f3n. S\u00ed, el libertario mantiene a buena parte de su n\u00facleo duro, pero le cuesta horrores sumar votos fuera de esa burbuja. Y con un calendario electoral en el horizonte, la falta de \u201cconversi\u00f3n\u201d de opositores es un tal\u00f3n de Aquiles que el oficialismo no logra resolver. Su narrativa disruptiva, tan eficaz en campa\u00f1a, empieza a chocar con la realidad de una econom\u00eda que no cierra para nadie salvo para los grandes exportadores o el sistema financiero.<\/p>\n\n\n\n<p>Como dato curioso \u2014y que exhibe las fisuras internas\u2014, Guillermo Francos, el m\u00e1s moderado del Gabinete, se trepa al podio de imagen positiva con 44%, empatado con Patricia Bullrich. Ambos superan al propio presidente, a Luis Caputo y a Jos\u00e9 Luis Espert. Signo inequ\u00edvoco de que, hasta dentro del oficialismo, la figura de Milei comienza a perder magnetismo. Es un s\u00edntoma de algo m\u00e1s profundo: el relato mesi\u00e1nico empieza a encontrar l\u00edmites ante la crudeza de la vida real.<\/p>\n\n\n\n<figure class=\"wp-block-image\"><img decoding=\"async\" src=\"https:\/\/www.cronista.com\/files\/image\/1206\/1206799\/6876da028a55a_728_318!.webp?s=53c0536579745e3184e45c34b8dcf82c&amp;d=1752619524&amp;oe=png\" alt=\"\"\/><\/figure>\n\n\n\n<p>Del otro lado de la grieta, Axel Kicillof se sostiene firme como l\u00edder opositor en Uni\u00f3n por la Patria, con 75% de imagen positiva entre su electorado y 34% en t\u00e9rminos generales. Cristina Kirchner, en cambio, se mantiene en un plano bajo, con 60% solo entre votantes de UxP y apenas 27% en el total. Un reflejo de c\u00f3mo el tablero pol\u00edtico sigue mutando, aunque no necesariamente en favor del Gobierno. Ni siquiera el hecho de la prisi\u00f3n de la ex presidenta alter\u00f3 demasiado esa percepci\u00f3n, una muestra de que, en la Argentina, la pol\u00edtica es una telenovela pero con cap\u00edtulos que siempre se repiten.<\/p>\n\n\n\n<p>Mientras tanto, la tensi\u00f3n con los gobernadores crece y el Congreso se vuelve campo minado para cualquier intento de reformas profundas. La triple Nelson que Milei quiere aplicar a la econom\u00eda \u2014ajuste fiscal, d\u00f3lar libre y motosierra al gasto\u2014 amenaza con asfixiar no solo a la oposici\u00f3n, sino a su propia base social. Y lo que parec\u00eda el camino libertario hacia la salvaci\u00f3n empieza a mostrar grietas profundas, al comp\u00e1s de un humor social que deja de ser mero dato estad\u00edstico para convertirse en una bomba de tiempo pol\u00edtica.<\/p>\n\n\n\n<figure class=\"wp-block-image\"><img decoding=\"async\" src=\"https:\/\/www.cronista.com\/files\/image\/1206\/1206800\/6876da3fc0adb_728_403!.webp?s=cec348ff23b1f30c67c141e9da838ee7&amp;d=1752619585&amp;oe=png\" alt=\"\"\/><\/figure>\n\n\n\n<p>Porque, guste o no, la econom\u00eda no es un excel ni una cadena de tuits. Es la angustia de no llegar a fin de mes, la bronca de tener que resignar salidas con amigos, la impotencia de ver c\u00f3mo cada mes cuesta un poco m\u00e1s llenar el changuito. Eso es lo que empieza a horadar el apoyo a Milei. La motosierra puede cortar muchas cosas, pero dif\u00edcilmente pueda serruchar el malestar social que, hoy por hoy, amenaza con convertirse en el verdadero gran adversario del Gobierno en las urnas.<\/p>\n\n\n\n<p>Fuente:<\/p>\n\n\n\n<ul class=\"wp-block-list\">\n<li><a href=\"https:\/\/www.cronista.com\/economia-politica\/encuesta-el-resultado-que-inquieta-al-gobierno-y-agita-la-escena-electoral\/\">https:\/\/www.cronista.com\/economia-politica\/encuesta-el-resultado-que-inquieta-al-gobierno-y-agita-la-escena-electoral\/<\/a><\/li>\n<\/ul>\n","protected":false},"excerpt":{"rendered":"<p>La \u00faltima encuesta D\u2019Alessio IROL\/Berensztein revela que la bronca econ\u00f3mica se cuela incluso en el voto libertario. Aunque Milei celebra su lucha contra la inflaci\u00f3n, el poder adquisitivo se desploma y el descontento social amenaza su estrategia electoral. La econom\u00eda real est\u00e1 dinamitando el relato libertario.<\/p>\n","protected":false},"author":2,"featured_media":6341,"comment_status":"open","ping_status":"open","sticky":false,"template":"","format":"standard","meta":{"_monsterinsights_skip_tracking":false,"_monsterinsights_sitenote_active":false,"_monsterinsights_sitenote_note":"","_monsterinsights_sitenote_category":0,"footnotes":"","jetpack_publicize_message":"","jetpack_publicize_feature_enabled":true,"jetpack_social_post_already_shared":true,"jetpack_social_options":{"image_generator_settings":{"template":"highway","default_image_id":0,"font":"","enabled":false},"version":2}},"categories":[3],"tags":[43,15,190,843,27,227,45,72,263],"class_list":["post-6340","post","type-post","status-publish","format-standard","has-post-thumbnail","hentry","category-economia","tag-crisis","tag-economia","tag-elecciones","tag-encuesta","tag-gobierno","tag-inflacion","tag-milei","tag-politica","tag-salarios"],"jetpack_publicize_connections":[],"_links":{"self":[{"href":"https:\/\/www.enorsai.com\/noticias\/wp-json\/wp\/v2\/posts\/6340","targetHints":{"allow":["GET"]}}],"collection":[{"href":"https:\/\/www.enorsai.com\/noticias\/wp-json\/wp\/v2\/posts"}],"about":[{"href":"https:\/\/www.enorsai.com\/noticias\/wp-json\/wp\/v2\/types\/post"}],"author":[{"embeddable":true,"href":"https:\/\/www.enorsai.com\/noticias\/wp-json\/wp\/v2\/users\/2"}],"replies":[{"embeddable":true,"href":"https:\/\/www.enorsai.com\/noticias\/wp-json\/wp\/v2\/comments?post=6340"}],"version-history":[{"count":3,"href":"https:\/\/www.enorsai.com\/noticias\/wp-json\/wp\/v2\/posts\/6340\/revisions"}],"predecessor-version":[{"id":6348,"href":"https:\/\/www.enorsai.com\/noticias\/wp-json\/wp\/v2\/posts\/6340\/revisions\/6348"}],"wp:featuredmedia":[{"embeddable":true,"href":"https:\/\/www.enorsai.com\/noticias\/wp-json\/wp\/v2\/media\/6341"}],"wp:attachment":[{"href":"https:\/\/www.enorsai.com\/noticias\/wp-json\/wp\/v2\/media?parent=6340"}],"wp:term":[{"taxonomy":"category","embeddable":true,"href":"https:\/\/www.enorsai.com\/noticias\/wp-json\/wp\/v2\/categories?post=6340"},{"taxonomy":"post_tag","embeddable":true,"href":"https:\/\/www.enorsai.com\/noticias\/wp-json\/wp\/v2\/tags?post=6340"}],"curies":[{"name":"wp","href":"https:\/\/api.w.org\/{rel}","templated":true}]}}