{"id":6334,"date":"2025-07-16T05:57:31","date_gmt":"2025-07-16T08:57:31","guid":{"rendered":"https:\/\/www.enorsai.com\/noticias\/?p=6334"},"modified":"2025-07-16T05:57:31","modified_gmt":"2025-07-16T08:57:31","slug":"bullrich-milei-y-el-ejercito-invisible-el-plan-para-formar-infiltrados-y-espiar-la-protesta-social","status":"publish","type":"post","link":"https:\/\/www.enorsai.com\/noticias\/politica\/bullrich-milei-y-el-ejercito-invisible-el-plan-para-formar-infiltrados-y-espiar-la-protesta-social\/","title":{"rendered":"Bullrich, Milei y el ej\u00e9rcito invisible: El plan para formar infiltrados y espiar la protesta social"},"content":{"rendered":"\n<p>Patricia Bullrich avanza en la creaci\u00f3n de una red de agentes encubiertos mientras el gobierno de Javier Milei institucionaliza la formaci\u00f3n acad\u00e9mica de infiltrados. Una trama que revive fantasmas, despierta temores y plantea serios interrogantes sobre democracia y libertades en la Argentina actual. Entre decretos, resoluciones y la audacia pol\u00edtica de Patricia Bullrich, el gobierno libertario impulsa un aparato de espionaje interno que promete \u201cprofesionalismo\u201d pero amenaza con recortar derechos, perseguir disidencias y sembrar un clima asfixiante. \u00bfHasta d\u00f3nde llega el verdadero plan detr\u00e1s de esta maquinaria secreta?<\/p>\n\n\n\n<p>Patricia Bullrich, ministra que nunca se resigna al bajo perfil, vuelve a moverse con su impronta de halc\u00f3n y cierta fascinaci\u00f3n por los m\u00e9todos duros. Esta vez, su obsesi\u00f3n lleva nombre y apellido: la creaci\u00f3n de un ej\u00e9rcito de agentes encubiertos dispuesto a mezclarse entre manifestantes, organizaciones sociales, sindicales o cualquier espacio donde detecten \u201cpeligros a la seguridad\u201d. Mientras tanto, el gobierno de Javier Milei le da sustento institucional a esta deriva, aprobando la formaci\u00f3n de un Consejo Acad\u00e9mico orientado a profesionalizar las t\u00e9cnicas de infiltraci\u00f3n. Es un engranaje que suena a vieja pel\u00edcula de espionaje, pero con actores bien de carne y hueso que pisan las calles argentinas de 2025.<\/p>\n\n\n\n<p>Bullrich no se anda con vueltas. Ya blanque\u00f3 p\u00fablicamente su plan: \u201cNecesitamos que no se sepa qui\u00e9n es qui\u00e9n\u201d, dijo, casi con un dejo de orgullo, mientras anunciaba cursos espec\u00edficos en la Escuela de Inteligencia Criminal de Gendarmer\u00eda Nacional, un espacio que hasta ahora solo entrenaba a personal estrictamente policial. Lo nuevo es que, bajo la administraci\u00f3n libertaria, este esquema se ampl\u00eda y se reviste de un halo acad\u00e9mico, casi como si se tratara de una carrera universitaria. Un Consejo integrado por especialistas ser\u00e1 el responsable de dise\u00f1ar programas educativos para ense\u00f1ar a los futuros infiltrados no solo a pasar desapercibidos, sino a construir identidades falsas, generar v\u00ednculos y recolectar datos sin dejar huellas.<\/p>\n\n\n\n<p>Por si hiciera falta confirmaci\u00f3n de lo que se cocina en las sombras, el Bolet\u00edn Oficial public\u00f3 la resoluci\u00f3n 391\/2024 que detalla la creaci\u00f3n de este Consejo Acad\u00e9mico bajo la \u00f3rbita del Ministerio de Seguridad. All\u00ed se estipula que la funci\u00f3n central ser\u00e1 \u201cel asesoramiento en contenidos curriculares y formaci\u00f3n t\u00e9cnica\u201d para \u201cla formaci\u00f3n y capacitaci\u00f3n de recursos humanos en t\u00e9cnicas de operaciones encubiertas e inteligencia criminal\u201d. Es decir, el Estado argentino invierte tiempo, dinero y estructura burocr\u00e1tica en perfeccionar esp\u00edas para tareas internas. As\u00ed, lo que bajo gobiernos democr\u00e1ticos se entend\u00eda como herramienta excepcional, bajo Milei amenaza con institucionalizarse como una pol\u00edtica permanente.<\/p>\n\n\n\n<p>El discurso de Bullrich gira en torno a la lucha contra el narcotr\u00e1fico y el crimen organizado, argumentos que suenan razonables a primera vista. Sin embargo, la historia argentina est\u00e1 repleta de ejemplos donde la excusa de \u201cdefender la seguridad\u201d termin\u00f3 derivando en persecuciones pol\u00edticas y espionaje sobre opositores, periodistas, sindicalistas y movimientos sociales. Bullrich asegura que \u201clos infiltrados estar\u00e1n sometidos a control judicial\u201d, pero la letra chica de las resoluciones habla de \u201creservas\u201d y \u201cconfidencialidad\u201d, t\u00e9rminos que, en la pr\u00e1ctica, pueden cubrir cualquier maniobra bajo el manto del secreto.<\/p>\n\n\n\n<p>La ministra no oculta su entusiasmo: revel\u00f3 que sus agentes encubiertos deber\u00e1n entrenar en habilidades sociales, en psicolog\u00eda de grupos, en manejo de redes sociales y hasta en t\u00e9cnicas de infiltraci\u00f3n digital. \u201cTienen que estar en el lugar donde se genera el delito\u201d, repite Bullrich, y deja flotando la idea de que todo espacio de disidencia o protesta podr\u00eda, eventualmente, ser considerado un foco de crimen. Porque la frontera entre delito y protesta, en su ret\u00f3rica, aparece cada vez m\u00e1s difusa.<\/p>\n\n\n\n<p>En paralelo, el gobierno de Javier Milei se muestra decidido a convertir en norma lo que antes se hac\u00eda en las sombras. Con el nuevo Consejo Acad\u00e9mico, pretenden dotar de \u201cmayor profesionalismo y eficiencia\u201d a las operaciones encubiertas. Detr\u00e1s de ese lenguaje tecnocr\u00e1tico se esconde un debate m\u00e1s profundo: \u00bfqui\u00e9n define cu\u00e1les son las amenazas que justifican infiltrar un grupo social? \u00bfQui\u00e9n controla los l\u00edmites \u00e9ticos y legales de esos agentes? En una Argentina que atraviesa fuertes tensiones sociales por los brutales ajustes econ\u00f3micos y las protestas crecientes contra el Gobierno, la preocupaci\u00f3n no es menor. Porque la tentaci\u00f3n de espiar opositores o movimientos sociales no es un riesgo abstracto: tiene nombres, v\u00edctimas y antecedentes dolorosos.<\/p>\n\n\n\n<p>Bullrich, que ya fue ministra durante el macrismo, profundiza ahora un proyecto que ven\u00eda acariciando desde entonces. En su momento, cre\u00f3 el Registro de Agentes Reveladores y de Agentes Encubiertos, pero ahora lo impulsa con m\u00e1s recursos y con la bendici\u00f3n pol\u00edtica de Milei. El mensaje oficial es que se busca \u201ccombatir el narcotr\u00e1fico y las mafias\u201d. Pero en voz baja, fuentes de seguridad reconocen que tambi\u00e9n se espera utilizar estos cuadros para \u201cprevenir desbordes\u201d en protestas sociales, cortes de ruta o tomas de universidades. No es casualidad: mientras se masifican las movilizaciones en defensa de la universidad p\u00fablica, Bullrich declara que \u201cno se puede tolerar el caos ni la toma de espacios p\u00fablicos\u201d. Todo cuadra peligrosamente.<\/p>\n\n\n\n<p>La jugada no es menor. Al institucionalizar un aparato de esp\u00edas dom\u00e9sticos, el Gobierno est\u00e1 corriendo la l\u00ednea roja de lo permitido en democracia. Desde organismos de derechos humanos hasta sectores judiciales ya se alzan voces de alerta. Nadie discute que hay delitos complejos que requieren inteligencia encubierta. Pero el riesgo es gigantesco cuando el poder pol\u00edtico se obsesiona con el control social y empieza a mirar con recelo cualquier forma de protesta.<\/p>\n\n\n\n<p>Bullrich se muestra convencida de que la seguridad es la prioridad absoluta. Milei, por su parte, ve en este esquema un modo de blindarse ante la creciente conflictividad social que sus propias pol\u00edticas est\u00e1n generando. As\u00ed, la Argentina se asoma a un nuevo cap\u00edtulo donde el Estado se equipa para espiar a su propia sociedad, mientras las libertades civiles se ven asediadas bajo la bandera de la seguridad. Los infiltrados ya est\u00e1n alist\u00e1ndose y, lo inquietante, es que podr\u00edan estar entre nosotros, sin que lo sepamos.<\/p>\n\n\n\n<p>Tal vez la pregunta m\u00e1s escalofriante sea la m\u00e1s simple: \u00bfqui\u00e9n nos vigila mientras ellos nos vigilan?<\/p>\n\n\n\n<p>Fuente:<\/p>\n\n\n\n<ul class=\"wp-block-list\">\n<li><a class=\"\" href=\"https:\/\/www.pagina12.com.ar\/842295-patricia-bullrich-alista-su-ejercito-de-infiltrados\">https:\/\/www.pagina12.com.ar\/842295-patricia-bullrich-alista-su-ejercito-de-infiltrados<\/a><\/li>\n\n\n\n<li><a class=\"\" href=\"https:\/\/www.perfil.com\/noticias\/politica\/el-gobierno-de-milei-creo-un-consejo-para-capacitar-agentes-encubiertos-cuales-seran-sus-funciones.phtml\">https:\/\/www.perfil.com\/noticias\/politica\/el-gobierno-de-milei-creo-un-consejo-para-capacitar-agentes-encubiertos-cuales-seran-sus-funciones.phtml<\/a><\/li>\n\n\n\n<li><a class=\"\" href=\"https:\/\/www.ambito.com\/politica\/el-gobierno-javier-milei-creo-un-consejo-academico-la-formacion-agentes-encubiertos-n6167186\">https:\/\/www.ambito.com\/politica\/el-gobierno-javier-milei-creo-un-consejo-academico-la-formacion-agentes-encubiertos-n6167186<\/a><\/li>\n<\/ul>\n","protected":false},"excerpt":{"rendered":"<p>Bullrich impulsa un ej\u00e9rcito de infiltrados mientras el gobierno de Javier Milei institucionaliza la formaci\u00f3n acad\u00e9mica de esp\u00edas internos. Con el pretexto de combatir el delito, se avanza en un aparato de control social que amenaza libertades civiles y revive fantasmas del pasado. La democracia argentina enfrenta un riesgo inquietante.<\/p>\n","protected":false},"author":1,"featured_media":6335,"comment_status":"open","ping_status":"open","sticky":false,"template":"","format":"standard","meta":{"_monsterinsights_skip_tracking":false,"_monsterinsights_sitenote_active":false,"_monsterinsights_sitenote_note":"","_monsterinsights_sitenote_category":0,"footnotes":"","jetpack_publicize_message":"","jetpack_publicize_feature_enabled":true,"jetpack_social_post_already_shared":true,"jetpack_social_options":{"image_generator_settings":{"template":"highway","default_image_id":0,"font":"","enabled":false},"version":2}},"categories":[2],"tags":[262,69,1383,27,2019,1471,45,371,86],"class_list":["post-6334","post","type-post","status-publish","format-standard","has-post-thumbnail","hentry","category-politica","tag-bullrich","tag-derechos","tag-espionaje","tag-gobierno","tag-infiltrados","tag-inteligencia","tag-milei","tag-protesta","tag-seguridad"],"jetpack_publicize_connections":[],"_links":{"self":[{"href":"https:\/\/www.enorsai.com\/noticias\/wp-json\/wp\/v2\/posts\/6334","targetHints":{"allow":["GET"]}}],"collection":[{"href":"https:\/\/www.enorsai.com\/noticias\/wp-json\/wp\/v2\/posts"}],"about":[{"href":"https:\/\/www.enorsai.com\/noticias\/wp-json\/wp\/v2\/types\/post"}],"author":[{"embeddable":true,"href":"https:\/\/www.enorsai.com\/noticias\/wp-json\/wp\/v2\/users\/1"}],"replies":[{"embeddable":true,"href":"https:\/\/www.enorsai.com\/noticias\/wp-json\/wp\/v2\/comments?post=6334"}],"version-history":[{"count":1,"href":"https:\/\/www.enorsai.com\/noticias\/wp-json\/wp\/v2\/posts\/6334\/revisions"}],"predecessor-version":[{"id":6336,"href":"https:\/\/www.enorsai.com\/noticias\/wp-json\/wp\/v2\/posts\/6334\/revisions\/6336"}],"wp:featuredmedia":[{"embeddable":true,"href":"https:\/\/www.enorsai.com\/noticias\/wp-json\/wp\/v2\/media\/6335"}],"wp:attachment":[{"href":"https:\/\/www.enorsai.com\/noticias\/wp-json\/wp\/v2\/media?parent=6334"}],"wp:term":[{"taxonomy":"category","embeddable":true,"href":"https:\/\/www.enorsai.com\/noticias\/wp-json\/wp\/v2\/categories?post=6334"},{"taxonomy":"post_tag","embeddable":true,"href":"https:\/\/www.enorsai.com\/noticias\/wp-json\/wp\/v2\/tags?post=6334"}],"curies":[{"name":"wp","href":"https:\/\/api.w.org\/{rel}","templated":true}]}}