{"id":6330,"date":"2025-07-15T17:16:24","date_gmt":"2025-07-15T20:16:24","guid":{"rendered":"http:\/\/www.enorsai.com\/noticias\/?p=6330"},"modified":"2025-07-15T17:16:24","modified_gmt":"2025-07-15T20:16:24","slug":"milei-ratifico-ante-la-mesa-de-enlace-que-no-habra-quita-de-retenciones-al-agro-y-crece-la-bronca-en-el-campo","status":"publish","type":"post","link":"https:\/\/www.enorsai.com\/noticias\/economia\/milei-ratifico-ante-la-mesa-de-enlace-que-no-habra-quita-de-retenciones-al-agro-y-crece-la-bronca-en-el-campo\/","title":{"rendered":"Milei ratific\u00f3 ante la Mesa de Enlace que no habr\u00e1 quita de retenciones al agro y crece la bronca en el campo"},"content":{"rendered":"\n<p>En plena Exposici\u00f3n Rural de Palermo, Javier Milei enfrent\u00f3 al campo con la misma crudeza con la que maneja la econom\u00eda: no habr\u00e1 baja de retenciones por ahora. Mientras las entidades agropecuarias valoran el gesto de di\u00e1logo, el malestar crece y asoma el riesgo de un divorcio pol\u00edtico y econ\u00f3mico entre el Gobierno y un sector clave para la generaci\u00f3n de divisas.<\/p>\n\n\n\n<p>No hubo rodeos ni frases ambiguas. Javier Milei, fiel a su estilo brutalmente sincero, le dijo a la Mesa de Enlace que no hay plata para bajar retenciones. Y ah\u00ed, sobre el polvo de la pista central de la Exposici\u00f3n Rural de Palermo, se termin\u00f3 de sellar una verdad inc\u00f3moda: el campo, que tanto ayud\u00f3 a sostener la econom\u00eda argentina con d\u00f3lares frescos y super\u00e1vits comerciales, vuelve a quedar atrapado en la encrucijada fiscal de un Gobierno que se jacta de su motosierra pero que no logra encontrar la llave para destrabar uno de los impuestos m\u00e1s distorsivos y odiados por el agro.<\/p>\n\n\n\n<p>Marcos Pereda, vicepresidente de la Sociedad Rural Argentina, lo blanque\u00f3 sin vueltas tras la reuni\u00f3n: \u201cMilei nos dijo que no hay espacio para bajar nada\u201d. Su frase retumba con la sequedad de quien sabe que el sue\u00f1o libertario de barrer impuestos choca de frente con un Excel que no cierra. Porque el ajuste no es solo contra el Estado bobo que Milei tanto denuesta; tambi\u00e9n es un boomerang que est\u00e1 dejando a productores, sobre todo a los chicos y medianos, peleando por sobrevivir con cuentas en rojo, insumos car\u00edsimos y un mercado interno casi paralizado.<\/p>\n\n\n\n<p>Es cierto: el presidente hizo algo que muchos otros mandatarios no hab\u00edan hecho. Se sent\u00f3 cara a cara con la Mesa de Enlace en la antesala de la Muestra Rural, un gesto pol\u00edtico que Lucas Magnano, de CONINAGRO, destac\u00f3 como positivo. Pero hasta ah\u00ed llega el m\u00e9rito. El di\u00e1logo, sin decisiones concretas, corre el riesgo de convertirse en un saludo protocolar para la foto. Y el campo lo sabe. Saben que si no hay se\u00f1ales claras, las bases se van a calentar y la presi\u00f3n por medidas m\u00e1s dr\u00e1sticas \u2014tractorazos, protestas, paros\u2014 puede volver a escena.<\/p>\n\n\n\n<p>La paradoja es feroz: Milei, el presidente que lleg\u00f3 a la Rosada prometiendo liberar al mercado de las cadenas estatales, termina confesando que no hay recursos para liberar al campo del yugo impositivo. Y las patronales agropecuarias no est\u00e1n dispuestas a tragarse la pastilla sin protestar. \u201cVamos a seguir insistiendo porque la producci\u00f3n que podemos darle al pa\u00eds es la que necesita para salir adelante\u201d, advirti\u00f3 Pereda. Una frase que suena a advertencia m\u00e1s que a simple declaraci\u00f3n de principios.<\/p>\n\n\n\n<p>Mientras tanto, en el aire flota otra preocupaci\u00f3n. Jos\u00e9 Luis Volando, vicepresidente de Federaci\u00f3n Agraria Argentina, lo expres\u00f3 con claridad: el drama del campo no se limita a las retenciones. Hay un entramado de problemas estructurales que se siguen acumulando como capas de sedimento en el fondo de un r\u00edo cada vez m\u00e1s dif\u00edcil de navegar. El cr\u00e9dito escasea, la agricultura familiar se asfixia, y los costos productivos no paran de escalar mientras los ingresos se lic\u00faan. \u201cHay que reconocer que el presidente no es de reunirse con las organizaciones, as\u00ed sea la Uni\u00f3n Industrial, la CGT o lo que fuera, por lo cual tenemos que aprovechar esta posibilidad\u201d, admiti\u00f3 Volando, casi con resignaci\u00f3n, como si supiera que ese mano a mano con Milei pod\u00eda ser la \u00fanica ventanita para contarle en primera persona lo que est\u00e1 pasando tierra adentro, lejos de los brillos de la City porte\u00f1a.<\/p>\n\n\n\n<p>Es ah\u00ed donde late el verdadero drama: Milei, un presidente que se mueve como pez en el agua entre tecnicismos econ\u00f3micos y auditor\u00edas fiscales, parece a\u00fan ajeno a la realidad cruda que atraviesan las rutas argentinas. Volando lo dijo sin eufemismos: el interior profundo vive un drama que no siempre llega a la Casa Rosada, porque \u201ccuando va al interior va a lugares muy focalizados\u201d. Dicho en criollo, el presidente camina por zonas \u201cvips\u201d, pero no se mancha las botas en los campos anegados ni charla con el peque\u00f1o productor que se endeud\u00f3 para comprar gasoil.<\/p>\n\n\n\n<p>La fotograf\u00eda que dej\u00f3 la reuni\u00f3n en Palermo es la de un Gobierno encerrado en un cors\u00e9 fiscal que no logra destrabar ni con toda la fe libertaria. Milei necesita los d\u00f3lares del campo, pero no puede soltar las retenciones porque el agujero fiscal es monumental. El campo, por su parte, necesita se\u00f1ales concretas, porque la paciencia tiene un l\u00edmite y la bronca se cocina a fuego lento, pero constante.<\/p>\n\n\n\n<p>Lucas Magnano cont\u00f3 que se habl\u00f3, incluso, de las \u00faltimas medidas que afectaron al INTI y al INTA, dos organismos clave para la investigaci\u00f3n y el desarrollo tecnol\u00f3gico en el agro. Otra l\u00ednea roja que empieza a preocupar a los dirigentes: porque sin innovaci\u00f3n, sin gen\u00e9tica de punta, sin transferencia tecnol\u00f3gica, la competitividad del campo argentino se licua frente a Brasil, Paraguay o Uruguay, que vienen empujando con pol\u00edticas m\u00e1s previsibles y menos manotazos fiscales.<\/p>\n\n\n\n<p>La promesa de que las reuniones ser\u00e1n \u201cm\u00e1s continuas\u201d, como celebr\u00f3 Carlos Castagnani de CRA, suena bien. Pero el campo aprendi\u00f3 a desconfiar. Demasiados gobiernos prometieron di\u00e1logo mientras las retenciones segu\u00edan drenando el esfuerzo de miles de productores. Y la sensaci\u00f3n en Palermo fue, otra vez, la de una verdad inc\u00f3moda: el Gobierno de Milei se choca con sus propias limitaciones econ\u00f3micas, y lo que para el presidente es una ecuaci\u00f3n fiscal, para el campo es un grillete que estrangula las posibilidades de crecer y generar riqueza.<\/p>\n\n\n\n<p>\u201cEst\u00e1 todo bastante parado\u201d, resumi\u00f3 Volando en Splendid AM 990. Una frase que es m\u00e1s que un diagn\u00f3stico econ\u00f3mico: es un lamento, casi un susurro de desesperanza, de un sector que siente que siempre termina poniendo el hombro, pero nunca recibe el alivio que le prometen. Porque, aunque parezca mentira, la motosierra libertaria tambi\u00e9n corta del lado del agro. Y en la pista de Palermo, entre aplausos y relinchos, se termin\u00f3 de confirmar que, por ahora, las retenciones siguen vivitas y coleando.<\/p>\n\n\n\n<p>Fuente:<\/p>\n\n\n\n<ul class=\"wp-block-list\">\n<li><a href=\"https:\/\/www.tiempoar.com.ar\/ta_article\/milei-se-reune-con-el-campo-la-dura-lista-de-reclamos-que-preparan-los-productores\/\">https:\/\/www.tiempoar.com.ar\/ta_article\/milei-se-reune-con-el-campo-la-dura-lista-de-reclamos-que-preparan-los-productores\/<\/a><\/li>\n<\/ul>\n","protected":false},"excerpt":{"rendered":"<p>Javier Milei confirm\u00f3 al campo que no habr\u00e1 baja de retenciones por falta de recursos, pese al malestar del sector. Aunque destac\u00f3 el di\u00e1logo con la Mesa de Enlace, persisten reclamos por cr\u00e9ditos, innovaci\u00f3n y alivio fiscal. El agro advierte: sin respuestas, la paciencia podr\u00eda agotarse.<\/p>\n","protected":false},"author":9,"featured_media":6331,"comment_status":"open","ping_status":"open","sticky":false,"template":"","format":"standard","meta":{"_monsterinsights_skip_tracking":false,"_monsterinsights_sitenote_active":false,"_monsterinsights_sitenote_note":"","_monsterinsights_sitenote_category":0,"footnotes":"","jetpack_publicize_message":"","jetpack_publicize_feature_enabled":true,"jetpack_social_post_already_shared":true,"jetpack_social_options":{"image_generator_settings":{"template":"highway","default_image_id":0,"font":"","enabled":false},"version":2}},"categories":[3],"tags":[25,54,15,13,227,45,2018,72,273,11],"class_list":["post-6330","post","type-post","status-publish","format-standard","has-post-thumbnail","hentry","category-economia","tag-agro","tag-campo","tag-economia","tag-exportaciones","tag-inflacion","tag-milei","tag-palermo","tag-politica","tag-productores","tag-retenciones"],"jetpack_publicize_connections":[],"_links":{"self":[{"href":"https:\/\/www.enorsai.com\/noticias\/wp-json\/wp\/v2\/posts\/6330","targetHints":{"allow":["GET"]}}],"collection":[{"href":"https:\/\/www.enorsai.com\/noticias\/wp-json\/wp\/v2\/posts"}],"about":[{"href":"https:\/\/www.enorsai.com\/noticias\/wp-json\/wp\/v2\/types\/post"}],"author":[{"embeddable":true,"href":"https:\/\/www.enorsai.com\/noticias\/wp-json\/wp\/v2\/users\/9"}],"replies":[{"embeddable":true,"href":"https:\/\/www.enorsai.com\/noticias\/wp-json\/wp\/v2\/comments?post=6330"}],"version-history":[{"count":1,"href":"https:\/\/www.enorsai.com\/noticias\/wp-json\/wp\/v2\/posts\/6330\/revisions"}],"predecessor-version":[{"id":6332,"href":"https:\/\/www.enorsai.com\/noticias\/wp-json\/wp\/v2\/posts\/6330\/revisions\/6332"}],"wp:featuredmedia":[{"embeddable":true,"href":"https:\/\/www.enorsai.com\/noticias\/wp-json\/wp\/v2\/media\/6331"}],"wp:attachment":[{"href":"https:\/\/www.enorsai.com\/noticias\/wp-json\/wp\/v2\/media?parent=6330"}],"wp:term":[{"taxonomy":"category","embeddable":true,"href":"https:\/\/www.enorsai.com\/noticias\/wp-json\/wp\/v2\/categories?post=6330"},{"taxonomy":"post_tag","embeddable":true,"href":"https:\/\/www.enorsai.com\/noticias\/wp-json\/wp\/v2\/tags?post=6330"}],"curies":[{"name":"wp","href":"https:\/\/api.w.org\/{rel}","templated":true}]}}