{"id":6312,"date":"2025-07-15T10:19:05","date_gmt":"2025-07-15T13:19:05","guid":{"rendered":"https:\/\/www.enorsai.com\/noticias\/?p=6312"},"modified":"2025-07-24T07:56:50","modified_gmt":"2025-07-24T10:56:50","slug":"preferimos-incomodar-desde-la-estetica-y-no-desde-la-lastima","status":"publish","type":"post","link":"https:\/\/www.enorsai.com\/noticias\/sociedad\/preferimos-incomodar-desde-la-estetica-y-no-desde-la-lastima\/","title":{"rendered":"\u201cPreferimos incomodar desde la est\u00e9tica y no desde la l\u00e1stima\u201d"},"content":{"rendered":"\n<p><strong>Entrevista a Mar\u00eda Magdalena Ventura, fundadora de \u201cSomos Diversity\u201d<\/strong><\/p>\n\n\n\n<figure class=\"wp-block-image size-large\"><img loading=\"lazy\" decoding=\"async\" width=\"827\" height=\"1024\" src=\"https:\/\/www.enorsai.com\/noticias\/wp-content\/uploads\/2025\/07\/1000841560-827x1024.jpg\" alt=\"\" class=\"wp-image-6319\" srcset=\"https:\/\/www.enorsai.com\/noticias\/wp-content\/uploads\/2025\/07\/1000841560-827x1024.jpg 827w, https:\/\/www.enorsai.com\/noticias\/wp-content\/uploads\/2025\/07\/1000841560-242x300.jpg 242w, https:\/\/www.enorsai.com\/noticias\/wp-content\/uploads\/2025\/07\/1000841560-768x951.jpg 768w, https:\/\/www.enorsai.com\/noticias\/wp-content\/uploads\/2025\/07\/1000841560.jpg 1034w\" sizes=\"auto, (max-width: 827px) 100vw, 827px\" \/><\/figure>\n\n\n\n<p>En un mundo en el que la moda suele estar atravesada por la exclusi\u00f3n y la estandarizaci\u00f3n, \u201cSomos Diversity\u201d propone un giro radical: visibilizar y empoderar a personas neuro divergentes y con discapacidad, a trav\u00e9s de la representaci\u00f3n en pasarelas y campa\u00f1as. Megui Ventura, su fundadora y directora, dialoga sobre c\u00f3mo la moda puede ser un veh\u00edculo transformador para repensar la identidad, la cultura y la aceptaci\u00f3n social.<\/p>\n\n\n\n<figure class=\"wp-block-image size-large\"><img loading=\"lazy\" decoding=\"async\" width=\"1024\" height=\"683\" src=\"https:\/\/www.enorsai.com\/noticias\/wp-content\/uploads\/2025\/07\/1000841579-1024x683.jpg\" alt=\"\" class=\"wp-image-6320\" srcset=\"https:\/\/www.enorsai.com\/noticias\/wp-content\/uploads\/2025\/07\/1000841579-1024x683.jpg 1024w, https:\/\/www.enorsai.com\/noticias\/wp-content\/uploads\/2025\/07\/1000841579-300x200.jpg 300w, https:\/\/www.enorsai.com\/noticias\/wp-content\/uploads\/2025\/07\/1000841579-768x512.jpg 768w, https:\/\/www.enorsai.com\/noticias\/wp-content\/uploads\/2025\/07\/1000841579-1536x1024.jpg 1536w, https:\/\/www.enorsai.com\/noticias\/wp-content\/uploads\/2025\/07\/1000841579-2048x1365.jpg 2048w\" sizes=\"auto, (max-width: 1024px) 100vw, 1024px\" \/><\/figure>\n\n\n\n<p><strong>\u00bfC\u00f3mo surgi\u00f3 \u00abSomos Diversity\u00bb y qu\u00e9 te motiv\u00f3 a crear una agencia que trabaje con modelos neuro divergentes y personas con discapacidad?<\/strong><\/p>\n\n\n\n<p>Siempre me gustaron el arte y de la moda, lo que no sab\u00eda era que iba a terminar creando esto. La idea naci\u00f3 a partir de una paciente, Luj\u00e1n, que un d\u00eda me pregunt\u00f3 por qu\u00e9 no pod\u00eda ser modelo. Esa frase me qued\u00f3 resonando. Yo ya era psicomotricista y danzaterapeuta, y lanc\u00e9 un taller de moda y danza para ni\u00f1os, que no prosper\u00f3. Pero en la pandemia retom\u00e9 esa idea con fuerza, y as\u00ed naci\u00f3 la agencia.<\/p>\n\n\n\n<p><strong>\u00bfQu\u00e9 significa para vos que una persona neurodivergente o con discapacidad est\u00e9 en una pasarela, en una producci\u00f3n de moda o en una campa\u00f1a publicitaria?<\/strong><\/p>\n\n\n\n<p>Me llena de orgullo, aunque no me conforma. Hoy estoy en un modo m\u00e1s activista. La moda es comunicaci\u00f3n, y mostrar otras corporalidades es visibilizar que las personas con discapacidad existen. Para m\u00ed es algo cotidiano, pero para mucha gente a\u00fan no.<\/p>\n\n\n\n<p><strong>\u00bfC\u00f3mo se discute la belleza dentro de un \u00e1mbito que hist\u00f3ricamente ha impuesto est\u00e1ndares tan r\u00edgidos y qu\u00e9 desaf\u00edos enfrent\u00e1s para romper con esas l\u00f3gicas?<\/strong><\/p>\n\n\n\n<p>Muchos. En Argentina no existe una agenda real de inclusi\u00f3n en la moda. Las grandes marcas siguen sin considerar funcional y talentosa a una persona fuera de la hegemon\u00eda. Subestiman al consumidor, que hoy tiene una mirada m\u00e1s \u00e9tica y consciente. Falta educaci\u00f3n, sensibilizaci\u00f3n, un cambio cultural profundo.<\/p>\n\n\n\n<figure class=\"wp-block-image size-large\"><img loading=\"lazy\" decoding=\"async\" width=\"1024\" height=\"681\" src=\"https:\/\/www.enorsai.com\/noticias\/wp-content\/uploads\/2025\/07\/1000841578-1024x681.jpg\" alt=\"\" class=\"wp-image-6322\" srcset=\"https:\/\/www.enorsai.com\/noticias\/wp-content\/uploads\/2025\/07\/1000841578-1024x681.jpg 1024w, https:\/\/www.enorsai.com\/noticias\/wp-content\/uploads\/2025\/07\/1000841578-300x200.jpg 300w, https:\/\/www.enorsai.com\/noticias\/wp-content\/uploads\/2025\/07\/1000841578-768x511.jpg 768w, https:\/\/www.enorsai.com\/noticias\/wp-content\/uploads\/2025\/07\/1000841578-1536x1021.jpg 1536w, https:\/\/www.enorsai.com\/noticias\/wp-content\/uploads\/2025\/07\/1000841578.jpg 1600w\" sizes=\"auto, (max-width: 1024px) 100vw, 1024px\" \/><\/figure>\n\n\n\n<p><strong>\u00bfQu\u00e9 tipo de reacciones generan los trabajos de la agencia en el mundo de la moda y en el p\u00fablico en general?<\/strong><\/p>\n\n\n\n<p>Desde la sorpresa hasta la emoci\u00f3n. Recibimos mensajes de familias que se enteran de nuestra existencia y nos cuentan que por primera vez sienten que su hija o hijo podr\u00eda ser modelo. Eso nos da m\u00e1s impulso. Pero tambi\u00e9n es clave que el entorno acompa\u00f1e: dise\u00f1adores con buena intenci\u00f3n, eventos accesibles, medios que visibilicen.<\/p>\n\n\n\n<p><strong>Desde tu experiencia, \u00bfc\u00f3mo impacta en la vida cotidiana de les modelos el hecho de trabajar en moda desde esta perspectiva inclusiva?<\/strong><\/p>\n\n\n\n<p>Much\u00edsimo. El cambio en la autoestima, en la autonom\u00eda, es enorme. Hay quienes empiezan a salir m\u00e1s, a armar su propio estilo, a sentirse seguros. Trabajamos desde la exigencia y el profesionalismo, no desde la l\u00e1stima. Cada pasarela es un logro colectivo.<\/p>\n\n\n\n<p><strong>Las intersecciones entre g\u00e9nero, neurodiversidad y discapacidad, \u00bfgeneran nuevas narrativas dentro del mundo de la moda?<\/strong><\/p>\n\n\n\n<p>Totalmente. La diversidad no es solo corporal: es tambi\u00e9n de identidades, g\u00e9neros, trayectorias. Apostamos a que cada campa\u00f1a tenga una historia distinta. Lo valioso es poder elegir desde un abanico m\u00e1s amplio y no desde un \u00fanico molde.<\/p>\n\n\n\n<figure class=\"wp-block-image size-large\"><img loading=\"lazy\" decoding=\"async\" width=\"681\" height=\"1024\" src=\"https:\/\/www.enorsai.com\/noticias\/wp-content\/uploads\/2025\/07\/1000841577-681x1024.jpg\" alt=\"\" class=\"wp-image-6323\" srcset=\"https:\/\/www.enorsai.com\/noticias\/wp-content\/uploads\/2025\/07\/1000841577-681x1024.jpg 681w, https:\/\/www.enorsai.com\/noticias\/wp-content\/uploads\/2025\/07\/1000841577-200x300.jpg 200w, https:\/\/www.enorsai.com\/noticias\/wp-content\/uploads\/2025\/07\/1000841577-768x1155.jpg 768w, https:\/\/www.enorsai.com\/noticias\/wp-content\/uploads\/2025\/07\/1000841577-1021x1536.jpg 1021w, https:\/\/www.enorsai.com\/noticias\/wp-content\/uploads\/2025\/07\/1000841577.jpg 1064w\" sizes=\"auto, (max-width: 681px) 100vw, 681px\" \/><\/figure>\n\n\n\n<p><strong>\u00bfQu\u00e9 lugar ocupan hoy los medios de moda en la construcci\u00f3n de discursos sobre diversidad, qu\u00e9 falta y qu\u00e9 se ha conseguido?<\/strong><\/p>\n\n\n\n<p>Los grandes medios a\u00fan refuerzan el viejo paradigma del lujo ligado a la hegemon\u00eda. Pero hay peque\u00f1as marcas y medios alternativos que est\u00e1n cambiando su ADN. Todav\u00eda falta mucho en inclusi\u00f3n e integraci\u00f3n, pero hay se\u00f1ales de cambio, especialmente desde lo independiente.<\/p>\n\n\n\n<p><strong>\u00bfQu\u00e9 cambios estructurales son necesarios para que la industria pueda acompa\u00f1ar estos procesos?<\/strong><\/p>\n\n\n\n<p>Que haya capacitaci\u00f3n, gabinetes de inclusi\u00f3n, y dise\u00f1os universales. Que las marcas comprendan su responsabilidad social. En otros pa\u00edses es com\u00fan tener equipos internos que trabajen estos temas. En Argentina a\u00fan parece algo ut\u00f3pico, pero creemos que es posible.<\/p>\n\n\n\n<p><strong>Si pensaras en una pasarela ideal dentro de diez a\u00f1os&#8230; \u00bfQu\u00e9 te gustar\u00eda ver y c\u00f3mo imagin\u00e1s la moda del futuro desde la perspectiva de la inclusi\u00f3n?<\/strong><\/p>\n\n\n\n<p>M\u00e1s accesible, diversa y circular. Con castings donde personas con discapacidad est\u00e9n incluidas naturalmente. La inteligencia artificial ser\u00e1 un desaf\u00edo, porque a\u00fan tiene muchos sesgos. Pero si logramos visibilidad real, ser\u00e1 una herramienta a favor.<\/p>\n\n\n\n<p><strong>\u00bfLa moda puede ser una herramienta para incomodar positivamente a la sociedad? \u00bfDe qu\u00e9 manera lo hacen ustedes desde la agencia?<\/strong><\/p>\n\n\n\n<p>S\u00ed, claro. Preferimos incomodar, a que no pase nada. Lo hacemos desde la est\u00e9tica, no desde la l\u00e1stima. Plantamos un \u201clujo propio\u201d basado en igualdad de oportunidades. No pedimos ayuda, exigimos derechos. Queremos dejar de hablar de inclusi\u00f3n y pasar a convivir.<\/p>\n\n\n\n<p><\/p>\n","protected":false},"excerpt":{"rendered":"<p>Entrevista a Mar\u00eda Magdalena Ventura, fundadora de \u201cSomos Diversity\u201d En un mundo en el que la moda suele estar atravesada por la exclusi\u00f3n y la estandarizaci\u00f3n, \u201cSomos Diversity\u201d propone un giro radical: visibilizar y empoderar a personas neuro divergentes y con discapacidad, a trav\u00e9s de la representaci\u00f3n en pasarelas y campa\u00f1as. Megui Ventura, su fundadora&#8230;<\/p>\n","protected":false},"author":15,"featured_media":6703,"comment_status":"open","ping_status":"open","sticky":false,"template":"","format":"standard","meta":{"_monsterinsights_skip_tracking":false,"_monsterinsights_sitenote_active":false,"_monsterinsights_sitenote_note":"","_monsterinsights_sitenote_category":0,"footnotes":"","jetpack_publicize_message":"","jetpack_publicize_feature_enabled":true,"jetpack_social_post_already_shared":true,"jetpack_social_options":{"image_generator_settings":{"template":"highway","default_image_id":0,"font":"","enabled":false},"version":2}},"categories":[5,1908,4],"tags":[432,900,1068,2051,137,1490],"class_list":["post-6312","post","type-post","status-publish","format-standard","has-post-thumbnail","hentry","category-cultura","category-derechos-humanos","category-sociedad","tag-ddhh","tag-discapacidad","tag-moda","tag-neurodivergencias","tag-resistencia","tag-sociedad"],"jetpack_publicize_connections":[],"_links":{"self":[{"href":"https:\/\/www.enorsai.com\/noticias\/wp-json\/wp\/v2\/posts\/6312","targetHints":{"allow":["GET"]}}],"collection":[{"href":"https:\/\/www.enorsai.com\/noticias\/wp-json\/wp\/v2\/posts"}],"about":[{"href":"https:\/\/www.enorsai.com\/noticias\/wp-json\/wp\/v2\/types\/post"}],"author":[{"embeddable":true,"href":"https:\/\/www.enorsai.com\/noticias\/wp-json\/wp\/v2\/users\/15"}],"replies":[{"embeddable":true,"href":"https:\/\/www.enorsai.com\/noticias\/wp-json\/wp\/v2\/comments?post=6312"}],"version-history":[{"count":7,"href":"https:\/\/www.enorsai.com\/noticias\/wp-json\/wp\/v2\/posts\/6312\/revisions"}],"predecessor-version":[{"id":6704,"href":"https:\/\/www.enorsai.com\/noticias\/wp-json\/wp\/v2\/posts\/6312\/revisions\/6704"}],"wp:featuredmedia":[{"embeddable":true,"href":"https:\/\/www.enorsai.com\/noticias\/wp-json\/wp\/v2\/media\/6703"}],"wp:attachment":[{"href":"https:\/\/www.enorsai.com\/noticias\/wp-json\/wp\/v2\/media?parent=6312"}],"wp:term":[{"taxonomy":"category","embeddable":true,"href":"https:\/\/www.enorsai.com\/noticias\/wp-json\/wp\/v2\/categories?post=6312"},{"taxonomy":"post_tag","embeddable":true,"href":"https:\/\/www.enorsai.com\/noticias\/wp-json\/wp\/v2\/tags?post=6312"}],"curies":[{"name":"wp","href":"https:\/\/api.w.org\/{rel}","templated":true}]}}